
{"id":2518,"date":"2017-02-12T18:39:33","date_gmt":"2017-02-12T18:39:33","guid":{"rendered":"http:\/\/martaberrocal.org\/cat\/?p=2518"},"modified":"2017-03-03T16:19:40","modified_gmt":"2017-03-03T16:19:40","slug":"mentre-maduren-les-peres","status":"publish","type":"post","link":"https:\/\/martaberrocal.org\/cat\/mentre-maduren-les-peres\/","title":{"rendered":"Mentre maduren les peres&#8230;"},"content":{"rendered":"<p>&nbsp;<\/p>\n<p><strong>Mentre maduren les peres<\/strong> que vaig comprar dissabte, <strong>amb l&#8217;objectiu de fer una prova i esbrinar si els ve de gust als tallarols i a altres ocells que visiten el jard\u00ed<\/strong>, la mitja taronja segueix penjada a l&#8217;exterior.<\/p>\n<p><a href=\"https:\/\/martaberrocal.org\/cat\/wp-content\/uploads\/DSC06119-Copiar.jpg\"><img loading=\"lazy\" decoding=\"async\" class=\" wp-image-2493 alignright\" src=\"https:\/\/martaberrocal.org\/cat\/wp-content\/uploads\/DSC06119-Copiar-225x300.jpg\" alt=\"\" width=\"115\" height=\"153\" srcset=\"https:\/\/martaberrocal.org\/cat\/wp-content\/uploads\/DSC06119-Copiar-225x300.jpg 225w, https:\/\/martaberrocal.org\/cat\/wp-content\/uploads\/DSC06119-Copiar.jpg 450w\" sizes=\"auto, (max-width: 115px) 100vw, 115px\" \/><\/a>Porto dies pensant en si estar\u00e9 identificant b\u00e9 a la femella de tallarol capnegre. Amb el tallarol de casquet no tinc dubtes perqu\u00e8 la difer\u00e8ncia \u00e9s molt evident. El casquet del mascle \u00e9s totalment negre i en canvi el de la femella \u00e9s de color marr\u00f3. Tamb\u00e9 he observat difer\u00e8ncies en la forma. El mascle \u00e9s m\u00e9s estilitzat i la femella m\u00e9s rodoneta.<\/p>\n<p>Amb el tallarol capnegre la difer\u00e8ncia rau principalment en el color del dors. El mascle el t\u00e9 gris fosc i la femella de color marr\u00f3, per\u00f2 aquesta \u00e9s la descripci\u00f3 que apareix a la guia d&#8217;aus que faig servir per fer consultes i s\u00e9 per experi\u00e8ncia que una cosa s\u00f3n les descripcions escrites i altres recon\u00e8ixer els trets distintius de cada esp\u00e8cie al natural.<\/p>\n<p>Els dubtes m&#8217;han portat a consultar la guia repetides vegades, i encara que estic pr\u00e0cticament conven\u00e7uda que he identificat correctament a les femelles menjadores de poma m&#8217;havia dit a mi mateixa que el millor seria veure un mascle per poder constatar les difer\u00e8ncies.<\/p>\n<p>Agraeixo als ocells que freq\u00fcentin les menjadores quan estic a la cuina. A les 13:47 un moviment a l&#8217;exterior ha captat la meva atenci\u00f3 i m&#8217;ha donat temps d&#8217;estirar el bra\u00e7 i agafar la c\u00e0mera de fotos, que sol passar moltes hores a la cuina, en aquesta \u00e8poca de l&#8217;any.<\/p>\n<p>Un mascle de tallarol capnegre acabava de posar-se sobre el gessam\u00ed i s&#8217;ha dirigit<strong> directe a la taronja!<\/strong> He disparat la c\u00e0mera pensant que anava a aconseguir un doble objectiu: fotografiar un mascle i captar un visitant picotejant la taronja. Ha estat un moment de m\u00e0xima expectaci\u00f3, les seg\u00fcents imatges ho demostren:<\/p>\n<div id='gallery-1' class='gallery galleryid-2518 gallery-columns-2 gallery-size-medium'><figure class='gallery-item'>\n\t\t\t<div class='gallery-icon landscape'>\n\t\t\t\t<a href='https:\/\/martaberrocal.org\/cat\/wp-content\/uploads\/DSC06214-Copiar.jpg'><img loading=\"lazy\" decoding=\"async\" width=\"300\" height=\"225\" src=\"https:\/\/martaberrocal.org\/cat\/wp-content\/uploads\/DSC06214-Copiar-300x225.jpg\" class=\"attachment-medium size-medium\" alt=\"\" srcset=\"https:\/\/martaberrocal.org\/cat\/wp-content\/uploads\/DSC06214-Copiar-300x225.jpg 300w, https:\/\/martaberrocal.org\/cat\/wp-content\/uploads\/DSC06214-Copiar.jpg 600w\" sizes=\"auto, (max-width: 300px) 100vw, 300px\" \/><\/a>\n\t\t\t<\/div><\/figure><figure class='gallery-item'>\n\t\t\t<div class='gallery-icon landscape'>\n\t\t\t\t<a href='https:\/\/martaberrocal.org\/cat\/wp-content\/uploads\/DSC06213-Copiar.jpg'><img loading=\"lazy\" decoding=\"async\" width=\"300\" height=\"225\" src=\"https:\/\/martaberrocal.org\/cat\/wp-content\/uploads\/DSC06213-Copiar-300x225.jpg\" class=\"attachment-medium size-medium\" alt=\"\" srcset=\"https:\/\/martaberrocal.org\/cat\/wp-content\/uploads\/DSC06213-Copiar-300x225.jpg 300w, https:\/\/martaberrocal.org\/cat\/wp-content\/uploads\/DSC06213-Copiar.jpg 600w\" sizes=\"auto, (max-width: 300px) 100vw, 300px\" \/><\/a>\n\t\t\t<\/div><\/figure>\n\t\t<\/div>\n\n<p>No obstant aix\u00f2, la taronja ha estat el trampol\u00ed cap a un coco que tinc penjat i que feia ja una bona estona havia omplert amb una pasta de llard, llavors i altres <em>delicatessen<\/em>.<\/p>\n<p><a href=\"https:\/\/martaberrocal.org\/cat\/wp-content\/uploads\/DSC06216-Copiar.jpg\"><img loading=\"lazy\" decoding=\"async\" class=\"aligncenter size-medium wp-image-2516\" src=\"https:\/\/martaberrocal.org\/cat\/wp-content\/uploads\/DSC06216-Copiar-300x225.jpg\" alt=\"\" width=\"300\" height=\"225\" srcset=\"https:\/\/martaberrocal.org\/cat\/wp-content\/uploads\/DSC06216-Copiar-300x225.jpg 300w, https:\/\/martaberrocal.org\/cat\/wp-content\/uploads\/DSC06216-Copiar.jpg 600w\" sizes=\"auto, (max-width: 300px) 100vw, 300px\" \/><\/a>Encara que no he pogut captar l&#8217;escena amb la c\u00e0mera, instants despr\u00e9s, l\u2019he vist introduir el bec al coco i sortir tot seguit volant amb una miqueta de llard adherit a ell.<\/p>\n<p>Una estona m\u00e9s tard s&#8217;ha posat una femella sobre una de les pomes. He disparat la c\u00e0mera i l&#8217;he enxampat. Crec que a partir de les fotografies podr\u00e9 comparar i observar \u00a0b\u00e9 les difer\u00e8ncies de coloraci\u00f3, i quan les descarrego, comprovo amb satisfacci\u00f3 que efectivament tots aquests dies enrere, sobre les pomes, he estat observant exclusivament a femelles. Tal com descriu la guia, elles tenen el dors marr\u00f3 grisenc, i observo tamb\u00e9 que el seu casquet \u00e9s de color gris fosc en comptes de negre intens.<\/p>\n<p><a href=\"https:\/\/martaberrocal.org\/cat\/wp-content\/uploads\/DSC06219-Copiar.jpg\"><img loading=\"lazy\" decoding=\"async\" class=\"aligncenter size-medium wp-image-2517\" src=\"https:\/\/martaberrocal.org\/cat\/wp-content\/uploads\/DSC06219-Copiar-300x225.jpg\" alt=\"\" width=\"300\" height=\"225\" srcset=\"https:\/\/martaberrocal.org\/cat\/wp-content\/uploads\/DSC06219-Copiar-300x225.jpg 300w, https:\/\/martaberrocal.org\/cat\/wp-content\/uploads\/DSC06219-Copiar.jpg 600w\" sizes=\"auto, (max-width: 300px) 100vw, 300px\" \/><\/a><\/p>\n<p>&nbsp;<\/p>\n","protected":false},"excerpt":{"rendered":"<p>&nbsp; Mentre maduren les peres que vaig comprar dissabte, amb l&#8217;objectiu de fer una prova i esbrinar si els ve de gust als tallarols i a altres ocells que visiten el jard\u00ed, la mitja taronja segueix penjada a l&#8217;exterior. Porto dies pensant en si estar\u00e9 identificant b\u00e9 a la femella de tallarol capnegre. Amb el &hellip; <a href=\"https:\/\/martaberrocal.org\/cat\/mentre-maduren-les-peres\/\" class=\"more-link\">Continua la lectura de <span class=\"screen-reader-text\">Mentre maduren les peres&#8230;<\/span> <span class=\"meta-nav\">&rarr;<\/span><\/a><\/p>\n","protected":false},"author":1,"featured_media":0,"comment_status":"closed","ping_status":"closed","sticky":false,"template":"","format":"standard","meta":{"footnotes":""},"categories":[43],"tags":[53,57,44],"class_list":["post-2518","post","type-post","status-publish","format-standard","hentry","category-la-finestra-del-naturalista","tag-dimorfisme-sexual","tag-observacio","tag-ornitologia"],"_links":{"self":[{"href":"https:\/\/martaberrocal.org\/cat\/wp-json\/wp\/v2\/posts\/2518","targetHints":{"allow":["GET"]}}],"collection":[{"href":"https:\/\/martaberrocal.org\/cat\/wp-json\/wp\/v2\/posts"}],"about":[{"href":"https:\/\/martaberrocal.org\/cat\/wp-json\/wp\/v2\/types\/post"}],"author":[{"embeddable":true,"href":"https:\/\/martaberrocal.org\/cat\/wp-json\/wp\/v2\/users\/1"}],"replies":[{"embeddable":true,"href":"https:\/\/martaberrocal.org\/cat\/wp-json\/wp\/v2\/comments?post=2518"}],"version-history":[{"count":8,"href":"https:\/\/martaberrocal.org\/cat\/wp-json\/wp\/v2\/posts\/2518\/revisions"}],"predecessor-version":[{"id":2526,"href":"https:\/\/martaberrocal.org\/cat\/wp-json\/wp\/v2\/posts\/2518\/revisions\/2526"}],"wp:attachment":[{"href":"https:\/\/martaberrocal.org\/cat\/wp-json\/wp\/v2\/media?parent=2518"}],"wp:term":[{"taxonomy":"category","embeddable":true,"href":"https:\/\/martaberrocal.org\/cat\/wp-json\/wp\/v2\/categories?post=2518"},{"taxonomy":"post_tag","embeddable":true,"href":"https:\/\/martaberrocal.org\/cat\/wp-json\/wp\/v2\/tags?post=2518"}],"curies":[{"name":"wp","href":"https:\/\/api.w.org\/{rel}","templated":true}]}}