
{"id":2668,"date":"2017-02-27T17:30:56","date_gmt":"2017-02-27T17:30:56","guid":{"rendered":"http:\/\/martaberrocal.org\/cat\/?p=2668"},"modified":"2017-03-03T16:17:21","modified_gmt":"2017-03-03T16:17:21","slug":"el-vol-de-la-macroglossum-stellatarum","status":"publish","type":"post","link":"https:\/\/martaberrocal.org\/cat\/el-vol-de-la-macroglossum-stellatarum\/","title":{"rendered":"El vol de la Macroglossum stellatarum"},"content":{"rendered":"<p>&nbsp;<\/p>\n<p>He sortit al jard\u00ed amb la c\u00e0mera per fer una fotografia d\u2019un fruiter en flor que ja comen\u00e7a a perdre els p\u00e8tals rosats i m\u2019he trobat una papallona ben curiosa libant el n\u00e8ctar de les flors:\u00a0 <strong>el seu vol recorda el d\u2019un colibr\u00ed.<a href=\"https:\/\/martaberrocal.org\/cat\/wp-content\/uploads\/DSC_1451-Copiar.jpg\"><img loading=\"lazy\" decoding=\"async\" class=\"alignright wp-image-2669 size-medium\" src=\"https:\/\/martaberrocal.org\/cat\/wp-content\/uploads\/DSC_1451-Copiar-225x300.jpg\" width=\"225\" height=\"300\" srcset=\"https:\/\/martaberrocal.org\/cat\/wp-content\/uploads\/DSC_1451-Copiar-225x300.jpg 225w, https:\/\/martaberrocal.org\/cat\/wp-content\/uploads\/DSC_1451-Copiar.jpg 450w\" sizes=\"auto, (max-width: 225px) 100vw, 225px\" \/><\/a><\/strong><\/p>\n<p><strong>El seu nom cient\u00edfic \u00e9s <em>Macroglossum stellatarum<\/em>.<\/strong> Col\u00b7loquialment se la coneix amb diversos noms com ara: bufaforats, alegret, borinot moro, borinot carter, carter o esfinx colibr\u00ed. Pertany a la fam\u00edlia dels esf\u00edngids, de l\u2019ordre dels lepid\u00f2pters.<\/p>\n<p>Els lepid\u00f2pters, que inclouen les\u00a0 papallones, poden presentar tres tipus de vol: <strong>planat<\/strong> (amb les ales quietes i esteses ), <strong>batut<\/strong> (amb les ales movent-se a baixa freq\u00fc\u00e8ncia, per sota dels 20 HZ), i <strong>vibrat<\/strong> (amb moviment r\u00e0pid de les ales per sobre dels 20 HZ).<\/p>\n<p style=\"padding-left: 30px;\"><span style=\"color: #808080;\">\u201cHZ\u201d \u00e9s el s\u00edmbol del hertz, la unitat de mesura de la freq\u00fc\u00e8ncia i equival a dir: un succ\u00e9s per segon. \u00a0\u00a0<\/span><\/p>\n<p><strong>La <em>Macroglossum<\/em> t\u00e9 un vol exclusivament vibrat<\/strong>, que \u00e9s poc freq\u00fcent entre els lepid\u00f2pters. Bat les ales m\u00e9s de 20 cops per segon i aix\u00f2 li permet accelerar i maniobrar amb facilitat i li confereix un avantatge perqu\u00e8 <strong>pot quedar-se imm\u00f2bil a l\u2019aire i libar les flors amb la seva llarga espiritrompa, sense necessitat de posar-se a sobre<\/strong>.<\/p>\n<p>Mentre observava l\u2019exemplar que he sorpr\u00e8s, he intentat fer alguna fotografia, tot i que resulta complicat degut al seu rapid\u00edssim vol. Despr\u00e9s de sobrevolar les flors del fruiter s\u2019ha dirigit cap a un mass\u00eds de dimorfoteques que tot just comencen a florir. L\u2019he enxampat en el moment que feia el canvi: feu clic sobre la imatge seg\u00fcent i observeu la silueta en la cantonada dreta superior.<\/p>\n<p><a href=\"https:\/\/martaberrocal.org\/cat\/wp-content\/uploads\/R-DSC06457_Ink_LI-Copiar.jpg\"><img loading=\"lazy\" decoding=\"async\" class=\"aligncenter wp-image-2673 size-medium\" src=\"https:\/\/martaberrocal.org\/cat\/wp-content\/uploads\/R-DSC06457_Ink_LI-Copiar-300x300.jpg\" width=\"300\" height=\"300\" srcset=\"https:\/\/martaberrocal.org\/cat\/wp-content\/uploads\/R-DSC06457_Ink_LI-Copiar-300x300.jpg 300w, https:\/\/martaberrocal.org\/cat\/wp-content\/uploads\/R-DSC06457_Ink_LI-Copiar-150x150.jpg 150w, https:\/\/martaberrocal.org\/cat\/wp-content\/uploads\/R-DSC06457_Ink_LI-Copiar.jpg 600w\" sizes=\"auto, (max-width: 300px) 100vw, 300px\" \/><\/a><\/p>\n<p>He disparat la c\u00e0mera un munt de vegades mentre la papallona libava les dimorfoteques des de l\u2019aire, suspesa sobre d\u2019elles. \u00a0He seleccionat tres fotografies:<\/p>\n<div id='gallery-1' class='gallery galleryid-2668 gallery-columns-3 gallery-size-large'><figure class='gallery-item'>\n\t\t\t<div class='gallery-icon landscape'>\n\t\t\t\t<a href='https:\/\/martaberrocal.org\/cat\/wp-content\/uploads\/R-DSC06474-Copiar.jpg'><img loading=\"lazy\" decoding=\"async\" width=\"474\" height=\"474\" src=\"https:\/\/martaberrocal.org\/cat\/wp-content\/uploads\/R-DSC06474-Copiar.jpg\" class=\"attachment-large size-large\" alt=\"\" srcset=\"https:\/\/martaberrocal.org\/cat\/wp-content\/uploads\/R-DSC06474-Copiar.jpg 600w, https:\/\/martaberrocal.org\/cat\/wp-content\/uploads\/R-DSC06474-Copiar-150x150.jpg 150w, https:\/\/martaberrocal.org\/cat\/wp-content\/uploads\/R-DSC06474-Copiar-300x300.jpg 300w\" sizes=\"auto, (max-width: 474px) 100vw, 474px\" \/><\/a>\n\t\t\t<\/div><\/figure><figure class='gallery-item'>\n\t\t\t<div class='gallery-icon landscape'>\n\t\t\t\t<a href='https:\/\/martaberrocal.org\/cat\/wp-content\/uploads\/R-DSC06473-Copiar.jpg'><img loading=\"lazy\" decoding=\"async\" width=\"474\" height=\"474\" src=\"https:\/\/martaberrocal.org\/cat\/wp-content\/uploads\/R-DSC06473-Copiar.jpg\" class=\"attachment-large size-large\" alt=\"\" srcset=\"https:\/\/martaberrocal.org\/cat\/wp-content\/uploads\/R-DSC06473-Copiar.jpg 600w, https:\/\/martaberrocal.org\/cat\/wp-content\/uploads\/R-DSC06473-Copiar-150x150.jpg 150w, https:\/\/martaberrocal.org\/cat\/wp-content\/uploads\/R-DSC06473-Copiar-300x300.jpg 300w\" sizes=\"auto, (max-width: 474px) 100vw, 474px\" \/><\/a>\n\t\t\t<\/div><\/figure><figure class='gallery-item'>\n\t\t\t<div class='gallery-icon landscape'>\n\t\t\t\t<a href='https:\/\/martaberrocal.org\/cat\/wp-content\/uploads\/R-DSC06472-Copiar.jpg'><img loading=\"lazy\" decoding=\"async\" width=\"474\" height=\"474\" src=\"https:\/\/martaberrocal.org\/cat\/wp-content\/uploads\/R-DSC06472-Copiar.jpg\" class=\"attachment-large size-large\" alt=\"\" srcset=\"https:\/\/martaberrocal.org\/cat\/wp-content\/uploads\/R-DSC06472-Copiar.jpg 600w, https:\/\/martaberrocal.org\/cat\/wp-content\/uploads\/R-DSC06472-Copiar-150x150.jpg 150w, https:\/\/martaberrocal.org\/cat\/wp-content\/uploads\/R-DSC06472-Copiar-300x300.jpg 300w\" sizes=\"auto, (max-width: 474px) 100vw, 474px\" \/><\/a>\n\t\t\t<\/div><\/figure>\n\t\t<\/div>\n\n<p>Belluga tan r\u00e0pid les ales que \u00e9s fa dif\u00edcil prendre bones imatges.<\/p>\n<p>Una estona despr\u00e9s he estat llegint sobre aquesta curiosa papallona que vola com un diminut colibr\u00ed i he contrastat la informaci\u00f3 d\u2019aquests dos llibres:<\/p>\n<p><a href=\"https:\/\/martaberrocal.org\/cat\/wp-content\/uploads\/R-DSC_1455-Copiar.jpg\"><img loading=\"lazy\" decoding=\"async\" class=\"wp-image-2672 alignleft\" src=\"https:\/\/martaberrocal.org\/cat\/wp-content\/uploads\/R-DSC_1455-Copiar-300x300.jpg\" alt=\"\" width=\"131\" height=\"131\" srcset=\"https:\/\/martaberrocal.org\/cat\/wp-content\/uploads\/R-DSC_1455-Copiar-300x300.jpg 300w, https:\/\/martaberrocal.org\/cat\/wp-content\/uploads\/R-DSC_1455-Copiar-150x150.jpg 150w, https:\/\/martaberrocal.org\/cat\/wp-content\/uploads\/R-DSC_1455-Copiar.jpg 597w\" sizes=\"auto, (max-width: 131px) 100vw, 131px\" \/><\/a><\/p>\n<p>&nbsp;<\/p>\n<p>Tamb\u00e9 he fet fotos de les imatges de <em>Macroglossum<\/em> que hi ha en tots dos. Us ajudaran a identificar-la si mai en veieu cap:<\/p>\n<p>&nbsp;<\/p>\n<figure id=\"attachment_2671\" aria-describedby=\"caption-attachment-2671\" style=\"width: 187px\" class=\"wp-caption alignright\"><a href=\"https:\/\/martaberrocal.org\/cat\/wp-content\/uploads\/R-DSC_1454-Copiar.jpg\"><img loading=\"lazy\" decoding=\"async\" class=\"wp-image-2671\" src=\"https:\/\/martaberrocal.org\/cat\/wp-content\/uploads\/R-DSC_1454-Copiar-280x300.jpg\" width=\"187\" height=\"200\" srcset=\"https:\/\/martaberrocal.org\/cat\/wp-content\/uploads\/R-DSC_1454-Copiar-280x300.jpg 280w, https:\/\/martaberrocal.org\/cat\/wp-content\/uploads\/R-DSC_1454-Copiar.jpg 560w\" sizes=\"auto, (max-width: 187px) 100vw, 187px\" \/><\/a><figcaption id=\"caption-attachment-2671\" class=\"wp-caption-text\">Guia de mariposas. Grijalbo P\u00e0g. 91<\/figcaption><\/figure>\n<figure id=\"attachment_2670\" aria-describedby=\"caption-attachment-2670\" style=\"width: 199px\" class=\"wp-caption alignleft\"><a href=\"https:\/\/martaberrocal.org\/cat\/wp-content\/uploads\/R-DSC_1453-Copiar.jpg\"><img loading=\"lazy\" decoding=\"async\" class=\"wp-image-2670\" src=\"https:\/\/martaberrocal.org\/cat\/wp-content\/uploads\/R-DSC_1453-Copiar-298x300.jpg\" width=\"199\" height=\"200\" srcset=\"https:\/\/martaberrocal.org\/cat\/wp-content\/uploads\/R-DSC_1453-Copiar-298x300.jpg 298w, https:\/\/martaberrocal.org\/cat\/wp-content\/uploads\/R-DSC_1453-Copiar-150x150.jpg 150w, https:\/\/martaberrocal.org\/cat\/wp-content\/uploads\/R-DSC_1453-Copiar.jpg 595w\" sizes=\"auto, (max-width: 199px) 100vw, 199px\" \/><\/a><figcaption id=\"caption-attachment-2670\" class=\"wp-caption-text\">Hist\u00f2ria Natural del Pa\u00efssos Catalans. Artr\u00f2podes II. P\u00e0g. 404<\/figcaption><\/figure>\n","protected":false},"excerpt":{"rendered":"<p>&nbsp; He sortit al jard\u00ed amb la c\u00e0mera per fer una fotografia d\u2019un fruiter en flor que ja comen\u00e7a a perdre els p\u00e8tals rosats i m\u2019he trobat una papallona ben curiosa libant el n\u00e8ctar de les flors:\u00a0 el seu vol recorda el d\u2019un colibr\u00ed. El seu nom cient\u00edfic \u00e9s Macroglossum stellatarum. Col\u00b7loquialment se la coneix &hellip; <a href=\"https:\/\/martaberrocal.org\/cat\/el-vol-de-la-macroglossum-stellatarum\/\" class=\"more-link\">Continua la lectura de <span class=\"screen-reader-text\">El vol de la Macroglossum stellatarum<\/span> <span class=\"meta-nav\">&rarr;<\/span><\/a><\/p>\n","protected":false},"author":1,"featured_media":0,"comment_status":"closed","ping_status":"closed","sticky":false,"template":"","format":"standard","meta":{"footnotes":""},"categories":[43],"tags":[59,57,60],"class_list":["post-2668","post","type-post","status-publish","format-standard","hentry","category-la-finestra-del-naturalista","tag-insectes","tag-observacio","tag-papallones"],"_links":{"self":[{"href":"https:\/\/martaberrocal.org\/cat\/wp-json\/wp\/v2\/posts\/2668","targetHints":{"allow":["GET"]}}],"collection":[{"href":"https:\/\/martaberrocal.org\/cat\/wp-json\/wp\/v2\/posts"}],"about":[{"href":"https:\/\/martaberrocal.org\/cat\/wp-json\/wp\/v2\/types\/post"}],"author":[{"embeddable":true,"href":"https:\/\/martaberrocal.org\/cat\/wp-json\/wp\/v2\/users\/1"}],"replies":[{"embeddable":true,"href":"https:\/\/martaberrocal.org\/cat\/wp-json\/wp\/v2\/comments?post=2668"}],"version-history":[{"count":16,"href":"https:\/\/martaberrocal.org\/cat\/wp-json\/wp\/v2\/posts\/2668\/revisions"}],"predecessor-version":[{"id":2696,"href":"https:\/\/martaberrocal.org\/cat\/wp-json\/wp\/v2\/posts\/2668\/revisions\/2696"}],"wp:attachment":[{"href":"https:\/\/martaberrocal.org\/cat\/wp-json\/wp\/v2\/media?parent=2668"}],"wp:term":[{"taxonomy":"category","embeddable":true,"href":"https:\/\/martaberrocal.org\/cat\/wp-json\/wp\/v2\/categories?post=2668"},{"taxonomy":"post_tag","embeddable":true,"href":"https:\/\/martaberrocal.org\/cat\/wp-json\/wp\/v2\/tags?post=2668"}],"curies":[{"name":"wp","href":"https:\/\/api.w.org\/{rel}","templated":true}]}}