
{"id":2833,"date":"2017-03-13T21:19:33","date_gmt":"2017-03-13T21:19:33","guid":{"rendered":"http:\/\/martaberrocal.org\/cat\/?p=2833"},"modified":"2017-07-28T09:35:26","modified_gmt":"2017-07-28T09:35:26","slug":"mandales-dialogats","status":"publish","type":"post","link":"https:\/\/martaberrocal.org\/cat\/mandales-dialogats\/","title":{"rendered":"Mandales dialogats"},"content":{"rendered":"<p>&nbsp;<\/p>\n<p><strong>Els mandales dialogats fa mesos que han entrat en la nostra vida.<\/strong><\/p>\n<p>Hi va haver un treball previ, inesperat, espontani i intu\u00eftiu. Perqu\u00e8 va ser la intu\u00efci\u00f3 la que em va induir a pensar en cert moment que p<a href=\"https:\/\/martaberrocal.org\/cat\/wp-content\/uploads\/Captura.jpg\"><img loading=\"lazy\" decoding=\"async\" class=\"alignleft wp-image-2832 size-medium\" src=\"https:\/\/martaberrocal.org\/cat\/wp-content\/uploads\/Captura-300x152.jpg\" width=\"300\" height=\"152\" srcset=\"https:\/\/martaberrocal.org\/cat\/wp-content\/uploads\/Captura-300x152.jpg 300w, https:\/\/martaberrocal.org\/cat\/wp-content\/uploads\/Captura-768x388.jpg 768w, https:\/\/martaberrocal.org\/cat\/wp-content\/uploads\/Captura.jpg 807w\" sizes=\"auto, (max-width: 300px) 100vw, 300px\" \/><\/a>od\u00edem treure-li partit al dibuix. Va ser arran d&#8217;un curs que vaig impartir al Museu d&#8217;Art Contemporani de Barcelona (MACBA), adre\u00e7at a mestres, el primer trimestre del curs escolar 2015-16. Vam treballar al voltant d&#8217;una exposici\u00f3 temporal titulada: <a href=\"http:\/\/macba.cat\/ca\/expo-especies-d-espais\" target=\"_blank\" rel=\"noopener\">&#8220;Esp\u00e8cies d&#8217;espais&#8221;<\/a> i vam explorar les possibilitats d&#8217;aplicaci\u00f3 de diverses activitats i exercicis per abordar el concepte d&#8217;espai, des de perspectives diferents. El curs es titulava: &#8220;Art contemporani i educaci\u00f3 especial&#8221;.<\/p>\n<p><strong>Els malalts d&#8217;Alzheimer tamb\u00e9 s\u00f3n molt especials. I el meu pare, encara ho \u00e9s m\u00e9s. <\/strong><\/p>\n<p>Li vaig proposar de participar ajudant-me en un projecte experimental de dibuix per poder valorar les possibilitats que ofereix treballar transformant figures i composicions repetitives. Aquests s\u00f3n dos dels seus primers treballs:<\/p>\n<div id='gallery-1' class='gallery galleryid-2833 gallery-columns-2 gallery-size-medium'><figure class='gallery-item'>\n\t\t\t<div class='gallery-icon landscape'>\n\t\t\t\t<a href='https:\/\/martaberrocal.org\/cat\/wp-content\/uploads\/IMG_20151123_125709-Copiar.jpg'><img loading=\"lazy\" decoding=\"async\" width=\"300\" height=\"208\" src=\"https:\/\/martaberrocal.org\/cat\/wp-content\/uploads\/IMG_20151123_125709-Copiar-300x208.jpg\" class=\"attachment-medium size-medium\" alt=\"\" srcset=\"https:\/\/martaberrocal.org\/cat\/wp-content\/uploads\/IMG_20151123_125709-Copiar-300x208.jpg 300w, https:\/\/martaberrocal.org\/cat\/wp-content\/uploads\/IMG_20151123_125709-Copiar.jpg 600w\" sizes=\"auto, (max-width: 300px) 100vw, 300px\" \/><\/a>\n\t\t\t<\/div><\/figure><figure class='gallery-item'>\n\t\t\t<div class='gallery-icon landscape'>\n\t\t\t\t<a href='https:\/\/martaberrocal.org\/cat\/wp-content\/uploads\/IMG_20151123_125647-Copiar.jpg'><img loading=\"lazy\" decoding=\"async\" width=\"300\" height=\"210\" src=\"https:\/\/martaberrocal.org\/cat\/wp-content\/uploads\/IMG_20151123_125647-Copiar-300x210.jpg\" class=\"attachment-medium size-medium\" alt=\"\" srcset=\"https:\/\/martaberrocal.org\/cat\/wp-content\/uploads\/IMG_20151123_125647-Copiar-300x210.jpg 300w, https:\/\/martaberrocal.org\/cat\/wp-content\/uploads\/IMG_20151123_125647-Copiar.jpg 600w\" sizes=\"auto, (max-width: 300px) 100vw, 300px\" \/><\/a>\n\t\t\t<\/div><\/figure>\n\t\t<\/div>\n\n<p>L&#8217;objectiu era que se sent\u00eds \u00fatil, dedicant algunes estones a treballar en alguna cosa que comport\u00e9s certa dificultat per propiciar l&#8217;exercici de les seves habilitats i capacitats. Una cosa agradable que es convert\u00eds en un est\u00edmul. A ell sempre li ha agradat participar en els meus experiments creatius o en els meus \u201c<em>jueguecitos<\/em>\u201d, com els anomena de vegades en castell\u00e0, aix\u00ed que ajudar-me el fa sentir-se b\u00e9. Jo tamb\u00e9 realitzava els mateixos exercicis que li proposava:<\/p>\n<p><a href=\"https:\/\/martaberrocal.org\/cat\/wp-content\/uploads\/IMG_20151118_131052-Copiar.jpg\"><img loading=\"lazy\" decoding=\"async\" class=\"aligncenter wp-image-2827\" src=\"https:\/\/martaberrocal.org\/cat\/wp-content\/uploads\/IMG_20151118_131052-Copiar-300x300.jpg\" width=\"153\" height=\"153\" srcset=\"https:\/\/martaberrocal.org\/cat\/wp-content\/uploads\/IMG_20151118_131052-Copiar-300x300.jpg 300w, https:\/\/martaberrocal.org\/cat\/wp-content\/uploads\/IMG_20151118_131052-Copiar-150x150.jpg 150w, https:\/\/martaberrocal.org\/cat\/wp-content\/uploads\/IMG_20151118_131052-Copiar.jpg 600w\" sizes=\"auto, (max-width: 153px) 100vw, 153px\" \/><\/a><\/p>\n<p>Aquest va ser el principi i temps despr\u00e9s, quan vam haver practicat amb uns quants projectes diferents amb m\u00e9s o menys \u00e8xit, vam arribar als mandales. Els primers van apar\u00e8ixer arran d&#8217;una promoci\u00f3 dominical del diari &#8220;La Vanguardia&#8221; i des de llavors han propiciat moltes coses.<\/p>\n<p>Despr\u00e9s han anat apareixent altres models i altres formats que ja no s\u00f3n pr\u00f2piament mandales, sin\u00f3 dibuixos per pintar, molt diversos.<\/p>\n<figure id=\"attachment_2826\" aria-describedby=\"caption-attachment-2826\" style=\"width: 300px\" class=\"wp-caption aligncenter\"><a href=\"https:\/\/martaberrocal.org\/cat\/wp-content\/uploads\/DSC06182-Copiar.jpg\"><img loading=\"lazy\" decoding=\"async\" class=\"wp-image-2826 size-medium\" src=\"https:\/\/martaberrocal.org\/cat\/wp-content\/uploads\/DSC06182-Copiar-300x225.jpg\" width=\"300\" height=\"225\" srcset=\"https:\/\/martaberrocal.org\/cat\/wp-content\/uploads\/DSC06182-Copiar-300x225.jpg 300w, https:\/\/martaberrocal.org\/cat\/wp-content\/uploads\/DSC06182-Copiar.jpg 600w\" sizes=\"auto, (max-width: 300px) 100vw, 300px\" \/><\/a><figcaption id=\"caption-attachment-2826\" class=\"wp-caption-text\">Aquest l\u2019estem pintant entre els dos i encara no l\u2019hem acabat<\/figcaption><\/figure>\n<p>&nbsp;<\/p>\n<p><strong>Nosaltres li hem donat als mandales un enfocament especial<\/strong>.<\/p>\n<p>A m\u00e9s de ser un treball individual que t\u00e9 ocupat al meu pare estones m\u00e9s o menys llargs segons el dia, s&#8217;han convertit en <strong>un motiu de di\u00e0leg constant que estimula<\/strong>, estic segura, <strong>les seves facultats<\/strong>.<\/p>\n<p>El treball solitari i silenci\u00f3s dels mandales t\u00e9 objectius concrets que no vull posar en q\u00fcesti\u00f3. L&#8217;atenci\u00f3 i la concentraci\u00f3 que requereix pintar-los sens dubte \u00a0aporta beneficis, per\u00f2 submergeixen a qui els fa en cert a\u00efllament, que en el cas dels malalts d&#8217;Alzheimer no tinc clar que &#8220;sigui el millor&#8221;. Els seus mons circumdants es van desintegrant a poc a poc i es queden retrets i confusos davant d&#8217;un munt de coses per a les quals no troben explicaci\u00f3 ni sentit. El progr\u00e9s de la malaltia els a\u00eflla cada vegada m\u00e9s, de TOT.<\/p>\n<p><strong>Els nostres mandales dialogats tenen una projecci\u00f3 cap a l&#8217;exterior, en lloc d&#8217;a\u00efllar, connecten, o almenys, miren de fer-ho.<\/strong><\/p>\n<p>Connecten perqu\u00e8 s\u00f3n el centre de nombroses converses que portem compartint des de fa mesos. Di\u00e0riament per tel\u00e8fon, i amb menor freq\u00fc\u00e8ncia, en directe.<\/p>\n<p>Les converses a dist\u00e0ncia conviden a parlar dels progressos i permeten posar l&#8217;accent en les descripcions i recordar vocabulari:<\/p>\n<p style=\"padding-left: 30px;\"><span style=\"color: #993366;\">Digues-me en quin quadern est\u00e0s treballant. Explica\u2019m quins elements apareixen en el dibuix en el qual treballes o en aquest que planeges comen\u00e7ar perqu\u00e8 jo pugui fer-me una idea. I digues-me, \u00bfcom estan disposats aquests elements? \u00bfI quins colors est\u00e0s utilitzant o planeges posar? S\u00e9 que la feina comporta dificultats, per\u00f2 estic segura que a mesura que avances tamb\u00e9 sents satisfacci\u00f3 &#8230;<\/span><\/p>\n<p><a href=\"https:\/\/martaberrocal.org\/cat\/wp-content\/uploads\/IMG_20161020_171011-Copiar.jpg\"><img loading=\"lazy\" decoding=\"async\" class=\"aligncenter size-medium wp-image-2830\" src=\"https:\/\/martaberrocal.org\/cat\/wp-content\/uploads\/IMG_20161020_171011-Copiar-300x300.jpg\" alt=\"\" width=\"300\" height=\"300\" srcset=\"https:\/\/martaberrocal.org\/cat\/wp-content\/uploads\/IMG_20161020_171011-Copiar-300x300.jpg 300w, https:\/\/martaberrocal.org\/cat\/wp-content\/uploads\/IMG_20161020_171011-Copiar-150x150.jpg 150w, https:\/\/martaberrocal.org\/cat\/wp-content\/uploads\/IMG_20161020_171011-Copiar.jpg 600w\" sizes=\"auto, (max-width: 300px) 100vw, 300px\" \/><\/a><\/p>\n<p>Per tel\u00e8fon tinc l&#8217;oportunitat de lloar la gr\u00e0cia amb que combina els colors, la sensibilitat i el bon gust que demostra, la originalitat dels seus dissenys, lo divertides que resulten les seves idees, lo interessant que em semblen els seus plantejaments i tamb\u00e9 puc expressar la meva impaci\u00e8ncia per veure en directe els seus aven\u00e7os.<\/p>\n<p>Quan ens veiem i podem fullejar junts els quaderns de dibuix, les converses s\u00f3n m\u00e9s intenses perqu\u00e8 les acompanyem amb els nostres gestos, rostres i expressions. I sorgeix el riure molt\u00edssimes vegades, quan m&#8217;explica el que pensa o el que li suggereixen alguns dels dibuixos que pinta. Aix\u00ed han aparegut tamb\u00e9 els post-it, amb notes addicionals que li animo a escriure, adherides sobre alguns dibuixos, per no fer-los malb\u00e9. Percebo a trav\u00e9s d&#8217;elles com es deteriora la seva cal\u00b7ligrafia.<\/p>\n<p>De vegades repassem i ampliem les notes, i altres vegades escric directament a la cantonada d&#8217;algun dibuix que suscita un comentari espontani, per no oblidar-ho.<\/p>\n<p>Hem comen\u00e7at a marcar algunes imatges, com la dona d&#8217;ulls ametllats i trets delicats que li he suggerit titular: &#8220;Bellesa oriental&#8221;. <a href=\"https:\/\/martaberrocal.org\/cat\/wp-content\/uploads\/R-DSC06199-Copiar.jpg\"><img loading=\"lazy\" decoding=\"async\" class=\"alignright size-thumbnail wp-image-2831\" src=\"https:\/\/martaberrocal.org\/cat\/wp-content\/uploads\/R-DSC06199-Copiar-150x150.jpg\" alt=\"\" width=\"150\" height=\"150\" srcset=\"https:\/\/martaberrocal.org\/cat\/wp-content\/uploads\/R-DSC06199-Copiar-150x150.jpg 150w, https:\/\/martaberrocal.org\/cat\/wp-content\/uploads\/R-DSC06199-Copiar.jpg 561w\" sizes=\"auto, (max-width: 150px) 100vw, 150px\" \/><\/a>Va passar molts dies perduda, en mans de no sabem qui. Ara la tenim localitzada i amb ella, altres dibuixos que ens resulta f\u00e0cil trobar, quan li ve de gust que repassem els seus quaderns i dialoguem sobre ells. Li agradaria poder reproduir alguns dissenys sobre altres superf\u00edcies com fusta i tela i se&#8217;ls imagina col\u00b7locats en acollidors espais.<\/p>\n<p><strong>Fa dies va suggerir una cosa que potser puguem dur a terme. Tinc la impressi\u00f3 que ell ja ho ha oblidat. Per\u00f2 jo no<\/strong>. \u00c9s m\u00e9s, el seu suggeriment m&#8217;ha fet idear moltes altres coses que m&#8217;encantaria poder posar en pr\u00e0ctica &#8230;<\/p>\n<p>D&#8217;antuvi, aquesta secci\u00f3 dedicada a la creativitat i l&#8217;Alzheimer seguir\u00e0 creixent, <strong>com els arbres<\/strong> &#8230;<\/p>\n<p>&nbsp;<\/p>\n","protected":false},"excerpt":{"rendered":"<p>&nbsp; Els mandales dialogats fa mesos que han entrat en la nostra vida. Hi va haver un treball previ, inesperat, espontani i intu\u00eftiu. Perqu\u00e8 va ser la intu\u00efci\u00f3 la que em va induir a pensar en cert moment que pod\u00edem treure-li partit al dibuix. Va ser arran d&#8217;un curs que vaig impartir al Museu d&#8217;Art &hellip; <a href=\"https:\/\/martaberrocal.org\/cat\/mandales-dialogats\/\" class=\"more-link\">Continua la lectura de <span class=\"screen-reader-text\">Mandales dialogats<\/span> <span class=\"meta-nav\">&rarr;<\/span><\/a><\/p>\n","protected":false},"author":1,"featured_media":0,"comment_status":"closed","ping_status":"closed","sticky":false,"template":"","format":"standard","meta":{"footnotes":""},"categories":[47],"tags":[66,4,67,82],"class_list":["post-2833","post","type-post","status-publish","format-standard","hentry","category-creativitat-i-alzheimer","tag-art","tag-arte-contemporaneo","tag-emocions","tag-riure"],"_links":{"self":[{"href":"https:\/\/martaberrocal.org\/cat\/wp-json\/wp\/v2\/posts\/2833","targetHints":{"allow":["GET"]}}],"collection":[{"href":"https:\/\/martaberrocal.org\/cat\/wp-json\/wp\/v2\/posts"}],"about":[{"href":"https:\/\/martaberrocal.org\/cat\/wp-json\/wp\/v2\/types\/post"}],"author":[{"embeddable":true,"href":"https:\/\/martaberrocal.org\/cat\/wp-json\/wp\/v2\/users\/1"}],"replies":[{"embeddable":true,"href":"https:\/\/martaberrocal.org\/cat\/wp-json\/wp\/v2\/comments?post=2833"}],"version-history":[{"count":7,"href":"https:\/\/martaberrocal.org\/cat\/wp-json\/wp\/v2\/posts\/2833\/revisions"}],"predecessor-version":[{"id":3821,"href":"https:\/\/martaberrocal.org\/cat\/wp-json\/wp\/v2\/posts\/2833\/revisions\/3821"}],"wp:attachment":[{"href":"https:\/\/martaberrocal.org\/cat\/wp-json\/wp\/v2\/media?parent=2833"}],"wp:term":[{"taxonomy":"category","embeddable":true,"href":"https:\/\/martaberrocal.org\/cat\/wp-json\/wp\/v2\/categories?post=2833"},{"taxonomy":"post_tag","embeddable":true,"href":"https:\/\/martaberrocal.org\/cat\/wp-json\/wp\/v2\/tags?post=2833"}],"curies":[{"name":"wp","href":"https:\/\/api.w.org\/{rel}","templated":true}]}}