
{"id":2901,"date":"2017-03-20T11:08:54","date_gmt":"2017-03-20T11:08:54","guid":{"rendered":"http:\/\/martaberrocal.org\/cat\/?p=2901"},"modified":"2017-03-29T11:00:47","modified_gmt":"2017-03-29T11:00:47","slug":"cara-a-cara-sobre-una-branca-i-tu-que-hi-veus","status":"publish","type":"post","link":"https:\/\/martaberrocal.org\/cat\/cara-a-cara-sobre-una-branca-i-tu-que-hi-veus\/","title":{"rendered":"Cara a cara sobre una branca. I tu qu\u00e8 hi veus?"},"content":{"rendered":"<p>&nbsp;<\/p>\n<p><a href=\"https:\/\/martaberrocal.org\/cat\/wp-content\/uploads\/DSC06233-Copiar.jpg\"><img loading=\"lazy\" decoding=\"async\" class=\"alignleft size-medium wp-image-2558\" src=\"https:\/\/martaberrocal.org\/cat\/wp-content\/uploads\/DSC06233-Copiar-225x300.jpg\" alt=\"\" width=\"225\" height=\"300\" srcset=\"https:\/\/martaberrocal.org\/cat\/wp-content\/uploads\/DSC06233-Copiar-225x300.jpg 225w, https:\/\/martaberrocal.org\/cat\/wp-content\/uploads\/DSC06233-Copiar.jpg 450w\" sizes=\"auto, (max-width: 225px) 100vw, 225px\" \/><\/a>Fa dies vaig incloure la seg\u00fcent fotografia en un article que vaig dedicar als <a href=\"https:\/\/martaberrocal.org\/cat\/plomalls-de-miragua\/\">plomalls de miragu\u00e0. <\/a><\/p>\n<p>En ella apareixen alguns fruits d&#8217;aquesta planta enfiladissa, penjant de les branques d&#8217;un arbre.<\/p>\n<p>Estic segura que ning\u00fa s&#8217;ha adonat encara de la divertida escena que cont\u00e9 aquesta imatge.<\/p>\n<p>No \u00e9s f\u00e0cil veure-la, per fer-ho, cal saber <a href=\"https:\/\/martaberrocal.org\/cat\/percebre-el-mon-en-clau-alzheimer\/\"><strong>percebre el m\u00f3n en clau Alzheimer<\/strong><\/a>. I tenir l&#8217;habilitat de veure el que altres no veuen &#8230;<\/p>\n<p>Resulta que a la cantonada\u00a0 inferior dreta, un <a href=\"https:\/\/martaberrocal.org\/cat\/ocells-fulla-i-fulles-ocell\/\"><strong>ocell-fulla<\/strong><\/a> conversa <strong>cara a cara sobre una branca<\/strong> amb un insecte-fulla de color verd p\u00e0l\u00b7lid.<\/p>\n<p><a href=\"https:\/\/martaberrocal.org\/cat\/wp-content\/uploads\/R-DSC06233-Copiar.jpg\"><img loading=\"lazy\" decoding=\"async\" class=\"aligncenter size-medium wp-image-2900\" src=\"https:\/\/martaberrocal.org\/cat\/wp-content\/uploads\/R-DSC06233-Copiar-300x183.jpg\" alt=\"\" width=\"300\" height=\"183\" srcset=\"https:\/\/martaberrocal.org\/cat\/wp-content\/uploads\/R-DSC06233-Copiar-300x183.jpg 300w, https:\/\/martaberrocal.org\/cat\/wp-content\/uploads\/R-DSC06233-Copiar.jpg 600w\" sizes=\"auto, (max-width: 300px) 100vw, 300px\" \/><\/a><\/p>\n<p>M\u2019entra el riure quan els descobreixo.<\/p>\n<p style=\"padding-left: 30px;\"><strong> \u00bfSobre qu\u00e8 estaran conversant ?, em pregunto.<\/strong><\/p>\n<p>Havia previst acabar l&#8217;article en el par\u00e0graf anterior, per\u00f2 he decidit seguir, sense modificar ni una coma del que ja havia escrit, amb el prop\u00f2sit de divertir-me explicant com vaig esclatar en una riallada fa pocs dies, mentre conversava amb el meu pare sobre aquesta imatge, despr\u00e9s d&#8217;haver escrit sobre ella.<\/p>\n<p>Sempre intento fer-lo part\u00edcip de \u201c<em>mis jueguecitos creativos<\/em>\u201d, com els anomena ell en castell\u00e0, aix\u00ed que dies enrere li havia enviat la foto per saber si ell veia el mateix que jo. I no va ser aix\u00ed exactament. Vam conversar per tel\u00e8fon i encara que percebia un ocell tamb\u00e9 em parlava d&#8217;un monstre i algunes idees inconnexes, aix\u00ed que vaig deixar que el tema s\u2019esva\u00eds. En directe crec que hagu\u00e9s estat m\u00e9s f\u00e0cil.<\/p>\n<p>No obstant aix\u00f2, un cop tenia escrit el que ha acabat sent la meitat d&#8217;aquest article, vaig decidir tornar a treure el tema per tel\u00e8fon i li vaig explicar que gr\u00e0cies a ell he desenvolupat una capacitat especial per veure ocells-fulla i altres coses que habitualment la major part de gent no veu. Vaig afegir que li estic molt agra\u00efda perqu\u00e8 contribueix al desenvolupament de la meva creativitat.<\/p>\n<p>I vaig seguir explicant-li que examinant una foto que havia fet dies enrere, d&#8217;uns fruits de miragu\u00e0 penjant d&#8217;un arbre, m&#8217;havia adonat que a la foto hi havia <strong>un ocell-fulla i un insecte-fulla conversant cara a cara en una branca.<\/strong><\/p>\n<p style=\"padding-left: 30px;\"><strong><span style=\"color: #993366;\">&#8211; I de qu\u00e8 parlen? &#8211;<\/span><\/strong> Em va preguntar.<\/p>\n<p>La seva pregunta va ser el detonant de la meva riallada. Senzillament perqu\u00e8 tots dos ens hav\u00edem preguntat el mateix. Coincid\u00e8ncies gen\u00e8tiques, em vaig dir. Tots dos estem igual de bojos o creatius &#8230;<\/p>\n<p><img loading=\"lazy\" decoding=\"async\" class=\"alignleft size-thumbnail wp-image-2898\" src=\"https:\/\/martaberrocal.org\/cat\/wp-content\/uploads\/R-1-Copiar-150x150.jpg\" alt=\"\" width=\"150\" height=\"150\" \/>Entre rialles, li vaig preguntar: <strong>I tu qu\u00e8 creus? De qu\u00e8 poden estar parlant un ocell-fulla i un insecte-fulla?<\/strong><\/p>\n<p>Va trigar poc a contestar:<\/p>\n<p><span style=\"color: #993366;\"><strong>&#8211; Aiii &#8211;<\/strong><\/span>, em va dir amb veu burleta i pausada, &#8211; <span style=\"color: #993366;\"><strong>\u00e9s l&#8217;ocell qui parla, li est\u00e0 explicant a l&#8217;insecte lo dif\u00edcil que resulta en aquest moment la vida ocellaire &#8230;<\/strong><\/span><\/p>\n<p><img loading=\"lazy\" decoding=\"async\" class=\"alignright size-thumbnail wp-image-2899\" src=\"https:\/\/martaberrocal.org\/cat\/wp-content\/uploads\/R-2-Copiar-150x150.jpg\" alt=\"\" width=\"150\" height=\"150\" \/><\/p>\n<p>La meva rialla va anar <em>in crescendo<\/em>. Potser \u00e9s dif\u00edcil entendre el moment de <strong>m\u00e0gica complicitat<\/strong> que vam establir en aquell moment: vaig saber que acabava de tenir un moment de projecci\u00f3 exquisida, amb el sentit de l&#8217;humor que l&#8217;ha caracteritzat tota la vida, i m&#8217;estava parlant d\u2019ell mateix: <strong>la seva vida d&#8217;ocell est\u00e0 complicada &#8230;<\/strong><\/p>\n<h6><span style=\"color: #339966;\">El seu riure va emergir tamb\u00e9 a l&#8217;altra banda del tel\u00e8fon i vam seguir una bona estona. S\u2019encomana rec\u00edprocament i als dos ens escau sempre de meravella.<\/span><\/h6>\n","protected":false},"excerpt":{"rendered":"<p>&nbsp; Fa dies vaig incloure la seg\u00fcent fotografia en un article que vaig dedicar als plomalls de miragu\u00e0. En ella apareixen alguns fruits d&#8217;aquesta planta enfiladissa, penjant de les branques d&#8217;un arbre. Estic segura que ning\u00fa s&#8217;ha adonat encara de la divertida escena que cont\u00e9 aquesta imatge. No \u00e9s f\u00e0cil veure-la, per fer-ho, cal saber &hellip; <a href=\"https:\/\/martaberrocal.org\/cat\/cara-a-cara-sobre-una-branca-i-tu-que-hi-veus\/\" class=\"more-link\">Continua la lectura de <span class=\"screen-reader-text\">Cara a cara sobre una branca. I tu qu\u00e8 hi veus?<\/span> <span class=\"meta-nav\">&rarr;<\/span><\/a><\/p>\n","protected":false},"author":1,"featured_media":0,"comment_status":"closed","ping_status":"closed","sticky":false,"template":"","format":"standard","meta":{"footnotes":""},"categories":[47],"tags":[58,67,59,57,56],"class_list":["post-2901","post","type-post","status-publish","format-standard","hentry","category-creativitat-i-alzheimer","tag-botanica","tag-emocions","tag-insectes","tag-observacio","tag-ornitologia-creativa"],"_links":{"self":[{"href":"https:\/\/martaberrocal.org\/cat\/wp-json\/wp\/v2\/posts\/2901","targetHints":{"allow":["GET"]}}],"collection":[{"href":"https:\/\/martaberrocal.org\/cat\/wp-json\/wp\/v2\/posts"}],"about":[{"href":"https:\/\/martaberrocal.org\/cat\/wp-json\/wp\/v2\/types\/post"}],"author":[{"embeddable":true,"href":"https:\/\/martaberrocal.org\/cat\/wp-json\/wp\/v2\/users\/1"}],"replies":[{"embeddable":true,"href":"https:\/\/martaberrocal.org\/cat\/wp-json\/wp\/v2\/comments?post=2901"}],"version-history":[{"count":4,"href":"https:\/\/martaberrocal.org\/cat\/wp-json\/wp\/v2\/posts\/2901\/revisions"}],"predecessor-version":[{"id":2975,"href":"https:\/\/martaberrocal.org\/cat\/wp-json\/wp\/v2\/posts\/2901\/revisions\/2975"}],"wp:attachment":[{"href":"https:\/\/martaberrocal.org\/cat\/wp-json\/wp\/v2\/media?parent=2901"}],"wp:term":[{"taxonomy":"category","embeddable":true,"href":"https:\/\/martaberrocal.org\/cat\/wp-json\/wp\/v2\/categories?post=2901"},{"taxonomy":"post_tag","embeddable":true,"href":"https:\/\/martaberrocal.org\/cat\/wp-json\/wp\/v2\/tags?post=2901"}],"curies":[{"name":"wp","href":"https:\/\/api.w.org\/{rel}","templated":true}]}}