
{"id":3197,"date":"2017-04-21T05:36:14","date_gmt":"2017-04-21T05:36:14","guid":{"rendered":"http:\/\/martaberrocal.org\/cat\/?p=3197"},"modified":"2017-04-21T05:38:50","modified_gmt":"2017-04-21T05:38:50","slug":"madame-crisantem-i-el-canvi-destrategia","status":"publish","type":"post","link":"https:\/\/martaberrocal.org\/cat\/madame-crisantem-i-el-canvi-destrategia\/","title":{"rendered":"Madame Crisantem i el canvi d&#8217;estrat\u00e8gia"},"content":{"rendered":"<p>&nbsp;<\/p>\n<figure id=\"attachment_3196\" aria-describedby=\"caption-attachment-3196\" style=\"width: 244px\" class=\"wp-caption alignleft\"><a href=\"https:\/\/martaberrocal.org\/cat\/wp-content\/uploads\/loti_6.jpg\"><img loading=\"lazy\" decoding=\"async\" class=\"size-medium wp-image-3196\" src=\"https:\/\/martaberrocal.org\/cat\/wp-content\/uploads\/loti_6-244x300.jpg\" alt=\"\" width=\"244\" height=\"300\" srcset=\"https:\/\/martaberrocal.org\/cat\/wp-content\/uploads\/loti_6-244x300.jpg 244w, https:\/\/martaberrocal.org\/cat\/wp-content\/uploads\/loti_6.jpg 250w\" sizes=\"auto, (max-width: 244px) 100vw, 244px\" \/><\/a><figcaption id=\"caption-attachment-3196\" class=\"wp-caption-text\">Pierre Loti pintat per Henri Rousseau<\/figcaption><\/figure>\n<p>Sovint, molt sovint, les <a href=\"https:\/\/martaberrocal.org\/cat\/estrategies\/\">estrat\u00e8gies <\/a>que dissenyo i planejo dur a terme, pateixen canvis inesperats sobre la marxa. A priori res garanteix que funcionin en el sentit que pretenc. I el que passa \u00e9s que sovint canvia la percepci\u00f3 que tenia sobre un determinat assumpte i m&#8217;adono que \u00e9s preferible pretendre alguna cosa diferent del que havia pensat inicialment.<\/p>\n<p>Fa pocs dies estava conven\u00e7uda que valia la pena intentar que el meu pare s&#8217;oblid\u00e9s d&#8217;un llibre que mira de llegir i li produeix alguna confusi\u00f3.<\/p>\n<p><strong>He canviat d&#8217;opini\u00f3<\/strong>. Tot i que el llibre pugui induir-li pensaments estranys en alguns moments, he estat indagant una mica sobre ell, de diverses maneres que ara explicar\u00e9 i <strong>vull mirar de fer el contrari del que havia pensat:<\/strong> en comptes de procurar que se li oblidi, centrar\u00e9 l&#8217;atenci\u00f3 en ell.<\/p>\n<p>Per saber del llibre, <strong>el primer i m\u00e9s important que he fet<\/strong>, ha estat preguntar-li a ell directament quan s&#8217;ha presentat l&#8217;ocasi\u00f3, estant tots dos sols. Malgrat els estralls que l&#8217;Alzheimer ha fet en la seva mem\u00f2ria, hi ha coses que encara segueixen vives, tot i que ensopides, entre els seus records. Es <strong>revifen<\/strong> normalment a causa d&#8217;un objecte, una paraula, una frase, o una imatge que porten associada una c\u00e0rrega emotiva. Actuen com un detonant i donen vida en la seva ment a alguns records, per un espai de temps impredictible.<\/p>\n<p>El llibre que mira de llegir \u00e9s un recull d&#8217;algunes de les novel\u00b7les de l&#8217;escriptor franc\u00e8s Louis Marie-Julien Viaud, conegut amb el pseud\u00f2nim de <strong>Pierre Loti<\/strong> (1850-1923). Ha actuat com un detonador i l\u2019ha fet recordar que quan era nen no el va poder llegir perqu\u00e8 el seu pare no l&#8217;hi va permetre, arg\u00fcint que no resultava apropiat per a la seva edat. Tamb\u00e9 recorda que a casa es reunien familiars i amics molt sovint per parlar de llibres, perqu\u00e8 hi havia molta afici\u00f3 a la lectura. T\u00e9 la impressi\u00f3 d&#8217;haver sentit parlar de l&#8217;autor en aquestes reunions, en les quals ell no hi podia participar i sent una gran curiositat i inter\u00e8s per llegir-lo. Li sembla que parlaven molt b\u00e9 de Loti.<\/p>\n<figure id=\"attachment_3195\" aria-describedby=\"caption-attachment-3195\" style=\"width: 169px\" class=\"wp-caption alignright\"><a href=\"https:\/\/martaberrocal.org\/cat\/wp-content\/uploads\/loti_2.jpg\"><img loading=\"lazy\" decoding=\"async\" class=\"size-medium wp-image-3195\" src=\"https:\/\/martaberrocal.org\/cat\/wp-content\/uploads\/loti_2-169x300.jpg\" alt=\"\" width=\"169\" height=\"300\" srcset=\"https:\/\/martaberrocal.org\/cat\/wp-content\/uploads\/loti_2-169x300.jpg 169w, https:\/\/martaberrocal.org\/cat\/wp-content\/uploads\/loti_2.jpg 250w\" sizes=\"auto, (max-width: 169px) 100vw, 169px\" \/><\/a><figcaption id=\"caption-attachment-3195\" class=\"wp-caption-text\">Pierre Loti amb dos dels seus gats<\/figcaption><\/figure>\n<p>El vincle emotiu que l&#8217;uneix al llibre \u00e9s evident. Ara t\u00e9 l&#8217;ocasi\u00f3 de rescabalar-se i resoldre una cosa que no va poder fer de petit, donar-se la satisfacci\u00f3 de llegir-lo*. El seu pla no comporta m\u00e9s perill que, alguns detalls novel\u00b7lescos s&#8217;incorporin a la seva pr\u00f2pia biografia i li produeixin alguna confusi\u00f3. Tamb\u00e9 podria ser que ja l\u2019hagu\u00e9s llegit, per\u00f2 si \u00e9s aix\u00ed no representa cap problema perqu\u00e8 no se\u2019n recorda.<\/p>\n<p style=\"padding-left: 30px;\"><span style=\"color: #999999; font-family: Calibri;\">*Em fa pena pensar que en realitat ja no pot accedir a aquesta satisfacci\u00f3, encara que mantinguem la il\u00b7lusi\u00f3 que ho pot fer.<\/span><\/p>\n<p><strong>I em pregunto \u00bfPer qu\u00e8 haig de procurar que s&#8217;oblidi del llibre? Per qu\u00e8 en comptes d&#8217;aix\u00f2 no parlem sobre el llibre i tots els records i pensaments que li suscita? Em sembla molt m\u00e9s apropiat i respectu\u00f3s<\/strong>. No ho havia pensat aix\u00ed en el primer moment i s\u00e9 per qu\u00e8, encara que no ho expliqui. El que compta, al meu entendre, \u00e9s que <strong>ha canviat la meva percepci\u00f3<\/strong> i aix\u00f2 em d\u00f3na l&#8217;oportunitat de modelar una nova estrat\u00e8gia d&#8217;una manera molt diferent a la que havia pensat. <strong>Ha canviat perqu\u00e8 l\u2019he escoltat<\/strong>.<\/p>\n<p>Recorro a internet per seguir indagant sobre Pierre Loti. Llegeixo amb atenci\u00f3 sobre la seva vida, els seus viatges, i descobreixo que el llibre del meu pare \u00e9s un recull d&#8217;algunes de les seves novel\u00b7les. Em criden especialment l&#8217;atenci\u00f3 els t\u00edtols d&#8217;aquestes i n&#8217;hi ha un en particular que m&#8217;atrau irresistiblement: Madame Crisantem.<\/p>\n<figure id=\"attachment_3194\" aria-describedby=\"caption-attachment-3194\" style=\"width: 230px\" class=\"wp-caption alignleft\"><a href=\"https:\/\/martaberrocal.org\/cat\/wp-content\/uploads\/48566778.jpg\"><img loading=\"lazy\" decoding=\"async\" class=\"size-medium wp-image-3194\" src=\"https:\/\/martaberrocal.org\/cat\/wp-content\/uploads\/48566778-230x300.jpg\" alt=\"\" width=\"230\" height=\"300\" srcset=\"https:\/\/martaberrocal.org\/cat\/wp-content\/uploads\/48566778-230x300.jpg 230w, https:\/\/martaberrocal.org\/cat\/wp-content\/uploads\/48566778.jpg 720w\" sizes=\"auto, (max-width: 230px) 100vw, 230px\" \/><\/a><figcaption id=\"caption-attachment-3194\" class=\"wp-caption-text\">Portada d&#8217;una edici\u00f3 antiga de la novel\u00b7la de Loti<\/figcaption><\/figure>\n<p>Segueixo indagant i Madame Crisantem em porta a Madame Butterfly. Em submergeixo en records de la meva inf\u00e0ncia que em condueixen a una de les peces del joc del Majhong que havia estat del meu avi. Va ser un obsequi que va rebre sent c\u00f2nsol de Costa Rica a Espanya. He passat llargues hores jugant amb ell al costat del meu pare i la meva germana. La pe\u00e7a de Madame Butterfly irrompia en el joc per ser canviada per una altra. L&#8217;afortunat que l&#8217;havia robat de la muralla, la col\u00b7locava sobre el seu faristol, a la vista de tots. Madame Butterfly no participava en el joc, nom\u00e9s feia d&#8217;espectadora.<\/p>\n<p>Torno a internet i a Pierre Loti. Sense adonar-me m&#8217;he llegit el cap\u00edtol d&#8217;un estudi de Luisa M\u00aa Guti\u00e9rrez, de la Universitat de Saragossa titulat: <span style=\"color: #808080;\">Chrysantheme. Realitat o llegenda. Pierre Loti i A.B. de Guerville. Dues imatges del Jap\u00f3<\/span>. Descobreixo que Loti \u00e9s un personatge controvertit que fa gala d&#8217;un sentit de l&#8217;humor morda\u00e7 i burlesc que ratlla el menyspreu i que es posa en relleu en la major part de les seves novel\u00b7les i escrits, i tamb\u00e9 en Madame Crisantem. La meva curiositat va <em>in crescendo<\/em> i no s\u2019atura fins a saber m\u00e9s de l&#8217;argument.<\/p>\n<p>Algunes an\u00e8cdotes que llegeixo sobre Loti em fan somriure. Segur que al meu pare tamb\u00e9, quan li expliqui algunes coses que he descobert. <strong>Sento que ja disposo de material suficient per convertir el llibre que tant li atrau en el centre d&#8217;una emotiva conversa.<\/strong><\/p>\n<p style=\"text-align: center;\">*<\/p>\n<p>Vull aclarir un detall. Quan dic: &#8220;el llibre que mira de llegir&#8221; \u00e9s perqu\u00e8, encara que llegeixi, la seva malaltia no li permet retenir en la mem\u00f2ria suficients dades com per poder teixir i retenir cap fil argumental, encara que s\u00ed alguns detalls inconnexos.<\/p>\n<p><strong>Sabent-ho, admiro l&#8217;esfor\u00e7 que realitza i contribuir\u00e9, mentre pugui, a mantenir la seva il\u00b7lusi\u00f3.<\/strong><\/p>\n<p><span style=\"color: #999999; font-family: Calibri;\">Totes les imatges d&#8217;aquest article provenen d&#8217;internet<\/span><\/p>\n","protected":false},"excerpt":{"rendered":"<p>&nbsp; Sovint, molt sovint, les estrat\u00e8gies que dissenyo i planejo dur a terme, pateixen canvis inesperats sobre la marxa. A priori res garanteix que funcionin en el sentit que pretenc. I el que passa \u00e9s que sovint canvia la percepci\u00f3 que tenia sobre un determinat assumpte i m&#8217;adono que \u00e9s preferible pretendre alguna cosa diferent &hellip; <a href=\"https:\/\/martaberrocal.org\/cat\/madame-crisantem-i-el-canvi-destrategia\/\" class=\"more-link\">Continua la lectura de <span class=\"screen-reader-text\">Madame Crisantem i el canvi d&#8217;estrat\u00e8gia<\/span> <span class=\"meta-nav\">&rarr;<\/span><\/a><\/p>\n","protected":false},"author":1,"featured_media":0,"comment_status":"closed","ping_status":"closed","sticky":false,"template":"","format":"standard","meta":{"footnotes":""},"categories":[47],"tags":[66,67],"class_list":["post-3197","post","type-post","status-publish","format-standard","hentry","category-creativitat-i-alzheimer","tag-art","tag-emocions"],"_links":{"self":[{"href":"https:\/\/martaberrocal.org\/cat\/wp-json\/wp\/v2\/posts\/3197","targetHints":{"allow":["GET"]}}],"collection":[{"href":"https:\/\/martaberrocal.org\/cat\/wp-json\/wp\/v2\/posts"}],"about":[{"href":"https:\/\/martaberrocal.org\/cat\/wp-json\/wp\/v2\/types\/post"}],"author":[{"embeddable":true,"href":"https:\/\/martaberrocal.org\/cat\/wp-json\/wp\/v2\/users\/1"}],"replies":[{"embeddable":true,"href":"https:\/\/martaberrocal.org\/cat\/wp-json\/wp\/v2\/comments?post=3197"}],"version-history":[{"count":4,"href":"https:\/\/martaberrocal.org\/cat\/wp-json\/wp\/v2\/posts\/3197\/revisions"}],"predecessor-version":[{"id":3205,"href":"https:\/\/martaberrocal.org\/cat\/wp-json\/wp\/v2\/posts\/3197\/revisions\/3205"}],"wp:attachment":[{"href":"https:\/\/martaberrocal.org\/cat\/wp-json\/wp\/v2\/media?parent=3197"}],"wp:term":[{"taxonomy":"category","embeddable":true,"href":"https:\/\/martaberrocal.org\/cat\/wp-json\/wp\/v2\/categories?post=3197"},{"taxonomy":"post_tag","embeddable":true,"href":"https:\/\/martaberrocal.org\/cat\/wp-json\/wp\/v2\/tags?post=3197"}],"curies":[{"name":"wp","href":"https:\/\/api.w.org\/{rel}","templated":true}]}}