
{"id":3397,"date":"2017-05-22T19:39:55","date_gmt":"2017-05-22T19:39:55","guid":{"rendered":"http:\/\/martaberrocal.org\/cat\/?p=3397"},"modified":"2017-05-23T05:57:23","modified_gmt":"2017-05-23T05:57:23","slug":"los-montes","status":"publish","type":"post","link":"https:\/\/martaberrocal.org\/cat\/los-montes\/","title":{"rendered":"&#8220;Los Montes&#8221;"},"content":{"rendered":"<p>&nbsp;<\/p>\n<p><strong>\u201c<em>Los Montes<\/em>\u201d<\/strong> \u00e9s el lloc on el meu pare va passar la seva inf\u00e0ncia, a prop de M\u00e0laga. Conserva encara records vagues d&#8217;aquella \u00e8poca.<\/p>\n<p><img loading=\"lazy\" decoding=\"async\" class=\"alignleft size-medium wp-image-3398\" src=\"https:\/\/martaberrocal.org\/cat\/wp-content\/uploads\/IMG_0978-1-Copiar-300x225.jpg\" alt=\"\" width=\"300\" height=\"225\" srcset=\"https:\/\/martaberrocal.org\/cat\/wp-content\/uploads\/IMG_0978-1-Copiar-300x225.jpg 300w, https:\/\/martaberrocal.org\/cat\/wp-content\/uploads\/IMG_0978-1-Copiar.jpg 600w\" sizes=\"auto, (max-width: 300px) 100vw, 300px\" \/>Fa temps vaig localitzar una fotografia antiga de la casa on va viure amb els seus pares i les seves germanes bessones. La vam posar en un \u00e0lbum, al costat d&#8217;altres d&#8217;aquells anys. De tant en tant l\u2019hem estat veient i comentant junts, revivint rostres i persones, an\u00e8cdotes i experi\u00e8ncies i posant noms a algunes cares properes que s&#8217;han anat convertint en desconegudes.<\/p>\n<p>Fa temps per\u00f2 que no ho fem. <strong>A mesura que els seus records s&#8217;esvaeixen m\u00e9s complicat \u00e9s de vegades mirar de reviure&#8217;ls. Sento que \u00e9s preferible deixar que s&#8217;esvaeixin per molt que dolgui.<\/strong><\/p>\n<p>El dia que li vaig mostrar la fotografia de la casa va recordar de sobte amb emoci\u00f3 la seva cambra de jocs, just a l&#8217;habitaci\u00f3 que hi havia darrera de la finestra de la dreta.<\/p>\n<p><strong>\u201c<em>Los Montes<\/em>\u201d<\/strong> constitueixen encara per a ell un bon record, encara que sigui vague i es vagi desintegrant progressivament. En una altra \u00e8poca parlava d&#8217;ells descrivint olors, sabors, sons, colors, etc. Jo crec que els va percebre amb tots els seus sentits quan era un nen i ara, algunes experi\u00e8ncies sensitives s\u00f3n capaces d&#8217;activar grates emocions relacionades amb ells.<\/p>\n<p>Ja fa temps, quan tinc ocasi\u00f3, anem a passejar junts per <span style=\"color: #99cc00;\"><em><strong>los montes<\/strong><\/em><\/span>. En quinze minuts amb cotxe, podem pujar a dalt de la serralada prelitoral de la comarca del Maresme, en un punt proper a Barcelona. Coneixem un mirador des del qual s&#8217;albira el mar ocupant tot l\u2019horitz\u00f3, Barcelona i altres ciutats pr\u00f2ximes, la silueta de la muntanya de Montserrat, etc. La primera vegada que el vam visitar es va sentir transportat a \u201c<em><strong>los Montes<\/strong><\/em>&#8221; de la seva Andalusia natal i Barcelona es va transformar en Granada i en algun lloc del mar va emergir el penyal de Gibraltar.<\/p>\n<p>Des de llavors, hem estat al mirador unes quantes vegades i en els \u00faltims mesos hem incrementat la freq\u00fc\u00e8ncia de les passejades per <strong><em><span style=\"color: #99cc00;\">los monte<\/span><span style=\"color: #99cc00;\">s<\/span><\/em><\/strong>. La primavera omple el camp de flors i d&#8217;altres coses summament atractives.<\/p>\n<p><strong>El passeig<\/strong>, lent i ascendent, per senders sense asfaltar que travessen els boscos de pins ara greument afectats per un escarabat demolidor que ha obligat a tallar innombrables exemplars afectats, <strong>li fa rememorar moltes sensacions de la seva inf\u00e0ncia.<\/strong><\/p>\n<p>En alguns llocs puc circular lentament al costat dels marges on creixen les esparregueres i descobrir des del cotxe algun intr\u00e8pid esp\u00e0rrec creixent entre les herbes. Llavors detinc el cotxe i baixo a tallar-los. Ell \u00e9s l&#8217;encarregat de subjectar-los mentre jo condueixo i no paro de lloar la seva aguda visi\u00f3 entre parada i parada. De vegades, les temptatives resulten infructuoses. Quan era un nen li agradava molt anar a collir-ne a <strong>\u201cLos Montes\u201d<\/strong><strong>.<\/strong><\/p>\n<p>Tamb\u00e9 agafem flors i herbes. \u00daltimament la ginesta ha estat la protagonista. Ell la recorda de M\u00e0laga. Despr\u00e8n una frag\u00e0ncia molt agradable, encara que crec que ell no la percep a causa de l&#8217;Alzheimer, que afecta l&#8217;olfacte d&#8217;alguna manera, o aix\u00f2 crec. No obstant aix\u00f2, aspirem els dos les flors i comentem quina bona olor fan. M&#8217;explica que quan estava seca, la feien servir per encendre llars de foc i brasers i t\u00e9 la impressi\u00f3 que l\u2019anomenaven &#8220;<em>bolina<\/em>&#8220;. He buscat informaci\u00f3 i no he trobat de moment refer\u00e8ncia a aquest terme.<\/p>\n<p><strong>Despr\u00e9s de les excursions a<\/strong> <em><span style=\"color: #99cc00;\"><strong>los montes <\/strong><\/span><\/em>, <strong>ell em sol explicar que hi ha estat en ells, per\u00f2 mai amb m<\/strong>i. Somric quan m&#8217;explica com de b\u00e9 s\u2019ho ha passat. <strong>I despr\u00e9s s&#8217;oblida de seguida, o aix\u00f2 creia jo.<\/strong><\/p>\n<p><strong>Dissabte<\/strong>, quan vaig parlar amb ell per tel\u00e8fon, <strong>em va explicar que ja fa un parell de mesos surt a passejar amb un amic, un home<\/strong>,<strong> a<\/strong> <em><span style=\"color: #99cc00;\"><strong>los montes<\/strong><\/span><\/em>. Em va explicar en pla secret que s&#8217;ho passen d&#8217;all\u00f2 m\u00e9s b\u00e9 agafant esp\u00e0rrecs des del cotxe. Ell mira el marge i quan en veu un, avisa el seu amic, que atura el cotxe i i surt a tallar-lo.<\/p>\n<p><strong>Em sento feli\u00e7 quan m&#8217;adono que s\u00ed es recorda de les excursions que hem estat fent<\/strong>. El que menys m&#8217;importa \u00e9s que es recordi de amb qui ha anat. <strong>Es recorda del contingut sensitiu i emocional d&#8217;elles.<\/strong><\/p>\n<p>Li vaig dir que em semblava fabul\u00f3s que pugui gaudir de les passejades amb el seu amic. A cap dels dos ens surt mai el seu nom &#8230; tot i que sabem qui \u00e9s &#8230;<\/p>\n<p>I em va preguntar: &#8211;<span style=\"color: #339966;\">Escolta, tu condueixes?<\/span> I em va entrar el riure, no ho vaig poder evitar i li vaig dir: <span style=\"color: #339966;\">Si, \u00e9s clar, i si et ve de gust, un dia anem els dos a passejar<\/span> <span style=\"color: #339966;\">a<\/span> <span style=\"color: #99cc00;\"><em>los montes<\/em><\/span> .<\/p>\n<p>L&#8217;\u00faltim dia que hi vam estar\u00a0 va ser divendres passat i el comentari ho va fer dissabte quan vam parlar per tel\u00e8fon. Aquesta vegada per\u00f2 es va referir al fet que portava com a dos mesos pujant amb freq\u00fc\u00e8ncia, cosa que \u00e9s certa.<img loading=\"lazy\" decoding=\"async\" class=\"alignright size-medium wp-image-3399\" src=\"https:\/\/martaberrocal.org\/cat\/wp-content\/uploads\/R-DSC07280-Copiar-300x162.jpg\" alt=\"\" width=\"300\" height=\"162\" srcset=\"https:\/\/martaberrocal.org\/cat\/wp-content\/uploads\/R-DSC07280-Copiar-300x162.jpg 300w, https:\/\/martaberrocal.org\/cat\/wp-content\/uploads\/R-DSC07280-Copiar.jpg 600w\" sizes=\"auto, (max-width: 300px) 100vw, 300px\" \/><\/p>\n<p>Al mirador vam estar xerrant animadament de moltes coses i fent fotos. Li vaig explicar que em fascinen els <a href=\"https:\/\/martaberrocal.org\/cat\/plomalls-de-primavera\/\">plomalls <\/a>que produeixen algunes flors i vaig tallar unes quantes infloresc\u00e8ncies madures, amb les llavors a punt d&#8217;emprendre el vol. Va estar posant per a mi, mentre bufava plomalls al vent i r\u00e8iem pensant en la quantitat de desitjos que pod\u00edem demanar de cop.<\/p>\n<div id='gallery-1' class='gallery galleryid-3397 gallery-columns-3 gallery-size-thumbnail'><figure class='gallery-item'>\n\t\t\t<div class='gallery-icon landscape'>\n\t\t\t\t<img loading=\"lazy\" decoding=\"async\" width=\"150\" height=\"150\" src=\"https:\/\/martaberrocal.org\/cat\/wp-content\/uploads\/R-DSC07281-Copiar-150x150.jpg\" class=\"attachment-thumbnail size-thumbnail\" alt=\"\" \/>\n\t\t\t<\/div><\/figure><figure class='gallery-item'>\n\t\t\t<div class='gallery-icon landscape'>\n\t\t\t\t<img loading=\"lazy\" decoding=\"async\" width=\"150\" height=\"150\" src=\"https:\/\/martaberrocal.org\/cat\/wp-content\/uploads\/R-DSC07283-Copiar-150x150.jpg\" class=\"attachment-thumbnail size-thumbnail\" alt=\"\" \/>\n\t\t\t<\/div><\/figure><figure class='gallery-item'>\n\t\t\t<div class='gallery-icon portrait'>\n\t\t\t\t<img loading=\"lazy\" decoding=\"async\" width=\"150\" height=\"150\" src=\"https:\/\/martaberrocal.org\/cat\/wp-content\/uploads\/R-DSC07284-Copiar-150x150.jpg\" class=\"attachment-thumbnail size-thumbnail\" alt=\"\" \/>\n\t\t\t<\/div><\/figure>\n\t\t<\/div>\n\n<p>Quan an\u00e0vem de tornada, cam\u00ed a casa, va fer un altre comentari que ja indicava a les clares que conserva records d&#8217;altres dies.<\/p>\n<p>Em va dir:<\/p>\n<p style=\"padding-left: 30px;\">&#8211;<span style=\"color: #339966;\">Escolta, encara sort que ja m&#8217;he acostumat a passar per aqu\u00ed, perqu\u00e8 els primers dies vaig pensar: Per\u00f2 noi, on t&#8217;has ficat?<\/span><\/p>\n<p>I vaig somriure en recordar que durant la primera excursi\u00f3 no va deixar de repetir: <span style=\"color: #339966;\">si em vei\u00e9s el meu pare per aquests camins &#8230;<\/span><\/p>\n<p><strong>Alguns dies anem en Panda, un cotxe ideal per circular a velocitat d\u2019esp\u00e0rrec<\/strong>, per camins de muntanya sense asfaltar, amb algun que altre sotrac per dir-ho d&#8217;una manera suau. <strong>Converteix el passeig en una aut\u00e8ntica aventura i a tots dos ens agrada&#8230;<\/strong><\/p>\n<p><strong>\u00bf<a href=\"https:\/\/martaberrocal.org\/cat\/chineamos-chineemos\/\"><em>Pandeamos<\/em><\/a>?,<\/strong> Em va preguntar un dia, ja fa molt de temps. <strong><em>Pandeemos<\/em>,<\/strong> vaig contestar.<\/p>\n<p><strong>I ens va entrar el riure a tots dos, com tantes vegades.<\/strong><\/p>\n","protected":false},"excerpt":{"rendered":"<p>&nbsp; \u201cLos Montes\u201d \u00e9s el lloc on el meu pare va passar la seva inf\u00e0ncia, a prop de M\u00e0laga. Conserva encara records vagues d&#8217;aquella \u00e8poca. Fa temps vaig localitzar una fotografia antiga de la casa on va viure amb els seus pares i les seves germanes bessones. La vam posar en un \u00e0lbum, al costat &hellip; <a href=\"https:\/\/martaberrocal.org\/cat\/los-montes\/\" class=\"more-link\">Continua la lectura de <span class=\"screen-reader-text\">&#8220;Los Montes&#8221;<\/span> <span class=\"meta-nav\">&rarr;<\/span><\/a><\/p>\n","protected":false},"author":1,"featured_media":0,"comment_status":"closed","ping_status":"closed","sticky":false,"template":"","format":"standard","meta":{"footnotes":""},"categories":[47],"tags":[67,79],"class_list":["post-3397","post","type-post","status-publish","format-standard","hentry","category-creativitat-i-alzheimer","tag-emocions","tag-memoria"],"_links":{"self":[{"href":"https:\/\/martaberrocal.org\/cat\/wp-json\/wp\/v2\/posts\/3397","targetHints":{"allow":["GET"]}}],"collection":[{"href":"https:\/\/martaberrocal.org\/cat\/wp-json\/wp\/v2\/posts"}],"about":[{"href":"https:\/\/martaberrocal.org\/cat\/wp-json\/wp\/v2\/types\/post"}],"author":[{"embeddable":true,"href":"https:\/\/martaberrocal.org\/cat\/wp-json\/wp\/v2\/users\/1"}],"replies":[{"embeddable":true,"href":"https:\/\/martaberrocal.org\/cat\/wp-json\/wp\/v2\/comments?post=3397"}],"version-history":[{"count":3,"href":"https:\/\/martaberrocal.org\/cat\/wp-json\/wp\/v2\/posts\/3397\/revisions"}],"predecessor-version":[{"id":3409,"href":"https:\/\/martaberrocal.org\/cat\/wp-json\/wp\/v2\/posts\/3397\/revisions\/3409"}],"wp:attachment":[{"href":"https:\/\/martaberrocal.org\/cat\/wp-json\/wp\/v2\/media?parent=3397"}],"wp:term":[{"taxonomy":"category","embeddable":true,"href":"https:\/\/martaberrocal.org\/cat\/wp-json\/wp\/v2\/categories?post=3397"},{"taxonomy":"post_tag","embeddable":true,"href":"https:\/\/martaberrocal.org\/cat\/wp-json\/wp\/v2\/tags?post=3397"}],"curies":[{"name":"wp","href":"https:\/\/api.w.org\/{rel}","templated":true}]}}