
{"id":3455,"date":"2017-05-29T16:23:39","date_gmt":"2017-05-29T16:23:39","guid":{"rendered":"http:\/\/martaberrocal.org\/cat\/?p=3455"},"modified":"2017-05-29T16:23:39","modified_gmt":"2017-05-29T16:23:39","slug":"fruites-papallones-hipotesis-i-correlacions","status":"publish","type":"post","link":"https:\/\/martaberrocal.org\/cat\/fruites-papallones-hipotesis-i-correlacions\/","title":{"rendered":"Fruites, papallones, hip\u00f2tesis i correlacions"},"content":{"rendered":"<p>&nbsp;<\/p>\n<p>Mai puc predir quins temes apareixeran en la conversa telef\u00f2nica que mantinc di\u00e0riament amb el meu pare. Hi ha dies que tinc idees noves que explicar-li, alguna aventura, plans, etc. per\u00f2 no sempre \u00e9s possible abordar el que imagino per avan\u00e7at que li pot interessar.<a href=\"https:\/\/martaberrocal.org\/cat\/wp-content\/uploads\/R-DSC07332-Copiar.jpg\"><img loading=\"lazy\" decoding=\"async\" class=\"alignright size-full wp-image-3456\" src=\"https:\/\/martaberrocal.org\/cat\/wp-content\/uploads\/R-DSC07332-Copiar.jpg\" alt=\"\" width=\"148\" height=\"246\" \/><\/a><\/p>\n<p>Noto cada vegada m\u00e9s, que quan ell suggereix o inicia un tema val la pena intentar seguir-lo, salvant les incoher\u00e8ncies que calgui, perqu\u00e8 aquestes, tamb\u00e9 cada vegada m\u00e9s, acaben sempre apareixent en algun moment de la conversa. Crec que val la pena potenciar al m\u00e0xim tot all\u00f2 que desperta el seu inter\u00e8s. Tenim alguns temes recurrents, per\u00f2 sovint els abordem com si fos la primera vegada que ho f\u00e9ssim.<\/p>\n<p>Alguns dies, comencem saludant-nos en angl\u00e8s: <em>Hello, How are you?<\/em> La seva resposta i el to amb qu\u00e8 pronuncia les paraules que escull solen ser diverses i m&#8217;indiquen habitualment quin \u00e9s el seu estat d&#8217;\u00e0nim en general. Potser parlar\u00e9 d&#8217;aix\u00f2 en un altre article.<\/p>\n<p>Molt sovint la conversa que mantenim s&#8217;allarga per espai de mitja hora o m\u00e9s i gira al voltant de temes diferents. De vegades saltem d&#8217;un a un altre de forma espont\u00e0nia i inesperada establint connexions dispars que solen seguir no obstant aix\u00f2 una l\u00f2gica creativa i hi ha dies que naveguem en espiral tornant una i altra vegada al mateix punt de partida.<\/p>\n<p>La setmana passada, <strong>vam tenir una xerrada inesperada que va resultar ser molt interessant i gratificant per a tots dos.<\/strong> Quan vaig percebre el gir que prenia la conversa vaig c\u00f3rrer a buscar llapis i paper i vaig prendre notes. \u00c9s la millor manera de no oblidar-se dels detalls.<\/p>\n<p>Va ser arran que se m&#8217;acud\u00eds explicar-li que tenia planejat fer un experiment per atreure papallones al jard\u00ed. Port\u00e0vem una bona estona parlant i la conversa havia decaigut una mica. Jo mirava a trav\u00e9s de la finestra i tenia la vista posada al jard\u00ed i vaig comen\u00e7ar a explicar-li el meu prop\u00f2sit.<\/p>\n<p><a href=\"https:\/\/martaberrocal.org\/cat\/wp-content\/uploads\/R-DSC07271-Copiar.jpg\"><img loading=\"lazy\" decoding=\"async\" class=\"alignleft size-medium wp-image-3453\" src=\"https:\/\/martaberrocal.org\/cat\/wp-content\/uploads\/R-DSC07271-Copiar-248x300.jpg\" alt=\"\" width=\"248\" height=\"300\" srcset=\"https:\/\/martaberrocal.org\/cat\/wp-content\/uploads\/R-DSC07271-Copiar-248x300.jpg 248w, https:\/\/martaberrocal.org\/cat\/wp-content\/uploads\/R-DSC07271-Copiar.jpg 496w\" sizes=\"auto, (max-width: 248px) 100vw, 248px\" \/><\/a>Dies enrere havia tingut l&#8217;ocasi\u00f3 d&#8217;observar a una papallona preciosa posada sobre una de les pomes que col\u00b7loco per alimentar els ocells i que s&#8217;havia quedat mig seca, al sol.<\/p>\n<p>Vaig tenir temps d&#8217;atrapar-la amb la c\u00e0mera i una de les fotografies que vaig prendre em va permetre observar posteriorment la seva espiritrompa desplegada i una goteta a l&#8217;extrem que presumeixo havia de ser n\u00e8ctar de la poma. Vaig recordar que a Costa Rica col\u00b7loquen plats amb trossos de fruites fresques per atraure les papallones i vaig decidir que valia la pena provar si les mediterr\u00e0nies reaccionen igual.<\/p>\n<p>Casualment havia estat parlant tamb\u00e9 del tema amb un jove ve\u00ed que s&#8217;interessa per aquestes q\u00fcestions i que em va suggerir, amb molt d&#8217;encert, que col\u00b7loqu\u00e9s fruites sucoses perqu\u00e8 les papallones poguessin introduir la espiritrompa amb facilitat i xuclar el l\u00edquid ensucrat.<\/p>\n<p>La conversa amb el meu pare va tenir lloc una estona despr\u00e9s que hagu\u00e9s col\u00b7locat un parell de sucosos talls de s\u00edndria sobre les menjadores que tinc per als ocells.<\/p>\n<p>Li vaig explicar el que em proposava comprovar i li vaig parlar del suggeriment del meu jove amic d&#8217;escollir <strong>fruites<\/strong> sucoses. Li vaig explicar que acabava de posar s\u00edndria i que quant tingu\u00e9s ocasi\u00f3 tamb\u00e9 col\u00b7locaria un tros de mel\u00f3.<\/p>\n<p>Ell seguia amb atenci\u00f3 el que li estava explicant. Li agrada que li parli dels \u00e9ssers vius que tinc ocasi\u00f3 d&#8217;observar en el meu entorn. Despr\u00e9s de parlar-li del mel\u00f3 em va dir:<\/p>\n<p style=\"padding-left: 30px;\"><span style=\"color: #339966;\">-Escolta, tu saps si les papallones se senten m\u00e9s atretes per l&#8217;olor que pel col<\/span><\/p>\n<p>Es va produir un instant de silencia fins que vaig reaccionar:<\/p>\n<p style=\"padding-left: 30px;\"><span style=\"color: #99cc00;\">&#8211; Quina pregunta m\u00e9s interessant m\u2019acabes de fer! No tinc ni idea de quina \u00e9s la resposta al que planteges. No s\u00e9 si les <span style=\"color: #000000;\"><strong>papallones<\/strong> <\/span>perceben els colors i si per exemple distingeixen entre el groguenc del mel\u00f3 i el rosat de la s\u00edndria. Tampoc s\u00e9 com perceben les olors. La teva pregunta activa la meva curiositat i ara haur\u00e9 de investigar per mirar de trobar resposta al que planteges. M&#8217;has deixat realment \u00a0bocabadada amb la teva pregunteta<\/span>.<\/p>\n<p>La meva reacci\u00f3 va ser d&#8217;absoluta i sincera admiraci\u00f3. Em va semblar una pregunta genial. Un punt de partida ideal per establir algunes <strong>hip\u00f2tesis<\/strong> i posar en marxa, o almenys idear, un proc\u00e9s d&#8217;investigaci\u00f3.<\/p>\n<p>Les meves paraules i el meu to li van agradar. Es va sentir molt satisfet d&#8217;haver-me propiciat un tema sobre el qual investigar i va seguir amb un altre suggeriment:<\/p>\n<p style=\"padding-left: 30px;\"><span style=\"color: #339966;\">-Escolta, se m&#8217;acut que tamb\u00e9 podries investigar si es pot establir algun tipus de <span style=\"color: #000000;\"><strong>correlaci\u00f3<\/strong> <\/span>entre les fruites que posis i les esp\u00e8cies que les visitin.<\/span><\/p>\n<p>Em va fascinar que de sobte estigu\u00e9ssim parlant amb aquell nivell de flu\u00efdesa. <strong>En el seu cap s&#8217;acabava de produir una m\u00e0gica espurna de connectivitat i coher\u00e8ncia que havia aconseguit burlar l&#8217;Alzheimer, tot i que nom\u00e9s fos per uns minuts.<\/strong><\/p>\n<p>Vaig seguir lloant la seva capacitat de suggerir coses interessants i li vaig dir que m&#8217;havia deixat descol\u00b7locada amb les seves observacions. I era veritat. No he tingut ocasi\u00f3 encara d&#8217;investigar sobre els sentits de les papallones, per\u00f2 ho far\u00e9. M\u2019intriga saber si posseeixen un \u00f2rgan olfactiu i com perceben els colors.<\/p>\n<p><strong>Vaig aprofitar tot el que vaig poder els m\u00e0gics minuts que ens va brindar la conversa<\/strong> sobre les papallones i les seves propostes d&#8217;investigaci\u00f3. <strong>Moments com aquest cada vegada s\u00f3n menys freq\u00fcents.<\/strong><\/p>\n<p style=\"text-align: center;\">*<\/p>\n<div id='gallery-1' class='gallery galleryid-3455 gallery-columns-2 gallery-size-medium'><figure class='gallery-item'>\n\t\t\t<div class='gallery-icon landscape'>\n\t\t\t\t<a href='https:\/\/martaberrocal.org\/cat\/wp-content\/uploads\/DSC07332-Copiar.jpg'><img loading=\"lazy\" decoding=\"async\" width=\"300\" height=\"225\" src=\"https:\/\/martaberrocal.org\/cat\/wp-content\/uploads\/DSC07332-Copiar-300x225.jpg\" class=\"attachment-medium size-medium\" alt=\"\" srcset=\"https:\/\/martaberrocal.org\/cat\/wp-content\/uploads\/DSC07332-Copiar-300x225.jpg 300w, https:\/\/martaberrocal.org\/cat\/wp-content\/uploads\/DSC07332-Copiar.jpg 600w\" sizes=\"auto, (max-width: 300px) 100vw, 300px\" \/><\/a>\n\t\t\t<\/div><\/figure><figure class='gallery-item'>\n\t\t\t<div class='gallery-icon landscape'>\n\t\t\t\t<a href='https:\/\/martaberrocal.org\/cat\/wp-content\/uploads\/DSC07331-Copiar.jpg'><img loading=\"lazy\" decoding=\"async\" width=\"300\" height=\"225\" src=\"https:\/\/martaberrocal.org\/cat\/wp-content\/uploads\/DSC07331-Copiar-300x225.jpg\" class=\"attachment-medium size-medium\" alt=\"\" srcset=\"https:\/\/martaberrocal.org\/cat\/wp-content\/uploads\/DSC07331-Copiar-300x225.jpg 300w, https:\/\/martaberrocal.org\/cat\/wp-content\/uploads\/DSC07331-Copiar.jpg 600w\" sizes=\"auto, (max-width: 300px) 100vw, 300px\" \/><\/a>\n\t\t\t<\/div><\/figure>\n\t\t<\/div>\n\n<p>Els trossos de s\u00edndria que vaig posar al jard\u00ed han atret l&#8217;exemplar que presumptament vaig veure sobre la poma. No puc assegurar que sigui el mateix, encara que s\u00ed \u00e9s de la mateixa esp\u00e8cie.<\/p>\n<p>Havia pensat dedicar a aquesta papallona un article des de la secci\u00f3 <a href=\"https:\/\/martaberrocal.org\/cat\/category\/la-finestra-del-naturalista\/\"><em><strong>La finestra del naturalista<\/strong><\/em><\/a> d&#8217;aquest blog, per\u00f2 m&#8217;ha vingut de gust fer-ho des d&#8217;aquesta secci\u00f3 dedicada a la <a href=\"https:\/\/martaberrocal.org\/cat\/category\/creativitat-i-alzheimer\/\"><em><strong>Creativitat i l&#8217;Alzheimer<\/strong><\/em><\/a>, arrel de la fant\u00e0stica conversa que vaig mantenir amb el meu pare sobre el tema.<\/p>\n<p>&nbsp;<\/p>\n<p><a href=\"https:\/\/martaberrocal.org\/cat\/wp-content\/uploads\/R-DSC07327-Copiar.jpg\"><img loading=\"lazy\" decoding=\"async\" class=\"aligncenter wp-image-3454\" src=\"https:\/\/martaberrocal.org\/cat\/wp-content\/uploads\/R-DSC07327-Copiar.jpg\" alt=\"\" width=\"378\" height=\"332\" srcset=\"https:\/\/martaberrocal.org\/cat\/wp-content\/uploads\/R-DSC07327-Copiar.jpg 600w, https:\/\/martaberrocal.org\/cat\/wp-content\/uploads\/R-DSC07327-Copiar-300x264.jpg 300w\" sizes=\"auto, (max-width: 378px) 100vw, 378px\" \/><\/a><\/p>\n","protected":false},"excerpt":{"rendered":"<p>&nbsp; Mai puc predir quins temes apareixeran en la conversa telef\u00f2nica que mantinc di\u00e0riament amb el meu pare. Hi ha dies que tinc idees noves que explicar-li, alguna aventura, plans, etc. per\u00f2 no sempre \u00e9s possible abordar el que imagino per avan\u00e7at que li pot interessar. Noto cada vegada m\u00e9s, que quan ell suggereix o &hellip; <a href=\"https:\/\/martaberrocal.org\/cat\/fruites-papallones-hipotesis-i-correlacions\/\" class=\"more-link\">Continua la lectura de <span class=\"screen-reader-text\">Fruites, papallones, hip\u00f2tesis i correlacions<\/span> <span class=\"meta-nav\">&rarr;<\/span><\/a><\/p>\n","protected":false},"author":1,"featured_media":0,"comment_status":"closed","ping_status":"closed","sticky":false,"template":"","format":"standard","meta":{"footnotes":""},"categories":[47],"tags":[67,59,57,60],"class_list":["post-3455","post","type-post","status-publish","format-standard","hentry","category-creativitat-i-alzheimer","tag-emocions","tag-insectes","tag-observacio","tag-papallones"],"_links":{"self":[{"href":"https:\/\/martaberrocal.org\/cat\/wp-json\/wp\/v2\/posts\/3455","targetHints":{"allow":["GET"]}}],"collection":[{"href":"https:\/\/martaberrocal.org\/cat\/wp-json\/wp\/v2\/posts"}],"about":[{"href":"https:\/\/martaberrocal.org\/cat\/wp-json\/wp\/v2\/types\/post"}],"author":[{"embeddable":true,"href":"https:\/\/martaberrocal.org\/cat\/wp-json\/wp\/v2\/users\/1"}],"replies":[{"embeddable":true,"href":"https:\/\/martaberrocal.org\/cat\/wp-json\/wp\/v2\/comments?post=3455"}],"version-history":[{"count":3,"href":"https:\/\/martaberrocal.org\/cat\/wp-json\/wp\/v2\/posts\/3455\/revisions"}],"predecessor-version":[{"id":3459,"href":"https:\/\/martaberrocal.org\/cat\/wp-json\/wp\/v2\/posts\/3455\/revisions\/3459"}],"wp:attachment":[{"href":"https:\/\/martaberrocal.org\/cat\/wp-json\/wp\/v2\/media?parent=3455"}],"wp:term":[{"taxonomy":"category","embeddable":true,"href":"https:\/\/martaberrocal.org\/cat\/wp-json\/wp\/v2\/categories?post=3455"},{"taxonomy":"post_tag","embeddable":true,"href":"https:\/\/martaberrocal.org\/cat\/wp-json\/wp\/v2\/tags?post=3455"}],"curies":[{"name":"wp","href":"https:\/\/api.w.org\/{rel}","templated":true}]}}