
{"id":3619,"date":"2017-06-21T20:18:53","date_gmt":"2017-06-21T20:18:53","guid":{"rendered":"http:\/\/martaberrocal.org\/cat\/?p=3619"},"modified":"2017-06-21T20:25:39","modified_gmt":"2017-06-21T20:25:39","slug":"memantina-i-glutamat","status":"publish","type":"post","link":"https:\/\/martaberrocal.org\/cat\/memantina-i-glutamat\/","title":{"rendered":"Memantina i glutamat"},"content":{"rendered":"<p>&nbsp;<\/p>\n<p><a href=\"https:\/\/martaberrocal.org\/cat\/wp-content\/uploads\/RR-nerve-cell-2213009_1920.jpg\"><img loading=\"lazy\" decoding=\"async\" class=\"alignleft size-medium wp-image-3624\" src=\"https:\/\/martaberrocal.org\/cat\/wp-content\/uploads\/RR-nerve-cell-2213009_1920-164x300.jpg\" alt=\"\" width=\"164\" height=\"300\" srcset=\"https:\/\/martaberrocal.org\/cat\/wp-content\/uploads\/RR-nerve-cell-2213009_1920-164x300.jpg 164w, https:\/\/martaberrocal.org\/cat\/wp-content\/uploads\/RR-nerve-cell-2213009_1920-559x1024.jpg 559w, https:\/\/martaberrocal.org\/cat\/wp-content\/uploads\/RR-nerve-cell-2213009_1920.jpg 588w\" sizes=\"auto, (max-width: 164px) 100vw, 164px\" \/><\/a>Havia pensat en escriure un article amb aquest t\u00edtol d&#8217;aqu\u00ed a uns dies, despr\u00e9s d&#8217;haver tingut temps de comprovar els efectes d&#8217;una nova medicaci\u00f3 que est\u00e0 prenent el meu pare. La hi va receptar el geront\u00f2leg ja fa dies, despr\u00e9s de la visita a la seva consulta i <a href=\"https:\/\/martaberrocal.org\/cat\/interrogatori\/\">l&#8217;interrogatori<\/a> al qual el va sotmetre.<\/p>\n<p>La <strong>memantina<\/strong> (el nom del principi actiu) \u00e9s el quart medicament, per ordre d&#8217;aparici\u00f3, que s&#8217;est\u00e0 provant en malalts d&#8217;Alzheimer en fase moderada i greu. A difer\u00e8ncia dels anteriors, aquest fa efecte sobre el <strong>glutamat, <\/strong>una subst\u00e0ncia altament perjudicial quan la seva pres\u00e8ncia en el cervell s\u2019incrementa arran de la malaltia i que afecta les connexions neuronals.<\/p>\n<figure id=\"attachment_3621\" aria-describedby=\"caption-attachment-3621\" style=\"width: 150px\" class=\"wp-caption alignright\"><a href=\"https:\/\/www.hipocampo.org\/articulos\/articulo0233.asp \" target=\"_blank\" rel=\"noopener\"><img loading=\"lazy\" decoding=\"async\" class=\"wp-image-3621 size-thumbnail\" src=\"https:\/\/martaberrocal.org\/cat\/wp-content\/uploads\/memantina-150x150.jpg\" alt=\"\" width=\"150\" height=\"150\" \/><\/a><figcaption id=\"caption-attachment-3621\" class=\"wp-caption-text\">Memantina. Imatge: https:\/\/www.hipocampo.org\/articulos\/articulo0233.asp<\/figcaption><\/figure>\n<p>S&#8217;administra de forma progressiva, comen\u00e7ant amb una dosi m\u00ednima que es va incrementant setmanalment durant un mes fins a arribar als 20 mg diaris, que \u00e9s la dosi recomanada. Ara ell est\u00e0 prenent 15 mg.<\/p>\n<p>No s\u00e9 si puc atribuir a la <strong>memantina<\/strong> la conversa que vaig tenir ahir amb ell. Va ser <strong>ESPECTACULAR<\/strong> i vaig agafar el llapis i el paper per no perdre\u2019m detall dels temes que vam abordar i com els vam anar connectant.<\/p>\n<p>Porta tres dies saludant amb un alegre i expressiu <em>Hello! q<\/em>ue anteposa a la frase: Qu\u00e8 explica la meva filla Marta? Jo contesto tamb\u00e9 alegrement <em><a href=\"https:\/\/martaberrocal.org\/cat\/hello-how-are-you\/\">Hello!How are you?<\/a><\/em>, sabent per endavant que est\u00e0 connectat i receptiu i aix\u00f2 em d\u00f3na oportunitat de moltes coses &#8230;<\/p>\n<p>A la seva pregunta d&#8217;ahir vaig contestar explicant-li el que estava fent una estona abans de trucar-lo per tel\u00e8fon:<\/p>\n<p style=\"padding-left: 30px;\"><span style=\"color: #800080;\">&#8211; He estat llegint per preparar uns cursos que impartir\u00e9 pr\u00f2ximament.<\/span><\/p>\n<p style=\"padding-left: 30px;\">&#8211;<span style=\"color: #339966;\">Sobre qu\u00e8 s\u00f3n els cursos ?<\/span>, em va preguntar.<\/p>\n<p>I vaig seguir:<\/p>\n<p style=\"padding-left: 30px;\"><span style=\"color: #800080;\">&#8211; Sobre com potenciar les emocions agradables i positives a l&#8217;aula, el riure, el bon humor, l&#8217;optimisme, el sentit de l&#8217;humor, la curiositat, etc.<\/span><\/p>\n<p>Li vaig explicar que les emocions agradables tenen uns efectes sobre l&#8217;organisme impressionants i que el riure \u00e9s capa\u00e7 de refor\u00e7ar el sistema immunitari i fer-nos m\u00e9s resistents a les malalties.<\/p>\n<p style=\"padding-left: 30px;\">&#8211;<span style=\"color: #339966;\"> Home !<\/span>, va exclamar,\u00a0 <span style=\"color: #339966;\">per aix\u00f2 jo mai estic malalt!<\/span><\/p>\n<p><strong>I els dos vam esclatar en riallades. <\/strong>\u00c9s veritat. T\u00e9 tota la ra\u00f3 del m\u00f3n. Est\u00e0 malalt d&#8217;Alzheimer i vellet per\u00f2 res m\u00e9s.<\/p>\n<p>Li va semblar interessant\u00edssim el tema i em va manifestar el seu desig d\u2019apuntar-se als meus cursos. Li vaig prometre fer-li un de particular, per a ell sol.<\/p>\n<p>S\u00e9 que li agradaria col\u00b7laborar amb mi i participar en aquests cursos i li vaig explicar que estan dirigits espec\u00edficament a professorat per\u00f2 que els seus comentaris em fan pensar en altres contextos possibles d&#8217;aplicaci\u00f3 i em donen moltes idees.<\/p>\n<p><img loading=\"lazy\" decoding=\"async\" class=\"aligncenter size-medium wp-image-3622\" src=\"https:\/\/martaberrocal.org\/cat\/wp-content\/uploads\/nerve-cell-2213009_1920-300x169.jpg\" alt=\"\" width=\"300\" height=\"169\" srcset=\"https:\/\/martaberrocal.org\/cat\/wp-content\/uploads\/nerve-cell-2213009_1920-300x169.jpg 300w, https:\/\/martaberrocal.org\/cat\/wp-content\/uploads\/nerve-cell-2213009_1920-768x432.jpg 768w, https:\/\/martaberrocal.org\/cat\/wp-content\/uploads\/nerve-cell-2213009_1920-1024x576.jpg 1024w, https:\/\/martaberrocal.org\/cat\/wp-content\/uploads\/nerve-cell-2213009_1920.jpg 1920w\" sizes=\"auto, (max-width: 300px) 100vw, 300px\" \/><\/p>\n<p>Li vaig explicar que estic contenta de saber el poder que t\u00e9 el riure. Les lectures m&#8217;estan permetent con\u00e8ixer els s\u00f2lids arguments que est\u00e0 aportant la ci\u00e8ncia per explicar els seus beneficis. El que abans podia defensar a trav\u00e9s de la intu\u00efci\u00f3 i la convicci\u00f3, ara puc fer-ho a trav\u00e9s de les aportacions de la neuroci\u00e8ncia.<\/p>\n<p>Vaig seguir explicant-li que fa anys, quan treballava com a docent amb un grup de dones d&#8217;\u00e8tnia gitana, em cridaven sovint l&#8217;atenci\u00f3 perqu\u00e8 les rialles de la meva classe se sentien de tot arreu i molestaven altres persones. Ara em sento feli\u00e7 de saber que aquells matins de rialles i rialles contagioses probablement van ajudar molt m\u00e9s a totes aquelles dones, i a mi mateixa, que qualsevol de les activitats que vam dur a terme de manera seriosa.<\/p>\n<p>Recordo perfectament alguns dels episodis de riure m\u00e9s aguts d\u2019aquella \u00e8poca i li vaig explicar qu\u00e8 feia per generar-los. Va seguir les meves explicacions divertit, va intervenir amb encert i coher\u00e8ncia i li va semblar genial tot el que li estava explicant.<\/p>\n<p>Em va interrompre en algun moment per dir-me emocionat que sent admiraci\u00f3 per la meva feina i que m\u2019augura un futur espectacular.<\/p>\n<p><strong>Li vaig agrair molt\u00edssim i vam riure els dos de nou.<\/strong><\/p>\n<p>D&#8217;aqu\u00ed vam saltar a parlar de les estrat\u00e8gies dels \u00e9ssers vius per fer front a certes circumst\u00e0ncies adverses i com per exemple els arbres es despullen de les seves fulles per fer front a la sequera i despr\u00e9s li vaig explicar algunes idees sobre la relaci\u00f3 de la creativitat amb els armadillos, que no tinc intenci\u00f3 de desvetllar.<\/p>\n<p><a href=\"https:\/\/martaberrocal.org\/cat\/el-vol-erratic-de-les-papallones-sobre-les-flors\/\"><img loading=\"lazy\" decoding=\"async\" class=\"alignright wp-image-3620 size-medium\" src=\"https:\/\/martaberrocal.org\/cat\/wp-content\/uploads\/DSC07525-Copiar-300x225.jpg\" alt=\"\" width=\"300\" height=\"225\" srcset=\"https:\/\/martaberrocal.org\/cat\/wp-content\/uploads\/DSC07525-Copiar-300x225.jpg 300w, https:\/\/martaberrocal.org\/cat\/wp-content\/uploads\/DSC07525-Copiar.jpg 600w\" sizes=\"auto, (max-width: 300px) 100vw, 300px\" \/><\/a>La nostra conversa podria semblar err\u00e0tica, com el vol de les papallones sobre les flors, per\u00f2 no ho va ser, en absolut. <strong>Vam saltar creativament d&#8217;un tema a un altre connectant idees i despr\u00e9s de compartir amb ell les meves idees secretes sobre els armadillos i que ell em digu\u00e9s que apr\u00e8n molt amb mi, li vaig dir que jo tamb\u00e9 amb ell.<\/strong><\/p>\n<p>Vam parlar llavors d&#8217;aprenentatge en dues direccions i de comunicaci\u00f3, amb una flu\u00efdesa impressionant.<\/p>\n<p><strong>\u00c9s cert que aprenc molt\u00edssim d&#8217;ell<\/strong>. No s\u00e9 si ell ho percep aix\u00ed, per\u00f2 jo ho intento. Sento no poder explicar-li com anys enrere hagu\u00e9s pogut fer, per\u00f2 en realitat no importa. El que importa s\u00f3n les possibilitats que tinc en el moment present d\u2019intentar-ho:<\/p>\n<p style=\"padding-left: 30px;\"><span style=\"color: #800080;\">-Has de saber,<\/span> li vaig dir, <span style=\"color: #800080;\">que ets el meu interlocutor preferit per comentar les idees al voltant de les que treballo.No et creguis que jo m&#8217;atreveixo a explicar-li a tothom les coses que t&#8217;explico a tu.<\/span><\/p>\n<p><strong>Vaig escoltar el seu riure emocionat i agra\u00eft<\/strong><\/p>\n<p style=\"padding-left: 30px;\"><span style=\"color: #800080;\">-Algunes de les idees que tinc i que vull posar en pr\u00e0ctica s\u00f3n bastant noves i no totes les persones les accepten o les entenen<\/span>.<\/p>\n<p>M\u2019interromp:<\/p>\n<p style=\"padding-left: 30px;\">&#8211;<span style=\"color: #339966;\">Escolta, doncs jo OBERTURA TOTAL<\/span><span style=\"color: #999999; font-family: Calibri;\"> (ho escric en maj\u00fascules perqu\u00e8 aix\u00ed \u00e9s com em va sonar)<\/span><\/p>\n<p><strong>I em va arrencar una altra onada de riure, que es va reproduir tamb\u00e9 a l&#8217;altra banda del tel\u00e8fon.<\/strong><\/p>\n<p style=\"padding-left: 30px;\"><span style=\"color: #339966;\">-Escolta, \u00e9s veritat, eh !<\/span>, em va dir<\/p>\n<p style=\"padding-left: 30px;\">&#8211; <span style=\"color: #800080;\">Ho s\u00e9, ho s\u00e9, no en tinc cap dubte<\/span> li vaig contestar somrient.<\/p>\n<p><img loading=\"lazy\" decoding=\"async\" class=\"aligncenter size-thumbnail wp-image-3623\" src=\"https:\/\/martaberrocal.org\/cat\/wp-content\/uploads\/R-nerve-cell-2213009_1920-150x150.jpg\" alt=\"\" width=\"150\" height=\"150\" srcset=\"https:\/\/martaberrocal.org\/cat\/wp-content\/uploads\/R-nerve-cell-2213009_1920-150x150.jpg 150w, https:\/\/martaberrocal.org\/cat\/wp-content\/uploads\/R-nerve-cell-2213009_1920-300x300.jpg 300w, https:\/\/martaberrocal.org\/cat\/wp-content\/uploads\/R-nerve-cell-2213009_1920-768x767.jpg 768w, https:\/\/martaberrocal.org\/cat\/wp-content\/uploads\/R-nerve-cell-2213009_1920-1024x1024.jpg 1024w, https:\/\/martaberrocal.org\/cat\/wp-content\/uploads\/R-nerve-cell-2213009_1920.jpg 1079w\" sizes=\"auto, (max-width: 150px) 100vw, 150px\" \/><\/p>\n<p>El vaig conduir de nou al principi de la conversa i vaig insistir que em sento contenta de poder constatar que hi ha una base cient\u00edfica s\u00f2lida que avala moltes de les idees que porto anys posant en pr\u00e0ctica. Li vaig dir que penso treure-li partit a l&#8217;assumpte i potser acabi escrivint algun article.<span style=\"color: #339966;\"> I per qu\u00e8 no un llibre?,<\/span> em va preguntar.<\/p>\n<p><strong>Va tornar a augurar-me un futur prometedor a &#8230;<\/strong> <strong>No va saber dir-me a on i jo tampoc, per\u00f2 aix\u00f2 ens va provocar el riure de nou.<\/strong><\/p>\n<p><strong>Vam convenir que el lloc no importa, que el que importa \u00e9s ser feli\u00e7 i fer feli\u00e7os els altres (les dues coses estan relacionades).<\/strong> <strong>I vam acabar la conversa quedant en riure molt en directe aix\u00ed que ens veiem.<\/strong><\/p>\n<h4 style=\"text-align: center;\">Visca el riure!<\/h4>\n<p style=\"text-align: center;\">(I la <strong>memantina<\/strong>!) <span style=\"color: #999999; font-family: Calibri;\"> Que escric entre par\u00e8ntesis per si de cas &#8230;<\/span><\/p>\n","protected":false},"excerpt":{"rendered":"<p>&nbsp; Havia pensat en escriure un article amb aquest t\u00edtol d&#8217;aqu\u00ed a uns dies, despr\u00e9s d&#8217;haver tingut temps de comprovar els efectes d&#8217;una nova medicaci\u00f3 que est\u00e0 prenent el meu pare. La hi va receptar el geront\u00f2leg ja fa dies, despr\u00e9s de la visita a la seva consulta i l&#8217;interrogatori al qual el va sotmetre. &hellip; <a href=\"https:\/\/martaberrocal.org\/cat\/memantina-i-glutamat\/\" class=\"more-link\">Continua la lectura de <span class=\"screen-reader-text\">Memantina i glutamat<\/span> <span class=\"meta-nav\">&rarr;<\/span><\/a><\/p>\n","protected":false},"author":1,"featured_media":0,"comment_status":"closed","ping_status":"closed","sticky":false,"template":"","format":"standard","meta":{"footnotes":""},"categories":[47],"tags":[67,78,60,82],"class_list":["post-3619","post","type-post","status-publish","format-standard","hentry","category-creativitat-i-alzheimer","tag-emocions","tag-innovacio","tag-papallones","tag-riure"],"_links":{"self":[{"href":"https:\/\/martaberrocal.org\/cat\/wp-json\/wp\/v2\/posts\/3619","targetHints":{"allow":["GET"]}}],"collection":[{"href":"https:\/\/martaberrocal.org\/cat\/wp-json\/wp\/v2\/posts"}],"about":[{"href":"https:\/\/martaberrocal.org\/cat\/wp-json\/wp\/v2\/types\/post"}],"author":[{"embeddable":true,"href":"https:\/\/martaberrocal.org\/cat\/wp-json\/wp\/v2\/users\/1"}],"replies":[{"embeddable":true,"href":"https:\/\/martaberrocal.org\/cat\/wp-json\/wp\/v2\/comments?post=3619"}],"version-history":[{"count":5,"href":"https:\/\/martaberrocal.org\/cat\/wp-json\/wp\/v2\/posts\/3619\/revisions"}],"predecessor-version":[{"id":3633,"href":"https:\/\/martaberrocal.org\/cat\/wp-json\/wp\/v2\/posts\/3619\/revisions\/3633"}],"wp:attachment":[{"href":"https:\/\/martaberrocal.org\/cat\/wp-json\/wp\/v2\/media?parent=3619"}],"wp:term":[{"taxonomy":"category","embeddable":true,"href":"https:\/\/martaberrocal.org\/cat\/wp-json\/wp\/v2\/categories?post=3619"},{"taxonomy":"post_tag","embeddable":true,"href":"https:\/\/martaberrocal.org\/cat\/wp-json\/wp\/v2\/tags?post=3619"}],"curies":[{"name":"wp","href":"https:\/\/api.w.org\/{rel}","templated":true}]}}