
{"id":3934,"date":"2017-08-07T18:02:57","date_gmt":"2017-08-07T18:02:57","guid":{"rendered":"http:\/\/martaberrocal.org\/cat\/?p=3934"},"modified":"2017-08-08T15:25:00","modified_gmt":"2017-08-08T15:25:00","slug":"sabates-alades","status":"publish","type":"post","link":"https:\/\/martaberrocal.org\/cat\/sabates-alades\/","title":{"rendered":"Sabates alades"},"content":{"rendered":"<p>&nbsp;<\/p>\n<figure id=\"attachment_3935\" aria-describedby=\"caption-attachment-3935\" style=\"width: 190px\" class=\"wp-caption alignleft\"><a href=\"https:\/\/martaberrocal.org\/cat\/wp-content\/uploads\/L-DSC08338-Copiar.jpg\"><img loading=\"lazy\" decoding=\"async\" class=\"wp-image-3935\" src=\"https:\/\/martaberrocal.org\/cat\/wp-content\/uploads\/L-DSC08338-Copiar-258x300.jpg\" alt=\"\" width=\"190\" height=\"221\" srcset=\"https:\/\/martaberrocal.org\/cat\/wp-content\/uploads\/L-DSC08338-Copiar-258x300.jpg 258w, https:\/\/martaberrocal.org\/cat\/wp-content\/uploads\/L-DSC08338-Copiar.jpg 576w\" sizes=\"auto, (max-width: 190px) 100vw, 190px\" \/><\/a><figcaption id=\"caption-attachment-3935\" class=\"wp-caption-text\">Aquest parell de sabates alades porta incorporat un parell de ventiladors que asseguren el vol, tot i que no apareixen a la fotografia<\/figcaption><\/figure>\n<p>Durant la segona setmana de juliol he impartit un curs a l\u2019Escola d\u2019Estiu organitzada per l\u2019Institut de Ci\u00e8ncies de l\u2019Educaci\u00f3 de la Universitat de Barcelona, amb el t\u00edtol: <a href=\"https:\/\/martaberrocal.org\/cat\/emocions-agradables-art-i-creativitat\/\"><span style=\"color: #800080;\"><strong>Emocions agradables, art i creativitat<\/strong>.<\/span><\/a><\/p>\n<p>El curs va comen\u00e7ar amb una invitaci\u00f3 a la reflexi\u00f3 sobre els sentiments que els docents experimenten en el seu lloc de treball i tot seguit es va portar a terme una activitat amb l\u2019objectiu d\u2019alliberar-se, metaf\u00f2ricament parlant, d\u2019aquells que no resulten agradables.<\/p>\n<p>L\u2019exercici es va desenvolupar individualment i en privat, sense que ning\u00fa estigu\u00e9s obligat a fer-los expl\u00edcits. Identificar aquests sentiments \u00e9s el primer pas per aconseguir desfer-se d\u2019ells i poder tot seguit concentrar-se en tots aquells que ens fan sentir b\u00e9, tant amb nosaltres mateixos com amb els dem\u00e9s.<\/p>\n<figure id=\"attachment_3931\" aria-describedby=\"caption-attachment-3931\" style=\"width: 161px\" class=\"wp-caption alignright\"><a href=\"https:\/\/martaberrocal.org\/cat\/wp-content\/uploads\/DSC08375-Copiar.jpg\"><img loading=\"lazy\" decoding=\"async\" class=\"wp-image-3931\" src=\"https:\/\/martaberrocal.org\/cat\/wp-content\/uploads\/DSC08375-Copiar-215x300.jpg\" alt=\"\" width=\"161\" height=\"225\" srcset=\"https:\/\/martaberrocal.org\/cat\/wp-content\/uploads\/DSC08375-Copiar-215x300.jpg 215w, https:\/\/martaberrocal.org\/cat\/wp-content\/uploads\/DSC08375-Copiar.jpg 467w\" sizes=\"auto, (max-width: 161px) 100vw, 161px\" \/><\/a><figcaption id=\"caption-attachment-3931\" class=\"wp-caption-text\">Aquest model requereix una carrera r\u00e0pida per emprendre el vol<\/figcaption><\/figure>\n<p>Seguidament, mitjan\u00e7ant un exercici creatiu, vam transformar les deixalles resultants del proc\u00e9s d\u2019alliberaci\u00f3 en un producte tangible que permet\u00e9s visualitzar els sentiments agradables que els docents desitgen poder experimentar i vam centrar el di\u00e0leg en aquests, analitzant-los des de l\u2019\u00f2ptica del professorat i tamb\u00e9 de l\u2019alumnat.<\/p>\n<p><strong>Quant m\u00e9s treballo en l\u2019\u00e0mbit de les emocions, m\u00e9s clar tinc que resulta dif\u00edcil separar els sentiments en grups estancs i abordar-los per separat<\/strong>. Crec que existeix una relaci\u00f3 d\u00b4interdepend\u00e8ncia entre ells que val la pena aprofitar i que convida a abordar-los d\u2019una manera conjunta.\u00a0 Quan l\u2019objectiu est\u00e0 posat en potenciar la viv\u00e8ncia d\u2019emocions agradables resulta m\u00e9s f\u00e0cil abordar la gesti\u00f3 dels que no ho s\u00f3n tant.<\/p>\n<p>El t\u00edtol d\u2019aquesta ressenya fa refer\u00e8ncia a una de les activitats que vam portar a terme: <strong>construir unes sabates amb ales<\/strong>.<\/p>\n<p>L\u2019activitat se\u2019m va oc\u00f3rrer arrel d\u2019haver impartit pr\u00e8viament un altre curs similar: \u00a0<a href=\"https:\/\/martaberrocal.org\/cat\/potenciar-les-emocions-positives-a-traves-del-llenguatge-artistic\/\"><strong><span style=\"color: #800080;\">Potenciar les emocions positives a trav\u00e9s del llenguatge art\u00edstic.\u00a0<\/span><\/strong><\/a><span style=\"color: #999999; font-family: Calibri;\"> Us convido a llegir l\u2019article que he escrit sobre ell,\u00a0 titulat: <a href=\"https:\/\/martaberrocal.org\/cat\/partir-se-la-caixa\/\"><strong><span style=\"color: #339966;\">Partir-se la caixa<\/span><\/strong><\/a>.<\/span><\/p>\n<p>Li dec la inspiraci\u00f3 a la intervenci\u00f3 d\u2019una mestra que va voler compartir amb la resta de persones del curs les sensacions que t\u00e9 al seu cos quan se sent feli\u00e7.\u00a0 Ens va explicar que se sent com si tingu\u00e9s ales als peus.<\/p>\n<p><a href=\"https:\/\/martaberrocal.org\/cat\/wp-content\/uploads\/r-DSC08037-Copiar.jpg\"><img loading=\"lazy\" decoding=\"async\" class=\"aligncenter wp-image-3932\" src=\"https:\/\/martaberrocal.org\/cat\/wp-content\/uploads\/r-DSC08037-Copiar-300x202.jpg\" alt=\"\" width=\"205\" height=\"138\" srcset=\"https:\/\/martaberrocal.org\/cat\/wp-content\/uploads\/r-DSC08037-Copiar-300x202.jpg 300w, https:\/\/martaberrocal.org\/cat\/wp-content\/uploads\/r-DSC08037-Copiar.jpg 600w\" sizes=\"auto, (max-width: 205px) 100vw, 205px\" \/><\/a><\/p>\n<p><strong>I a qui no li agradaria tenir ales als peus? <\/strong><\/p>\n<p>L\u2019exercici que vaig proposar es basa en una idea que porto explorant des de fa temps i que poso en pr\u00e0ctica cada vegada que tinc ocasi\u00f3:\u00a0 construir o crear imatges i objectes tridimensionals que ens facin sentir b\u00e9, \u00e9s molt m\u00e9s potent que visualitzar-los exclusivament amb la imaginaci\u00f3.\u00a0 Quan determinades imatges positives o agradables transcendeixen l\u2019\u00e0mbit de l\u2019escenari mental per esdevenir reals i tangibles,\u00a0 la seva pot\u00e8ncia i els efectes positius que tenen augmenten exponencialment. M\u00e9s encara quan hi ha hagut un treball previ de disseny, de presa de decisions i de manipulaci\u00f3 de materials i quan es comparteix en grup la concreci\u00f3 de la proposta aix\u00ed com de totes aquelles idees, sentiments\u00a0 i pensaments que s\u2019han experimentat en el transcurs del proc\u00e9s de realitzaci\u00f3.<\/p>\n<p><a href=\"https:\/\/martaberrocal.org\/cat\/wp-content\/uploads\/DSC08359-Copiar.jpg\"><img loading=\"lazy\" decoding=\"async\" class=\"aligncenter wp-image-3929\" src=\"https:\/\/martaberrocal.org\/cat\/wp-content\/uploads\/DSC08359-Copiar-300x225.jpg\" alt=\"\" width=\"200\" height=\"150\" srcset=\"https:\/\/martaberrocal.org\/cat\/wp-content\/uploads\/DSC08359-Copiar-300x225.jpg 300w, https:\/\/martaberrocal.org\/cat\/wp-content\/uploads\/DSC08359-Copiar.jpg 600w\" sizes=\"auto, (max-width: 200px) 100vw, 200px\" \/><\/a><\/p>\n<p><strong>Dels peus alats van sorgir les sabates amb ales.<\/strong><\/p>\n<p>Sovint les intervencions dels alumnes em serveixen de font d\u2019inspiraci\u00f3 per plantejar noves activitats tot i que no sigui al mateix grup on ha sorgit la idea sin\u00f3 a un altre. Em sembla interessant que es produeixin transfer\u00e8ncies entre cursos i m\u00e9s encara entre persones que ni tan sols es coneixen. \u00c9s una manera ben bonica d\u2019enriquir-se i de compartir.<\/p>\n<p>&nbsp;<\/p>\n<div id='gallery-1' class='gallery galleryid-3934 gallery-columns-3 gallery-size-medium'><figure class='gallery-item'>\n\t\t\t<div class='gallery-icon landscape'>\n\t\t\t\t<a href='https:\/\/martaberrocal.org\/cat\/wp-content\/uploads\/DSC08236-Copiar.jpg'><img loading=\"lazy\" decoding=\"async\" width=\"300\" height=\"292\" src=\"https:\/\/martaberrocal.org\/cat\/wp-content\/uploads\/DSC08236-Copiar-300x292.jpg\" class=\"attachment-medium size-medium\" alt=\"\" srcset=\"https:\/\/martaberrocal.org\/cat\/wp-content\/uploads\/DSC08236-Copiar-300x292.jpg 300w, https:\/\/martaberrocal.org\/cat\/wp-content\/uploads\/DSC08236-Copiar.jpg 406w\" sizes=\"auto, (max-width: 300px) 100vw, 300px\" \/><\/a>\n\t\t\t<\/div><\/figure><figure class='gallery-item'>\n\t\t\t<div class='gallery-icon portrait'>\n\t\t\t\t<a href='https:\/\/martaberrocal.org\/cat\/wp-content\/uploads\/DSC08238-Copiar.jpg'><img loading=\"lazy\" decoding=\"async\" width=\"238\" height=\"300\" src=\"https:\/\/martaberrocal.org\/cat\/wp-content\/uploads\/DSC08238-Copiar-238x300.jpg\" class=\"attachment-medium size-medium\" alt=\"\" srcset=\"https:\/\/martaberrocal.org\/cat\/wp-content\/uploads\/DSC08238-Copiar-238x300.jpg 238w, https:\/\/martaberrocal.org\/cat\/wp-content\/uploads\/DSC08238-Copiar.jpg 447w\" sizes=\"auto, (max-width: 238px) 100vw, 238px\" \/><\/a>\n\t\t\t<\/div><\/figure><figure class='gallery-item'>\n\t\t\t<div class='gallery-icon landscape'>\n\t\t\t\t<a href='https:\/\/martaberrocal.org\/cat\/wp-content\/uploads\/DSC08240-Copiar.jpg'><img loading=\"lazy\" decoding=\"async\" width=\"300\" height=\"260\" src=\"https:\/\/martaberrocal.org\/cat\/wp-content\/uploads\/DSC08240-Copiar-300x260.jpg\" class=\"attachment-medium size-medium\" alt=\"\" srcset=\"https:\/\/martaberrocal.org\/cat\/wp-content\/uploads\/DSC08240-Copiar-300x260.jpg 300w, https:\/\/martaberrocal.org\/cat\/wp-content\/uploads\/DSC08240-Copiar.jpg 513w\" sizes=\"auto, (max-width: 300px) 100vw, 300px\" \/><\/a>\n\t\t\t<\/div><\/figure>\n\t\t<\/div>\n\n<p>Tothom va estar disposat a portar un parell de sabates\u00a0 per poder-les transformar. Era la condici\u00f3 indispensable per poder dur la activitat a terme.\u00a0 Vam reunir tants models diferents com persones van assistir al curs i de seguida es va posar en evid\u00e8ncia una q\u00fcesti\u00f3: cada sabata demanava tenir unes ales particulars. Quines?\u00a0 En vam estar parlant pr\u00e8viament. Hi ha molts tipus d\u2019ales, i tamb\u00e9 molts tipus de vols, segons siguin aquestes&#8230;<\/p>\n<p><a href=\"https:\/\/martaberrocal.org\/cat\/wp-content\/uploads\/DSC08354-Copiar.jpg\"><img loading=\"lazy\" decoding=\"async\" class=\"alignright wp-image-3928\" src=\"https:\/\/martaberrocal.org\/cat\/wp-content\/uploads\/DSC08354-Copiar-300x225.jpg\" alt=\"\" width=\"171\" height=\"128\" srcset=\"https:\/\/martaberrocal.org\/cat\/wp-content\/uploads\/DSC08354-Copiar-300x225.jpg 300w, https:\/\/martaberrocal.org\/cat\/wp-content\/uploads\/DSC08354-Copiar.jpg 600w\" sizes=\"auto, (max-width: 171px) 100vw, 171px\" \/><\/a><a href=\"https:\/\/martaberrocal.org\/cat\/wp-content\/uploads\/DSC08337-Copiar.jpg\"><img loading=\"lazy\" decoding=\"async\" class=\"alignleft wp-image-3924\" src=\"https:\/\/martaberrocal.org\/cat\/wp-content\/uploads\/DSC08337-Copiar-300x225.jpg\" alt=\"\" width=\"171\" height=\"128\" srcset=\"https:\/\/martaberrocal.org\/cat\/wp-content\/uploads\/DSC08337-Copiar-300x225.jpg 300w, https:\/\/martaberrocal.org\/cat\/wp-content\/uploads\/DSC08337-Copiar.jpg 600w\" sizes=\"auto, (max-width: 171px) 100vw, 171px\" \/><\/a>La q\u00fcesti\u00f3 dels materials va ser una altre factor a tenir en compte, juntament amb el temps del que dispos\u00e0vem.\u00a0 Era important poder realitzar tot el proc\u00e9s i arribar a materialitzar les idees pr\u00e8vies perqu\u00e8 finalment pogu\u00e9ssim compartir les sabates alades i algunes de les idees que aquestes van ser capaces de suscitar.<\/p>\n<p><strong>No es pot preveure mai qu\u00e8 passar\u00e0 quan un grup de persones es troben amb la possibilitat real de cal\u00e7ar-se unes magn\u00edfiques sabates amb ales &#8230;<\/strong><\/p>\n<p><a href=\"https:\/\/martaberrocal.org\/cat\/wp-content\/uploads\/DSC08353-Copiar.jpg\"><img loading=\"lazy\" decoding=\"async\" class=\"aligncenter size-medium wp-image-3927\" src=\"https:\/\/martaberrocal.org\/cat\/wp-content\/uploads\/DSC08353-Copiar-300x154.jpg\" alt=\"\" width=\"300\" height=\"154\" srcset=\"https:\/\/martaberrocal.org\/cat\/wp-content\/uploads\/DSC08353-Copiar-300x154.jpg 300w, https:\/\/martaberrocal.org\/cat\/wp-content\/uploads\/DSC08353-Copiar-768x395.jpg 768w, https:\/\/martaberrocal.org\/cat\/wp-content\/uploads\/DSC08353-Copiar.jpg 1019w\" sizes=\"auto, (max-width: 300px) 100vw, 300px\" \/><\/a><\/p>\n<p>La Maria, espont\u00e0niament , amb les seves sand\u00e0lies alades\u00a0 a l\u2019estil Leonardo da Vinci i m\u00fasica de fons, va propiciar que tothom qui va voler emprengu\u00e9s el vol per un minut all\u00e0 on va desitjar, sense que hi hagu\u00e9s necessitat d\u2019explicar ni comentar res. Va ser un moment de m\u00e0gia compartida, un moment sensible i emotiu d\u2019extraordin\u00e0ria potencia.<\/p>\n<figure id=\"attachment_3930\" aria-describedby=\"caption-attachment-3930\" style=\"width: 300px\" class=\"wp-caption aligncenter\"><a href=\"https:\/\/martaberrocal.org\/cat\/wp-content\/uploads\/DSC08369-Copiar.jpg\"><img loading=\"lazy\" decoding=\"async\" class=\"size-medium wp-image-3930\" src=\"https:\/\/martaberrocal.org\/cat\/wp-content\/uploads\/DSC08369-Copiar-300x223.jpg\" alt=\"\" width=\"300\" height=\"223\" srcset=\"https:\/\/martaberrocal.org\/cat\/wp-content\/uploads\/DSC08369-Copiar-300x223.jpg 300w, https:\/\/martaberrocal.org\/cat\/wp-content\/uploads\/DSC08369-Copiar.jpg 507w\" sizes=\"auto, (max-width: 300px) 100vw, 300px\" \/><\/a><figcaption id=\"caption-attachment-3930\" class=\"wp-caption-text\">La Maria, accionant el mecanisme de les ales, instants abans d&#8217;emprendre el vol<\/figcaption><\/figure>\n<p>&nbsp;<\/p>\n<p>Vaig plantejar una pregunta:<\/p>\n<p style=\"text-align: center;\"><strong>A on ens poden portar unes sabates amb ales?<\/strong><\/p>\n<p>Vaig recollir les respostes i ens vam adonar de la quantitat de coses que ens permetria tenir un cal\u00e7at com el que havien constru\u00eft.<\/p>\n<figure id=\"attachment_3926\" aria-describedby=\"caption-attachment-3926\" style=\"width: 160px\" class=\"wp-caption aligncenter\"><a href=\"https:\/\/martaberrocal.org\/cat\/wp-content\/uploads\/DSC08351-Copiar.jpg\"><img loading=\"lazy\" decoding=\"async\" class=\"wp-image-3926\" src=\"https:\/\/martaberrocal.org\/cat\/wp-content\/uploads\/DSC08351-Copiar-262x300.jpg\" alt=\"\" width=\"160\" height=\"183\" srcset=\"https:\/\/martaberrocal.org\/cat\/wp-content\/uploads\/DSC08351-Copiar-262x300.jpg 262w, https:\/\/martaberrocal.org\/cat\/wp-content\/uploads\/DSC08351-Copiar.jpg 670w\" sizes=\"auto, (max-width: 160px) 100vw, 160px\" \/><\/a><figcaption id=\"caption-attachment-3926\" class=\"wp-caption-text\">En aquest model, les ales es despleguen quan la seva propiet\u00e0ria no t\u00e9 ganes de tocar de peus a terra<\/figcaption><\/figure>\n<p>Un cop acabat el curs no m\u2019he pogut estar de continuar afegint coses a la llista inicial:<\/p>\n<p style=\"padding-left: 120px;\">A sentir-nos lleugers<br \/>\nA sentir-nos capa\u00e7os<br \/>\nA sentir-nos lliures de tra\u00e7ar el propi cam\u00ed<br \/>\nA desconnectar-nos de les preocupacions terrenals<br \/>\nA passejar sobre els n\u00favols<br \/>\nA veure persones estimades que estan lluny<br \/>\nA somiar amb coses boniques<br \/>\nA veure la terra des de les altures<br \/>\nA tocar el cel amb les puntes del dits i del nas<br \/>\nA ballar en el cel fent filigranes<br \/>\nA l\u2019espai<br \/>\nA experimentar la ingravidesa<br \/>\nA fer exercicis de vol<br \/>\nA tra\u00e7ar <em>loopings <\/em>al cel<\/p>\n<p><a href=\"https:\/\/martaberrocal.org\/cat\/wp-content\/uploads\/DSC08348-Copiar.jpg\"><img loading=\"lazy\" decoding=\"async\" class=\"aligncenter size-medium wp-image-3925\" src=\"https:\/\/martaberrocal.org\/cat\/wp-content\/uploads\/DSC08348-Copiar-300x143.jpg\" alt=\"\" width=\"300\" height=\"143\" srcset=\"https:\/\/martaberrocal.org\/cat\/wp-content\/uploads\/DSC08348-Copiar-300x143.jpg 300w, https:\/\/martaberrocal.org\/cat\/wp-content\/uploads\/DSC08348-Copiar-768x365.jpg 768w, https:\/\/martaberrocal.org\/cat\/wp-content\/uploads\/DSC08348-Copiar.jpg 1023w\" sizes=\"auto, (max-width: 300px) 100vw, 300px\" \/><\/a><\/p>\n<p><strong>No puc deixar de pensar en sabates alades<\/strong>. M\u2019agradaria emprovar-me models diferents. Voldria poder experimentar la llibertat de volar on jo volgu\u00e9s. Voldria que hi haguessin paradetes a les fires amb sabates alades per llogar, a un preu raonable i sabaters especialitzats en la seva cura i reparaci\u00f3 i tamb\u00e9\u00a0 instructors de vol i companys de vol i llapis de colors per pintar els n\u00favols i la lluna mentre volo &#8230;<\/p>\n<p style=\"text-align: center;\"><strong>\u00a0I vosaltres, qu\u00e8 far\u00edeu amb unes sabates amb ales? \u00a0<\/strong><\/p>\n<p><strong>Us convido a imaginar-ho i tamb\u00e9 a que us les calceu tantes vegades com desitgeu. Nom\u00e9s cal tancar els ulls&#8230;tot i que molt millor si abans de tancar-los us lligueu els cordons o la sivella &#8230;<\/strong><\/p>\n<p style=\"text-align: center;\"><strong>\u00a0Bon vol!<\/strong><\/p>\n<p><a href=\"https:\/\/martaberrocal.org\/cat\/wp-content\/uploads\/r-DSC08459-Copiar.jpg\"><img loading=\"lazy\" decoding=\"async\" class=\"aligncenter size-medium wp-image-3933\" src=\"https:\/\/martaberrocal.org\/cat\/wp-content\/uploads\/r-DSC08459-Copiar-246x300.jpg\" alt=\"\" width=\"246\" height=\"300\" srcset=\"https:\/\/martaberrocal.org\/cat\/wp-content\/uploads\/r-DSC08459-Copiar-246x300.jpg 246w, https:\/\/martaberrocal.org\/cat\/wp-content\/uploads\/r-DSC08459-Copiar.jpg 465w\" sizes=\"auto, (max-width: 246px) 100vw, 246px\" \/><\/a><\/p>\n","protected":false},"excerpt":{"rendered":"<p>&nbsp; Durant la segona setmana de juliol he impartit un curs a l\u2019Escola d\u2019Estiu organitzada per l\u2019Institut de Ci\u00e8ncies de l\u2019Educaci\u00f3 de la Universitat de Barcelona, amb el t\u00edtol: Emocions agradables, art i creativitat. El curs va comen\u00e7ar amb una invitaci\u00f3 a la reflexi\u00f3 sobre els sentiments que els docents experimenten en el seu lloc &hellip; <a href=\"https:\/\/martaberrocal.org\/cat\/sabates-alades\/\" class=\"more-link\">Continua la lectura de <span class=\"screen-reader-text\">Sabates alades<\/span> <span class=\"meta-nav\">&rarr;<\/span><\/a><\/p>\n","protected":false},"author":1,"featured_media":0,"comment_status":"closed","ping_status":"closed","sticky":false,"template":"","format":"standard","meta":{"footnotes":""},"categories":[51],"tags":[66,4,8,74,68,69,85,67,78,60,82],"class_list":["post-3934","post","type-post","status-publish","format-standard","hentry","category-ressenyes-sobre-cursos-impartits","tag-art","tag-arte-contemporaneo","tag-creativitat","tag-educacio-especial","tag-educacio-infantil","tag-educacio-primaria","tag-educacio-secundaria","tag-emocions","tag-innovacio","tag-papallones","tag-riure"],"_links":{"self":[{"href":"https:\/\/martaberrocal.org\/cat\/wp-json\/wp\/v2\/posts\/3934","targetHints":{"allow":["GET"]}}],"collection":[{"href":"https:\/\/martaberrocal.org\/cat\/wp-json\/wp\/v2\/posts"}],"about":[{"href":"https:\/\/martaberrocal.org\/cat\/wp-json\/wp\/v2\/types\/post"}],"author":[{"embeddable":true,"href":"https:\/\/martaberrocal.org\/cat\/wp-json\/wp\/v2\/users\/1"}],"replies":[{"embeddable":true,"href":"https:\/\/martaberrocal.org\/cat\/wp-json\/wp\/v2\/comments?post=3934"}],"version-history":[{"count":4,"href":"https:\/\/martaberrocal.org\/cat\/wp-json\/wp\/v2\/posts\/3934\/revisions"}],"predecessor-version":[{"id":3951,"href":"https:\/\/martaberrocal.org\/cat\/wp-json\/wp\/v2\/posts\/3934\/revisions\/3951"}],"wp:attachment":[{"href":"https:\/\/martaberrocal.org\/cat\/wp-json\/wp\/v2\/media?parent=3934"}],"wp:term":[{"taxonomy":"category","embeddable":true,"href":"https:\/\/martaberrocal.org\/cat\/wp-json\/wp\/v2\/categories?post=3934"},{"taxonomy":"post_tag","embeddable":true,"href":"https:\/\/martaberrocal.org\/cat\/wp-json\/wp\/v2\/tags?post=3934"}],"curies":[{"name":"wp","href":"https:\/\/api.w.org\/{rel}","templated":true}]}}