
{"id":3986,"date":"2017-08-14T11:39:40","date_gmt":"2017-08-14T11:39:40","guid":{"rendered":"http:\/\/martaberrocal.org\/cat\/?p=3986"},"modified":"2017-08-14T14:03:50","modified_gmt":"2017-08-14T14:03:50","slug":"home-aixo-no-ho-sabia-jo","status":"publish","type":"post","link":"https:\/\/martaberrocal.org\/cat\/home-aixo-no-ho-sabia-jo\/","title":{"rendered":"Home, aix\u00f2 no ho sabia jo!"},"content":{"rendered":"<p>&nbsp;<\/p>\n<figure id=\"attachment_3981\" aria-describedby=\"caption-attachment-3981\" style=\"width: 244px\" class=\"wp-caption alignleft\"><a href=\"https:\/\/martaberrocal.org\/cat\/wp-content\/uploads\/DSC08500-Copiar.jpg\"><img loading=\"lazy\" decoding=\"async\" class=\"wp-image-3981\" src=\"https:\/\/martaberrocal.org\/cat\/wp-content\/uploads\/DSC08500-Copiar-300x300.jpg\" alt=\"\" width=\"244\" height=\"244\" srcset=\"https:\/\/martaberrocal.org\/cat\/wp-content\/uploads\/DSC08500-Copiar-300x300.jpg 300w, https:\/\/martaberrocal.org\/cat\/wp-content\/uploads\/DSC08500-Copiar-150x150.jpg 150w, https:\/\/martaberrocal.org\/cat\/wp-content\/uploads\/DSC08500-Copiar.jpg 405w\" sizes=\"auto, (max-width: 244px) 100vw, 244px\" \/><\/a><figcaption id=\"caption-attachment-3981\" class=\"wp-caption-text\">Eclipsi de lluna, 7 d&#8217;agost 2017, 20:14 a.m.<\/figcaption><\/figure>\n<p>El t\u00edtol d&#8217;aquest article es correspon amb una frase que el meu pare diu sovint. Em produeix sentiments diferents i tamb\u00e9 ambigus segons el moment en qu\u00e8 la pronuncia.<\/p>\n<p>Sovint em fa esbossar un somriure. Un somriure tenyit de tristor perqu\u00e8 la major part de vegades el que expressa en realitat \u00e9s que <strong>una cosa que s\u00ed que sabia perfectament ha desaparegut del seu cap com per art de m\u00e0gia, a causa de l&#8217;Alzheimer.<\/strong><\/p>\n<p>El to amb que sol pronunciar-la em sona positiu. Denota certa sorpresa i complaen\u00e7a, en el sentit que d\u00f3na la impressi\u00f3 que li complau saber (aprendre) coses que no sabia amb anterioritat, per petites o insignificants que puguin semblar. No recordo ara haver-lo sentit pronunciar-la amb un to diferent, de retret, com si alg\u00fa, deliberadament, no li hagu\u00e9s explicat alguna cosa del seu inter\u00e8s, encara que \u00e9s molt probable que en alguns moments certes coses les percebi aix\u00ed.<\/p>\n<figure id=\"attachment_3992\" aria-describedby=\"caption-attachment-3992\" style=\"width: 135px\" class=\"wp-caption alignright\"><a href=\"https:\/\/martaberrocal.org\/cat\/wp-content\/uploads\/orenetes-Sera-Copiar.jpg\"><img loading=\"lazy\" decoding=\"async\" class=\"wp-image-3992\" src=\"https:\/\/martaberrocal.org\/cat\/wp-content\/uploads\/orenetes-Sera-Copiar-300x300.jpg\" alt=\"\" width=\"135\" height=\"134\" srcset=\"https:\/\/martaberrocal.org\/cat\/wp-content\/uploads\/orenetes-Sera-Copiar-300x300.jpg 300w, https:\/\/martaberrocal.org\/cat\/wp-content\/uploads\/orenetes-Sera-Copiar-150x150.jpg 150w, https:\/\/martaberrocal.org\/cat\/wp-content\/uploads\/orenetes-Sera-Copiar.jpg 600w\" sizes=\"auto, (max-width: 135px) 100vw, 135px\" \/><\/a><figcaption id=\"caption-attachment-3992\" class=\"wp-caption-text\">Niu d&#8217;oreneta. Agramunt, estiu 2017.<\/figcaption><\/figure>\n<p>La intensitat amb que el meu somriure es tenyeix de tristor t\u00e9 a veure amb el que motiva que ell pronunci\u00ef la frase. Crec que alguns detalls relatius a la nostra biografia, que \u00f2bviament no recorda, s\u00f3n els que m\u00e9s m&#8217;entristeixen. Altres coses, com ara que ja no s\u00e0piga que les orenetes construeixen els seus nius amb fang (tema que ha estat motiu de conversa, recentment), o que els eclipsis de lluna no es produeixen amb freq\u00fc\u00e8ncia (\u00eddem), no ho fan tant, \u00e9s m\u00e9s, <strong>em donen l&#8217;oportunitat d\u2019interessar-lo per coses que en altres moments li han interessat i ara percep com a novetats<\/strong>.<\/p>\n<p>Aix\u00f2 m&#8217;ha proporcionat una pista per intentar donar-li la volta a la frase que d\u00f3na t\u00edtol a aquest article i restituir-li el seu sentit original. Pensant-ho b\u00e9, crec que en certa manera el que miro \u00e9s d&#8217;evitar entristir-me sempre que la pronuncia, per\u00f2 alhora aprofito les possibilitats que aix\u00f2 comporta. <strong>El que porto temps fent \u00e9s explicar-li coses que estic segura que ni sap ni sabia,<\/strong> de manera que quan apareix la frase en la conversa ho fa en sentit literal que dista molt d&#8217;equivaler a &#8220;d&#8217;aix\u00f2 ja no es pot recordar&#8221;.<\/p>\n<figure id=\"attachment_3978\" aria-describedby=\"caption-attachment-3978\" style=\"width: 170px\" class=\"wp-caption alignright\"><a href=\"https:\/\/martaberrocal.org\/cat\/wp-content\/uploads\/20170728_084701-Copiar.jpg\"><img loading=\"lazy\" decoding=\"async\" class=\"wp-image-3978\" src=\"https:\/\/martaberrocal.org\/cat\/wp-content\/uploads\/20170728_084701-Copiar-225x300.jpg\" alt=\"\" width=\"170\" height=\"227\" srcset=\"https:\/\/martaberrocal.org\/cat\/wp-content\/uploads\/20170728_084701-Copiar-225x300.jpg 225w, https:\/\/martaberrocal.org\/cat\/wp-content\/uploads\/20170728_084701-Copiar.jpg 450w\" sizes=\"auto, (max-width: 170px) 100vw, 170px\" \/><\/a><figcaption id=\"caption-attachment-3978\" class=\"wp-caption-text\">Flors de carabassa<\/figcaption><\/figure>\n<p>Ell la diu amb la mateixa complaen\u00e7a de sempre i a mi em complau que la digui en aquests moments perqu\u00e8 no equival a un espai en blanc producte de la desintegraci\u00f3 sin\u00f3 m\u00e9s aviat <strong>a un espai en blanc que encara no ha estat ocupat<\/strong>. Expressa realment curiositat, sorpresa i tamb\u00e9 moltes vegades desitjos de saber m\u00e9s sobre el tema que estiguem abordant.<\/p>\n<p>M&#8217;agrada llegir. Em proporciona llibertat. Llibertat per aprendre sobre el que jo decideixo. M&#8217;interessen coses molt diferents i aix\u00f2 en molts sentits \u00e9s un avantatge i en altres no tant.<\/p>\n<p>A l&#8217;efecte de mantenir la motivaci\u00f3, l&#8217;inter\u00e8s i l&#8217;activitat cognitiva del meu pare, a trav\u00e9s de les converses que mantenim di\u00e0riament, constitueix un avantatge. Li parlo sobre moltes de les meves lectures, ja siguin sobre gen\u00e8tica, bot\u00e0nica, neuroci\u00e8ncia, jardineria, ornitologia, hist\u00f2ria de les ci\u00e8ncies, autisme, educaci\u00f3 o matem\u00e0tiques, etc.<\/p>\n<p><a href=\"https:\/\/martaberrocal.org\/cat\/wp-content\/uploads\/20170730_070905-Copiar.jpg\"><img loading=\"lazy\" decoding=\"async\" class=\"alignleft wp-image-3979\" src=\"https:\/\/martaberrocal.org\/cat\/wp-content\/uploads\/20170730_070905-Copiar-200x300.jpg\" alt=\"\" width=\"134\" height=\"201\" srcset=\"https:\/\/martaberrocal.org\/cat\/wp-content\/uploads\/20170730_070905-Copiar-200x300.jpg 200w, https:\/\/martaberrocal.org\/cat\/wp-content\/uploads\/20170730_070905-Copiar.jpg 322w\" sizes=\"auto, (max-width: 134px) 100vw, 134px\" \/><\/a>Recentment un amic m&#8217;ha deixat diversos llibres i un d&#8217;ells m&#8217;ha interessat especialment: &#8220;<span style=\"color: #99cc00;\">Sensibilitat i intel\u00b7lig\u00e8ncia en el m\u00f3n vegetal<\/span>&#8220;, de <strong>Stefano Mancuso<\/strong>.<\/p>\n<p>Ha propiciat que reflexion\u00e9s molt sobre les idees que exposa i sobre educaci\u00f3 (\u00e0mbit al qual inevitablement sempre arribo vingui d&#8217;on vingui) i que hagi dut a terme observacions al jard\u00ed i a l&#8217;hort que no crec que hagu\u00e9s fet de no haver-lo llegit. <strong>Tamb\u00e9 ha inspirat molts minuts de conversa amb el meu pare<\/strong> sobre com d\u2019intel\u00b7ligents i sensibles s\u00f3n les plantes, de les estrat\u00e8gies que fan servir per cr\u00e9ixer, de les solucions que posen en joc per superar determinats obstacles, etc.<\/p>\n<p>Cada vegada que el meu pare, en el transcurs d&#8217;aquestes converses ha pronunciat la frase: <span style=\"color: #339966;\"><strong>Home, aix\u00f2 no ho sabia jo!<\/strong><\/span>, ha estat magn\u00edfic. M&#8217;ha donat peu a contestar:<\/p>\n<p style=\"padding-left: 30px;\"><span style=\"color: #800080;\">&#8211; Escolta, jo tampoc !, el que t&#8217;estic explicant \u00e9s absolutament nou per a mi i t&#8217;agraeixo que m&#8217;escoltis amb tant inter\u00e8s perqu\u00e8 no trobo moltes persones amb les que poder parlar sobre aquests temes.<\/span><\/p>\n<figure id=\"attachment_3980\" aria-describedby=\"caption-attachment-3980\" style=\"width: 236px\" class=\"wp-caption alignleft\"><a href=\"https:\/\/martaberrocal.org\/cat\/wp-content\/uploads\/DSC08486-Copiar.jpg\"><img loading=\"lazy\" decoding=\"async\" class=\"wp-image-3980\" src=\"https:\/\/martaberrocal.org\/cat\/wp-content\/uploads\/DSC08486-Copiar-300x225.jpg\" alt=\"\" width=\"236\" height=\"177\" srcset=\"https:\/\/martaberrocal.org\/cat\/wp-content\/uploads\/DSC08486-Copiar-300x225.jpg 300w, https:\/\/martaberrocal.org\/cat\/wp-content\/uploads\/DSC08486-Copiar.jpg 600w\" sizes=\"auto, (max-width: 236px) 100vw, 236px\" \/><\/a><figcaption id=\"caption-attachment-3980\" class=\"wp-caption-text\">Detall d&#8217;una flor de carabassa<\/figcaption><\/figure>\n<p>Aquest tipus de comentaris l\u2019agraden. I em convida a que segueixi explicant-li coses. Se sent especial, \u00fatil i satisfet quan els faig. M\u00e9s encara quan li dic que per a mi \u00e9s un exercici magn\u00edfic explicar-li coses sobre les meves lectures perqu\u00e8 m&#8217;obliga en certa manera a resumir i a sintetitzar idees i aix\u00f2 m&#8217;ajuda a interioritzar els continguts sobre els que llegeixo. <strong>I \u00e9s cert<\/strong>. M\u00e9s si es t\u00e9 en compte que la comunicaci\u00f3 amb els malalts d&#8217;Alzheimer comporta sovint algunes dificultats. Cal simplificar idees, repetir-les, posar exemples, parlar a poc a poc, tornar a comen\u00e7ar pel principi, repetir paraules, lletrejar, etc. <strong>Jo aprenc molt\u00edssim de l&#8217;experi\u00e8ncia i ell segueix les meves explicacions amb molt inter\u00e8s, tot\u00a0 ique despr\u00e9s tingui dificultat per guardar les dades.<\/strong><\/p>\n<p><a href=\"https:\/\/martaberrocal.org\/cat\/wp-content\/uploads\/DSC08543-Copiar.jpg\"><img loading=\"lazy\" decoding=\"async\" class=\"alignright size-medium wp-image-3989\" src=\"https:\/\/martaberrocal.org\/cat\/wp-content\/uploads\/DSC08543-Copiar-300x279.jpg\" alt=\"\" width=\"300\" height=\"279\" srcset=\"https:\/\/martaberrocal.org\/cat\/wp-content\/uploads\/DSC08543-Copiar-300x279.jpg 300w, https:\/\/martaberrocal.org\/cat\/wp-content\/uploads\/DSC08543-Copiar.jpg 433w\" sizes=\"auto, (max-width: 300px) 100vw, 300px\" \/><\/a>Dels llibres passem a les observacions i a les hip\u00f2tesis. Li explico per exemple que porto dies fixant-me en com creixen les carabasses a l&#8217;hort i tamb\u00e9 les mates de cogombres. Les dues plantes generen uns filaments que els permet subjectar-se i enfilar-se. \u00c9s molt curiosa la manera en qu\u00e8 aquests creixen: comencen sent com fils desplegats i quan presumeixo que detecten\u00a0 alguna superf\u00edcie propera a la qual poder-se subjectar s&#8217;enrotllen sobre si mateixos, formant una esp\u00e8cie de molla i a continuaci\u00f3 s&#8217;enrosquen al voltant del suport que hagin trobat.<\/p>\n<figure id=\"attachment_3982\" aria-describedby=\"caption-attachment-3982\" style=\"width: 227px\" class=\"wp-caption alignleft\"><a href=\"https:\/\/martaberrocal.org\/cat\/wp-content\/uploads\/DSC08510-Copiar.jpg\"><img loading=\"lazy\" decoding=\"async\" class=\"wp-image-3982\" src=\"https:\/\/martaberrocal.org\/cat\/wp-content\/uploads\/DSC08510-Copiar-300x225.jpg\" alt=\"\" width=\"227\" height=\"170\" srcset=\"https:\/\/martaberrocal.org\/cat\/wp-content\/uploads\/DSC08510-Copiar-300x225.jpg 300w, https:\/\/martaberrocal.org\/cat\/wp-content\/uploads\/DSC08510-Copiar.jpg 600w\" sizes=\"auto, (max-width: 227px) 100vw, 227px\" \/><\/a><figcaption id=\"caption-attachment-3982\" class=\"wp-caption-text\">Circells enrotllats com una molla, d&#8217;una planta de carabassa<\/figcaption><\/figure>\n<p style=\"padding-left: 30px;\">&#8211; <span style=\"color: #339966;\">Home, aix\u00f2 no ho sabia jo !<\/span>, diu el meu pare.<\/p>\n<p>&#8211;<span style=\"color: #800080;\"> B\u00e9, ni jo! Ho acabo de descobrir i t&#8217;estic fent part\u00edcip dels meus descobriments i observacions.<\/span> I segueixo: <span style=\"color: #800080;\">Jo crec que enroscar-se formant una molla fa que la fixaci\u00f3 de la planta sigui molt m\u00e9s resistent. La molla \u00e9s capa\u00e7 de suportar millor el moviment perqu\u00e8 pot allargar-se sense trencar-se i recuperar despr\u00e9s la forma.<\/span><\/p>\n<p style=\"padding-left: 30px;\">&#8211; <span style=\"color: #339966;\">Home, aix\u00f2 no ho sabia jo !<\/span>, torna a dir el meu pare.<\/p>\n<p style=\"padding-left: 30px;\">&#8211;<span style=\"color: #800080;\">Ni jo tampoc<\/span>, torno a contestar. <span style=\"color: #800080;\">A m\u00e9s, el que t\u00b4acabo d&#8217;explicar \u00e9s una pura hip\u00f2tesi. Despr\u00e9s del que he llegit sobre com de <strong>llestes<\/strong> s\u00f3n les plantes em sembla que aix\u00f2 podria ser un magn\u00edfic exemple, no et sembla? Fabriquen molles per millorar la seva capacitat de fixaci\u00f3.<\/span><\/p>\n<div id='gallery-1' class='gallery galleryid-3986 gallery-columns-2 gallery-size-medium'><figure class='gallery-item'>\n\t\t\t<div class='gallery-icon portrait'>\n\t\t\t\t<a href='https:\/\/martaberrocal.org\/cat\/wp-content\/uploads\/DSC08515-Copiar.jpg'><img loading=\"lazy\" decoding=\"async\" width=\"225\" height=\"300\" src=\"https:\/\/martaberrocal.org\/cat\/wp-content\/uploads\/DSC08515-Copiar-225x300.jpg\" class=\"attachment-medium size-medium\" alt=\"\" aria-describedby=\"gallery-1-3985\" srcset=\"https:\/\/martaberrocal.org\/cat\/wp-content\/uploads\/DSC08515-Copiar-225x300.jpg 225w, https:\/\/martaberrocal.org\/cat\/wp-content\/uploads\/DSC08515-Copiar.jpg 450w\" sizes=\"auto, (max-width: 225px) 100vw, 225px\" \/><\/a>\n\t\t\t<\/div>\n\t\t\t\t<figcaption class='wp-caption-text gallery-caption' id='gallery-1-3985'>\n\t\t\t\tCircell d&#8217;una mata de cogombres\n\t\t\t\t<\/figcaption><\/figure><figure class='gallery-item'>\n\t\t\t<div class='gallery-icon portrait'>\n\t\t\t\t<a href='https:\/\/martaberrocal.org\/cat\/wp-content\/uploads\/DSC08514-Copiar.jpg'><img loading=\"lazy\" decoding=\"async\" width=\"225\" height=\"300\" src=\"https:\/\/martaberrocal.org\/cat\/wp-content\/uploads\/DSC08514-Copiar-225x300.jpg\" class=\"attachment-medium size-medium\" alt=\"\" aria-describedby=\"gallery-1-3984\" srcset=\"https:\/\/martaberrocal.org\/cat\/wp-content\/uploads\/DSC08514-Copiar-225x300.jpg 225w, https:\/\/martaberrocal.org\/cat\/wp-content\/uploads\/DSC08514-Copiar.jpg 450w\" sizes=\"auto, (max-width: 225px) 100vw, 225px\" \/><\/a>\n\t\t\t<\/div>\n\t\t\t\t<figcaption class='wp-caption-text gallery-caption' id='gallery-1-3984'>\n\t\t\t\tCircell d&#8217;una mata de cogombres\n\t\t\t\t<\/figcaption><\/figure>\n\t\t<\/div>\n\n<p style=\"padding-left: 30px;\"><span style=\"color: #339966;\">&#8211; Home, \u201c<strong>llestes<\/strong>\u201d no s\u00e9 si seria la paraula<\/span>, diu ell.<\/p>\n<p>I ric amb la seva resposta i li explico que precisament aquest \u00e9s un dels conceptes que defensa l&#8217;autor del llibre que he llegit.<\/p>\n<p><strong>I seguim la conversa sobre un munt de coses que tots dos no sab\u00edem.<\/strong><\/p>\n<p>Alguns dies acaba dient-me que li agrada molt parlar amb mi. Li semblen molt interessants les coses que li explico. I a mi em fa feli\u00e7 que m&#8217;ho digui.<\/p>\n<p style=\"text-align: center;\">*<\/p>\n<p>No sempre \u00e9s possible desenvolupar estupendes converses ni restituir el sentit original de la frase que ha motivat aquest article, ho reconec. El seu estat d&#8217;\u00e0nim, la seva receptivitat, el seu nivell de connectivitat, etc., no s\u00f3n sempre els mateixos, varien, com els de qualsevol altra persona, entre les quals m&#8217;incloc. No obstant aix\u00f2, quan s\u00ed que \u00e9s possible, <strong>tots dos aprenem molt\u00edssim, aix\u00ed que penso que val la pena intentar explicar-li coses que no ha sabut mai i constitueixen una veritable novetat.<\/strong><\/p>\n<p><a href=\"https:\/\/martaberrocal.org\/cat\/wp-content\/uploads\/DSC08509-Copiar.jpg\"><img loading=\"lazy\" decoding=\"async\" class=\"aligncenter size-medium wp-image-3990\" src=\"https:\/\/martaberrocal.org\/cat\/wp-content\/uploads\/DSC08509-Copiar-300x230.jpg\" alt=\"\" width=\"300\" height=\"230\" srcset=\"https:\/\/martaberrocal.org\/cat\/wp-content\/uploads\/DSC08509-Copiar-300x230.jpg 300w, https:\/\/martaberrocal.org\/cat\/wp-content\/uploads\/DSC08509-Copiar.jpg 405w\" sizes=\"auto, (max-width: 300px) 100vw, 300px\" \/><\/a><\/p>\n","protected":false},"excerpt":{"rendered":"<p>&nbsp; El t\u00edtol d&#8217;aquest article es correspon amb una frase que el meu pare diu sovint. Em produeix sentiments diferents i tamb\u00e9 ambigus segons el moment en qu\u00e8 la pronuncia. Sovint em fa esbossar un somriure. Un somriure tenyit de tristor perqu\u00e8 la major part de vegades el que expressa en realitat \u00e9s que una &hellip; <a href=\"https:\/\/martaberrocal.org\/cat\/home-aixo-no-ho-sabia-jo\/\" class=\"more-link\">Continua la lectura de <span class=\"screen-reader-text\">Home, aix\u00f2 no ho sabia jo!<\/span> <span class=\"meta-nav\">&rarr;<\/span><\/a><\/p>\n","protected":false},"author":1,"featured_media":0,"comment_status":"closed","ping_status":"closed","sticky":false,"template":"","format":"standard","meta":{"footnotes":""},"categories":[47],"tags":[58,67,73,79,82],"class_list":["post-3986","post","type-post","status-publish","format-standard","hentry","category-creativitat-i-alzheimer","tag-botanica","tag-emocions","tag-groc","tag-memoria","tag-riure"],"_links":{"self":[{"href":"https:\/\/martaberrocal.org\/cat\/wp-json\/wp\/v2\/posts\/3986","targetHints":{"allow":["GET"]}}],"collection":[{"href":"https:\/\/martaberrocal.org\/cat\/wp-json\/wp\/v2\/posts"}],"about":[{"href":"https:\/\/martaberrocal.org\/cat\/wp-json\/wp\/v2\/types\/post"}],"author":[{"embeddable":true,"href":"https:\/\/martaberrocal.org\/cat\/wp-json\/wp\/v2\/users\/1"}],"replies":[{"embeddable":true,"href":"https:\/\/martaberrocal.org\/cat\/wp-json\/wp\/v2\/comments?post=3986"}],"version-history":[{"count":7,"href":"https:\/\/martaberrocal.org\/cat\/wp-json\/wp\/v2\/posts\/3986\/revisions"}],"predecessor-version":[{"id":4001,"href":"https:\/\/martaberrocal.org\/cat\/wp-json\/wp\/v2\/posts\/3986\/revisions\/4001"}],"wp:attachment":[{"href":"https:\/\/martaberrocal.org\/cat\/wp-json\/wp\/v2\/media?parent=3986"}],"wp:term":[{"taxonomy":"category","embeddable":true,"href":"https:\/\/martaberrocal.org\/cat\/wp-json\/wp\/v2\/categories?post=3986"},{"taxonomy":"post_tag","embeddable":true,"href":"https:\/\/martaberrocal.org\/cat\/wp-json\/wp\/v2\/tags?post=3986"}],"curies":[{"name":"wp","href":"https:\/\/api.w.org\/{rel}","templated":true}]}}