
{"id":4141,"date":"2017-08-30T17:12:53","date_gmt":"2017-08-30T17:12:53","guid":{"rendered":"http:\/\/martaberrocal.org\/cat\/?p=4141"},"modified":"2017-08-30T17:12:53","modified_gmt":"2017-08-30T17:12:53","slug":"mig-eclipsi-de-sol","status":"publish","type":"post","link":"https:\/\/martaberrocal.org\/cat\/mig-eclipsi-de-sol\/","title":{"rendered":"Mig eclipsi de sol"},"content":{"rendered":"<p>&nbsp;<\/p>\n<p><a href=\"https:\/\/martaberrocal.org\/cat\/wp-content\/uploads\/r-DSC08612-Copiar.jpg\"><img loading=\"lazy\" decoding=\"async\" class=\"alignleft size-medium wp-image-4138\" src=\"https:\/\/martaberrocal.org\/cat\/wp-content\/uploads\/r-DSC08612-Copiar-300x220.jpg\" alt=\"\" width=\"300\" height=\"220\" srcset=\"https:\/\/martaberrocal.org\/cat\/wp-content\/uploads\/r-DSC08612-Copiar-300x220.jpg 300w, https:\/\/martaberrocal.org\/cat\/wp-content\/uploads\/r-DSC08612-Copiar.jpg 557w\" sizes=\"auto, (max-width: 300px) 100vw, 300px\" \/><\/a>Ja fa uns quants dies, quan vaig trucar al meu pare per tel\u00e8fon a fi de mantenir la nostra conversa di\u00e0ria i contribuir aix\u00ed a exercitar les seves capacitats, minvades per l&#8217;Alzheimer, estava assegut sota el til\u00b7ler del seu jard\u00ed.<\/p>\n<p>\u00c9s un lloc que identifico sense problemes i que puc recrear mentalment en molts sentits. De vegades passem llargues estones asseguts junts sota l&#8217;arbre. En aquell moment ell estava contemplant el cel des d&#8217;on estava i em va explicar que just estava observant <strong>mig eclipsi de sol.<\/strong><\/p>\n<p><strong>Qu\u00e8 po\u00e8tic i suggeridor!<\/strong> Mai havia sentit parlar de mig eclipsi. D&#8217;un parcial si, per\u00f2 <strong>mig<\/strong> em va semblar molt m\u00e9s divertit i interessant.<\/p>\n<p><img loading=\"lazy\" decoding=\"async\" class=\"aligncenter size-medium wp-image-4137\" src=\"https:\/\/martaberrocal.org\/cat\/wp-content\/uploads\/telescope-2518988_1280-300x150.png\" alt=\"\" width=\"300\" height=\"150\" srcset=\"https:\/\/martaberrocal.org\/cat\/wp-content\/uploads\/telescope-2518988_1280-300x150.png 300w, https:\/\/martaberrocal.org\/cat\/wp-content\/uploads\/telescope-2518988_1280-768x384.png 768w, https:\/\/martaberrocal.org\/cat\/wp-content\/uploads\/telescope-2518988_1280-1024x512.png 1024w, https:\/\/martaberrocal.org\/cat\/wp-content\/uploads\/telescope-2518988_1280.png 1280w\" sizes=\"auto, (max-width: 300px) 100vw, 300px\" \/><\/p>\n<p>No vaig saber en realitat a qu\u00e8 es referia exactament aix\u00ed que vaig preferir escoltar. Vaig tenir la impressi\u00f3 que potser havia transformat l&#8217;eclipsi de lluna que havia tingut lloc uns dies abans, en un <strong>mig de sol.<\/strong> O potser no, i havia integrat <strong>mitges dades<\/strong> sobre un anunciat i proper eclipsi total de sol, visible nom\u00e9s a Estats Units, i per aix\u00f2 nom\u00e9s tenia en ment <strong>mig eclipsi.<\/strong><\/p>\n<p>Les seves explicacions sobre ell van ser molt confuses. Crec que mirava d&#8217;explicar-me alguna cosa relacionada amb els eclipsis en general. Una cosa sobre &#8220;els dos&#8221; que ho provocaven, com si s&#8217;estigu\u00e9s referint al sol i l&#8217;objecte (la lluna) que s&#8217;interposa entre ell i la terra, produint una transit\u00f2ria apagada solar.<\/p>\n<p>Tot d&#8217;una em va dir:<\/p>\n<p style=\"padding-left: 30px;\"><span style=\"color: #339966;\">&#8211; El que produeix ombra hi \u00e9s. Mmmmm &#8230; Una mena de &#8230; mmmmmm &#8230; una mena de cub amb una caseta a sobre &#8230; No ho s\u00e9 &#8230;<\/span><\/p>\n<p>Tinc la impressi\u00f3 que quan diu: &#8220;No ho s\u00e9&#8221; (amb to dubitatiu), \u00e9s que t\u00e9 dificultats per seguir, per motius que poden ser diferents.<\/p>\n<p>Vaig pensar que possiblement el cub amb la caseta a sobre havia de correspondre amb la silueta d&#8217;algun dels edificis que veu a la llunyania assegut sota el til\u00b7ler, per\u00f2 no s\u00e9 realment a qu\u00e8 es referia.<\/p>\n<p><img loading=\"lazy\" decoding=\"async\" class=\"alignleft wp-image-4131\" src=\"https:\/\/martaberrocal.org\/cat\/wp-content\/uploads\/20170830_175426-Copiar-238x300.jpg\" alt=\"\" width=\"140\" height=\"176\" srcset=\"https:\/\/martaberrocal.org\/cat\/wp-content\/uploads\/20170830_175426-Copiar-238x300.jpg 238w, https:\/\/martaberrocal.org\/cat\/wp-content\/uploads\/20170830_175426-Copiar.jpg 476w\" sizes=\"auto, (max-width: 140px) 100vw, 140px\" \/><strong>La seva explicaci\u00f3 em va tornar a semblar po\u00e8tica i suggeridora<\/strong>. Em va fer pensar en el Petit Pr\u00edncep de Saint-Exup\u00e9ry i vaig imaginar un planeta c\u00fabic amb una caseta a sobre produint mitjos eclipsis de sol, peri\u00f2dicament.<\/p>\n<p>Atendre les seves explicacions no costa. El que resulta dif\u00edcil \u00e9s intentar racionalitzar aquest tipus de converses, i a m\u00e9s, crec que no t\u00e9 cap sentit. De qu\u00e8 serveix intentar conv\u00e8ncer-lo que no hi ha cap eclipsi si ell ho veu, almenys mig? \u00bfDe qu\u00e8 serveix explicar-li que \u00e9s la lluna i no un cub amb caseta la que produeix eclipsis?<\/p>\n<p>Resulta m\u00e9s f\u00e0cil i crec que tamb\u00e9 m\u00e9s estimulant convidar-lo a seguir parlant i a descriure o explicar el que intenta, ajudant-lo amb alguna paraula, encara que li costi,\u00a0 i a escoltar amb paci\u00e8ncia les seves explicacions, que solen ser lentes, refor\u00e7ant-les amb frases senzilles com aquesta:<\/p>\n<p style=\"padding-left: 30px;\"><span style=\"color: #800080;\">&#8211; Quina sort tens d&#8217;estar veient mig eclipsi! Des de casa meva ja no puc veure el sol, s&#8217;ha amagat darrera del promontori que ocupa la casa del ve\u00ed. Els eclipsis s\u00f3n fen\u00f2mens molt interessants. A mi m&#8217;agraden molt<\/span>. (Contesta que a ell tamb\u00e9)<\/p>\n<p><img loading=\"lazy\" decoding=\"async\" class=\"aligncenter size-medium wp-image-4136\" src=\"https:\/\/martaberrocal.org\/cat\/wp-content\/uploads\/solar-eclipse-2678411_1920-300x236.jpg\" alt=\"\" width=\"300\" height=\"236\" srcset=\"https:\/\/martaberrocal.org\/cat\/wp-content\/uploads\/solar-eclipse-2678411_1920-300x236.jpg 300w, https:\/\/martaberrocal.org\/cat\/wp-content\/uploads\/solar-eclipse-2678411_1920-768x603.jpg 768w, https:\/\/martaberrocal.org\/cat\/wp-content\/uploads\/solar-eclipse-2678411_1920-1024x804.jpg 1024w, https:\/\/martaberrocal.org\/cat\/wp-content\/uploads\/solar-eclipse-2678411_1920.jpg 1920w\" sizes=\"auto, (max-width: 300px) 100vw, 300px\" \/><\/p>\n<p>No recordo com va seguir la conversa, per\u00f2 s\u00e9 que vam saltar a un altre tema aix\u00ed que va ser possible. De vegades nom\u00e9s es tracta d&#8217;efectuar una maniobra suau de canvi de direcci\u00f3.<\/p>\n<p style=\"padding-left: 30px;\"><span style=\"color: #800080;\">&#8211; Escolta, mentre tu estaves ara gaudint de l&#8217;eclipsi, saps qu\u00e8 estava fent jo?<\/span><\/p>\n<p style=\"padding-left: 30px;\"><span style=\"color: #339966;\">&#8211; No, ni idea.<\/span><\/p>\n<p style=\"padding-left: 30px;\"><span style=\"color: #800080;\">&#8211; Doncs estava lligant les tomaqueres de l&#8217;hort amb unes fibres vegetals que vaig comprar l&#8217;altre dia anant amb tu.<\/span><\/p>\n<p style=\"padding-left: 30px;\"><span style=\"color: #339966;\">&#8211; Amb mi?<\/span><\/p>\n<p style=\"padding-left: 30px;\"><span style=\"color: #800080;\">&#8211; Si, no s\u00e9 si et recordar\u00e0s de que fa ja uns dies vam anar a comprar verdures i vam estar asseguts una bona estona <strong><a href=\"https:\/\/martaberrocal.org\/cat\/sota-el-roure-a-lestil-thoreau\/\">sota un roure<\/a>.<\/strong><\/span><\/p>\n<p style=\"padding-left: 30px;\"><span style=\"color: #339966;\">&#8211; Un roure?<\/span><\/p>\n<p style=\"padding-left: 30px;\"><span style=\"color: #800080;\">&#8211; S\u00ed, un roure al costat d&#8217;una bassa amb peixos<\/span><\/p>\n<p style=\"padding-left: 30px;\"><span style=\"color: #339966;\">&#8211; Ah s\u00ed, ja ho recordo!M&#8217;agrada molt aquest lloc. Tu has estat alguna vegada all\u00e0?<\/span><\/p>\n<p style=\"padding-left: 30px;\"><span style=\"color: #800080;\">&#8211; Si s\u00ed, l&#8217;altre dia vaig comprar-hi unes fibres vegetals.<\/span><\/p>\n<p style=\"padding-left: 30px;\"><span style=\"color: #339966;\">&#8211; Fibres vegetals?<img loading=\"lazy\" decoding=\"async\" class=\"alignright wp-image-4133\" src=\"https:\/\/martaberrocal.org\/cat\/wp-content\/uploads\/DSC08656-Copiar-133x300.jpg\" alt=\"\" width=\"98\" height=\"222\" srcset=\"https:\/\/martaberrocal.org\/cat\/wp-content\/uploads\/DSC08656-Copiar-133x300.jpg 133w, https:\/\/martaberrocal.org\/cat\/wp-content\/uploads\/DSC08656-Copiar.jpg 265w\" sizes=\"auto, (max-width: 98px) 100vw, 98px\" \/><\/span><\/p>\n<p style=\"padding-left: 30px;\"><span style=\"color: #800080;\">-S\u00ed, no sabria dir-te quin tipus de fibres, hi ha moltes diferents. Totes estan fetes amb plantes, com la pita, el jute o la r\u00e0fia. S\u00f3n ideals per a lligar les tomaqueres perqu\u00e8 s\u00f3n biodegradables a difer\u00e8ncia dels pl\u00e0stics.<\/span><\/p>\n<p style=\"padding-left: 30px;\"><span style=\"color: #339966;\"><strong>&#8211; S\u00ed, pot ser.<\/strong><\/span><\/p>\n<p>Aquesta \u00faltima frase tamb\u00e9 l\u2019empra amb freq\u00fc\u00e8ncia. Admet com una possibilitat que el que li explico pugui ser cert, per\u00f2 nom\u00e9s com a possibilitat. En aquest cas no diu:<a href=\"https:\/\/martaberrocal.org\/cat\/home-aixo-no-ho-sabia-jo\/\"> <strong>Home, aix\u00f2 no ho sabia jo!<\/strong><\/a>, cosa que fa en altres ocasions, com ja he explicat. No s\u00e9 de qu\u00e8 dep\u00e8n, per\u00f2 tinc la impressi\u00f3 que quan exclama aquesta \u00faltima frase ho fa amb sorpresa i curiositat i ganes de saber fins i tot m\u00e9s coses i la veritat \u00e9s que no tots els temes li susciten el mateix inter\u00e8s. En aquest cas reconec que l&#8217;eclipsi era m\u00e9s interessant que les meves fibres vegetals, per\u00f2 l&#8217;intent d&#8217;efectuar una maniobra suau de canvi de direcci\u00f3 em va portar a elles sense haver-m&#8217;ho proposat.<\/p>\n<p>De les fibres vam saltar al pl\u00e0stic. Li vaig explicar que temps enrere havia fet servir cordills de pl\u00e0stic per lligar les tomaqueres fins que alg\u00fa ent\u00e8s em va fer una reflexi\u00f3 i em va suggerir que no ho torn\u00e9s a emprar. No \u00e9s biodegradable i cal retirar-lo manualment de les mates quan aquestes moren a finals d&#8217;estiu per evitar que caigui a terra i es barregi amb la terra.<\/p>\n<p><img loading=\"lazy\" decoding=\"async\" class=\"alignleft size-medium wp-image-4134\" src=\"https:\/\/martaberrocal.org\/cat\/wp-content\/uploads\/DSC08659-Copiar-225x300.jpg\" alt=\"\" width=\"225\" height=\"300\" srcset=\"https:\/\/martaberrocal.org\/cat\/wp-content\/uploads\/DSC08659-Copiar-225x300.jpg 225w, https:\/\/martaberrocal.org\/cat\/wp-content\/uploads\/DSC08659-Copiar.jpg 450w\" sizes=\"auto, (max-width: 225px) 100vw, 225px\" \/><span style=\"color: #339966;\">&#8211; O sigui que el pl\u00e0stic \u00e9s biodegradable?<\/span><\/p>\n<p><span style=\"color: #800080;\">&#8211; No, no, al contrari. El pl\u00e0stic no es degrada i cada any es recullen tones de pl\u00e0stics dels mars de tot el planeta, a on han anat a parar com a residus.<\/span><\/p>\n<p><span style=\"color: #339966;\"><strong>&#8211; Home aix\u00f2 no ho sabia jo!<\/strong><\/span><\/p>\n<p>La seva frase va denotar el seu inter\u00e8s de forma inequ\u00edvoca. Vaig aprofitar i vaig seguir proporcionant-li tota la informaci\u00f3 que se\u2019m va acudir en relaci\u00f3 amb el problema que representen per al planeta els residus pl\u00e0stics que genera l&#8217;home. La conversa va fluir a millor ritme que minuts enrere quan vam comen\u00e7ar amb el <strong>mig eclipsi.<\/strong><\/p>\n<p>I pocs minuts despr\u00e9s em va explicar que s&#8217;havia assabentat que en una platja d\u2019aqu\u00ed a prop tenien problemes a causa dels molts pl\u00e0stics acumulats i no es podien ni banyar de la quantitat d&#8217;ampolles i coses que s&#8217;havien acumulat a&#8230; a&#8230; a&#8230;<\/p>\n<p style=\"padding-left: 30px;\"><span style=\"color: #800080;\">&#8211; \u00bfAl mar?<\/span>, li vaig ajudar a completar.<\/p>\n<p><strong>Va posar en joc una intel\u00b7ligent maniobra: es va apropiar d&#8217;informacions que jo li acabava de proporcionar, les va transformar creativament<\/strong> (probablement les va barrejar amb altres coses) <strong>i les va fer emergir al cap de molt poc en la conversa, participant aix\u00ed en ella amb molt sentit.<\/strong> A m\u00e9s, va atribuir el que sabia a qu\u00e8 ho havia llegit en algun lloc. Probablement al diari. El llegeix cada dia. Ho fa en m\u00e9s d&#8217;una ocasi\u00f3 perqu\u00e8 sovint no es recorda que ja ho ha estat llegint o fullejant. Tamb\u00e9 pel fet que cada vegada li resulten m\u00e9s incomprensibles les not\u00edcies que hi apareixen. Darrerament, m&#8217;ho comenta sovint:<\/p>\n<p style=\"padding-left: 30px;\"><span style=\"color: #339966;\">&#8211; Escolta arriba un moment en qu\u00e8 jo em perdo amb el que posa el diari.<\/span><\/p>\n<p style=\"padding-left: 30px;\"><span style=\"color: #800080;\">&#8211; No m&#8217;estranya! li dic. No hi ha qui entengui com funciona el m\u00f3n! En general est\u00e0 el panorama molt boig, aqu\u00ed i a tot arreu.<\/span> <span style=\"color: #999999; font-family: Calibri;\">I manifesta estar completament d&#8217;acord amb mi.<\/span><\/p>\n<p><img loading=\"lazy\" decoding=\"async\" class=\"aligncenter wp-image-4140\" src=\"https:\/\/martaberrocal.org\/cat\/wp-content\/uploads\/r-solar-eclipse-2017-2670350_1920-300x300.jpg\" alt=\"\" width=\"166\" height=\"166\" srcset=\"https:\/\/martaberrocal.org\/cat\/wp-content\/uploads\/r-solar-eclipse-2017-2670350_1920-300x300.jpg 300w, https:\/\/martaberrocal.org\/cat\/wp-content\/uploads\/r-solar-eclipse-2017-2670350_1920-150x150.jpg 150w, https:\/\/martaberrocal.org\/cat\/wp-content\/uploads\/r-solar-eclipse-2017-2670350_1920-768x768.jpg 768w, https:\/\/martaberrocal.org\/cat\/wp-content\/uploads\/r-solar-eclipse-2017-2670350_1920-1024x1024.jpg 1024w, https:\/\/martaberrocal.org\/cat\/wp-content\/uploads\/r-solar-eclipse-2017-2670350_1920.jpg 1222w\" sizes=\"auto, (max-width: 166px) 100vw, 166px\" \/><\/p>\n<p><strong>No era la primera vegada que posava en joc aquesta maniobra, ni la primera vegada que jo m&#8217;adonava. Per\u00f2 s\u00ed que \u00e9s la primera vegada que jo vaig estar reflexionant sobre ella. Podia esdevenir una possible estrat\u00e8gia a posar en pr\u00e0ctica per la meva part ara que havia transcendit el terreny de les observacions inconscients.<\/strong><\/p>\n<p>Quantes m\u00e9s dades recents tingui sobre un tema que sigui objecte de conversa entre nosaltres, m\u00e9s podr\u00e0 intervenir ell, aportant la mateixa informaci\u00f3 (transformada) que se li acaba de proporcionar. Es tracta per tant de proporcionar-li dades, entenedors i senzills que ell pugui gestionar i recordar en el transcurs de l&#8217;estona que dura la conversa per tel\u00e8fon. Aix\u00ed ell se sent protagonista perqu\u00e8 tamb\u00e9 aporta dades interessants a la conversa. Solen ser bastant originals.<\/p>\n<p>Trobo po\u00e8tiques les seves transformacions, i tamb\u00e9 suggeridores, creatives i divertides. <strong>Cada vegada estic m\u00e9s conven\u00e7uda que el cervell dels malalts d&#8217;Alzheimer es resisteix a la desintegraci\u00f3 i continua buscant camins alternatius per exercir les funcions que sempre ha dut a terme.<\/strong><\/p>\n<p>Em sembla admirable.<strong> A un cervell que es resisteix (el seu) penso que cal seguir proporcionant-li tots els est\u00edmuls que sigui possible. I aix\u00f2, pel meu cervell, \u00e9s un repte fascinant.<\/strong><\/p>\n<p>&nbsp;<\/p>\n","protected":false},"excerpt":{"rendered":"<p>&nbsp; Ja fa uns quants dies, quan vaig trucar al meu pare per tel\u00e8fon a fi de mantenir la nostra conversa di\u00e0ria i contribuir aix\u00ed a exercitar les seves capacitats, minvades per l&#8217;Alzheimer, estava assegut sota el til\u00b7ler del seu jard\u00ed. \u00c9s un lloc que identifico sense problemes i que puc recrear mentalment en molts &hellip; <a href=\"https:\/\/martaberrocal.org\/cat\/mig-eclipsi-de-sol\/\" class=\"more-link\">Continua la lectura de <span class=\"screen-reader-text\">Mig eclipsi de sol<\/span> <span class=\"meta-nav\">&rarr;<\/span><\/a><\/p>\n","protected":false},"author":1,"featured_media":0,"comment_status":"closed","ping_status":"closed","sticky":false,"template":"","format":"standard","meta":{"footnotes":""},"categories":[47],"tags":[67,50,79,57,81],"class_list":["post-4141","post","type-post","status-publish","format-standard","hentry","category-creativitat-i-alzheimer","tag-emocions","tag-materials-naturals","tag-memoria","tag-observacio","tag-paciencia"],"_links":{"self":[{"href":"https:\/\/martaberrocal.org\/cat\/wp-json\/wp\/v2\/posts\/4141","targetHints":{"allow":["GET"]}}],"collection":[{"href":"https:\/\/martaberrocal.org\/cat\/wp-json\/wp\/v2\/posts"}],"about":[{"href":"https:\/\/martaberrocal.org\/cat\/wp-json\/wp\/v2\/types\/post"}],"author":[{"embeddable":true,"href":"https:\/\/martaberrocal.org\/cat\/wp-json\/wp\/v2\/users\/1"}],"replies":[{"embeddable":true,"href":"https:\/\/martaberrocal.org\/cat\/wp-json\/wp\/v2\/comments?post=4141"}],"version-history":[{"count":3,"href":"https:\/\/martaberrocal.org\/cat\/wp-json\/wp\/v2\/posts\/4141\/revisions"}],"predecessor-version":[{"id":4144,"href":"https:\/\/martaberrocal.org\/cat\/wp-json\/wp\/v2\/posts\/4141\/revisions\/4144"}],"wp:attachment":[{"href":"https:\/\/martaberrocal.org\/cat\/wp-json\/wp\/v2\/media?parent=4141"}],"wp:term":[{"taxonomy":"category","embeddable":true,"href":"https:\/\/martaberrocal.org\/cat\/wp-json\/wp\/v2\/categories?post=4141"},{"taxonomy":"post_tag","embeddable":true,"href":"https:\/\/martaberrocal.org\/cat\/wp-json\/wp\/v2\/tags?post=4141"}],"curies":[{"name":"wp","href":"https:\/\/api.w.org\/{rel}","templated":true}]}}