
{"id":1793,"date":"2017-01-02T16:32:46","date_gmt":"2017-01-02T16:32:46","guid":{"rendered":"http:\/\/martaberrocal.org\/es\/?p=1793"},"modified":"2017-02-02T08:45:17","modified_gmt":"2017-02-02T08:45:17","slug":"amaneceres-2-enero","status":"publish","type":"post","link":"https:\/\/martaberrocal.org\/es\/amaneceres-2-enero\/","title":{"rendered":""},"content":{"rendered":"<h2>Amaneceres<\/h2>\n<p>&nbsp;<\/p>\n<p>Esta<strong> secci\u00f3n <\/strong>que he llamado<strong>: <span style=\"color: #000000;\">Amaneceres<\/span><\/strong><span style=\"color: #000000;\">,<\/span> <span style=\"color: #000000;\">v<\/span>a a contener las fotograf\u00edas que diariamente hago de la salida del sol. Me he propuesto compartirlas y lanzar as\u00ed un mensaje de optimismo diario, siempre que pueda.<\/p>\n<figure id=\"attachment_1794\" aria-describedby=\"caption-attachment-1794\" style=\"width: 300px\" class=\"wp-caption alignleft\"><a href=\"https:\/\/martaberrocal.org\/es\/wp-content\/uploads\/01-01-2017-Copiar.jpg\"><img loading=\"lazy\" decoding=\"async\" class=\"wp-image-1794 size-medium\" src=\"https:\/\/martaberrocal.org\/es\/wp-content\/uploads\/01-01-2017-Copiar-300x225.jpg\" width=\"300\" height=\"225\" srcset=\"https:\/\/martaberrocal.org\/es\/wp-content\/uploads\/01-01-2017-Copiar-300x225.jpg 300w, https:\/\/martaberrocal.org\/es\/wp-content\/uploads\/01-01-2017-Copiar.jpg 600w\" sizes=\"auto, (max-width: 300px) 100vw, 300px\" \/><\/a><figcaption id=\"caption-attachment-1794\" class=\"wp-caption-text\">1 de enero de 2017, 8:30 a.m.<\/figcaption><\/figure>\n<figure id=\"attachment_1795\" aria-describedby=\"caption-attachment-1795\" style=\"width: 300px\" class=\"wp-caption alignright\"><a href=\"https:\/\/martaberrocal.org\/es\/wp-content\/uploads\/02-01-2017Copiar.jpg\"><img loading=\"lazy\" decoding=\"async\" class=\"wp-image-1795 size-medium\" src=\"https:\/\/martaberrocal.org\/es\/wp-content\/uploads\/02-01-2017Copiar-300x225.jpg\" width=\"300\" height=\"225\" srcset=\"https:\/\/martaberrocal.org\/es\/wp-content\/uploads\/02-01-2017Copiar-300x225.jpg 300w, https:\/\/martaberrocal.org\/es\/wp-content\/uploads\/02-01-2017Copiar.jpg 600w\" sizes=\"auto, (max-width: 300px) 100vw, 300px\" \/><\/a><figcaption id=\"caption-attachment-1795\" class=\"wp-caption-text\">2 de enero 2017, 8:23 a.m.<\/figcaption><\/figure>\n<p>&nbsp;<\/p>\n<p>&nbsp;<\/p>\n<p>&nbsp;<\/p>\n<p>&nbsp;<\/p>\n<p>&nbsp;<\/p>\n","protected":false},"excerpt":{"rendered":"<p>Amaneceres &nbsp; Esta secci\u00f3n que he llamado: Amaneceres, va a contener las fotograf\u00edas que diariamente hago de la salida del sol. Me he propuesto compartirlas y lanzar as\u00ed un mensaje de optimismo diario, siempre que pueda. &nbsp; &nbsp; &nbsp; &nbsp; &nbsp;<\/p>\n","protected":false},"author":1,"featured_media":0,"comment_status":"closed","ping_status":"closed","sticky":false,"template":"","format":"image","meta":{"footnotes":""},"categories":[35],"tags":[],"class_list":["post-1793","post","type-post","status-publish","format-image","hentry","category-amaneceres","post_format-post-format-image"],"_links":{"self":[{"href":"https:\/\/martaberrocal.org\/es\/wp-json\/wp\/v2\/posts\/1793","targetHints":{"allow":["GET"]}}],"collection":[{"href":"https:\/\/martaberrocal.org\/es\/wp-json\/wp\/v2\/posts"}],"about":[{"href":"https:\/\/martaberrocal.org\/es\/wp-json\/wp\/v2\/types\/post"}],"author":[{"embeddable":true,"href":"https:\/\/martaberrocal.org\/es\/wp-json\/wp\/v2\/users\/1"}],"replies":[{"embeddable":true,"href":"https:\/\/martaberrocal.org\/es\/wp-json\/wp\/v2\/comments?post=1793"}],"version-history":[{"count":11,"href":"https:\/\/martaberrocal.org\/es\/wp-json\/wp\/v2\/posts\/1793\/revisions"}],"predecessor-version":[{"id":1960,"href":"https:\/\/martaberrocal.org\/es\/wp-json\/wp\/v2\/posts\/1793\/revisions\/1960"}],"wp:attachment":[{"href":"https:\/\/martaberrocal.org\/es\/wp-json\/wp\/v2\/media?parent=1793"}],"wp:term":[{"taxonomy":"category","embeddable":true,"href":"https:\/\/martaberrocal.org\/es\/wp-json\/wp\/v2\/categories?post=1793"},{"taxonomy":"post_tag","embeddable":true,"href":"https:\/\/martaberrocal.org\/es\/wp-json\/wp\/v2\/tags?post=1793"}],"curies":[{"name":"wp","href":"https:\/\/api.w.org\/{rel}","templated":true}]}}