
{"id":3083,"date":"2017-04-24T20:50:49","date_gmt":"2017-04-24T20:50:49","guid":{"rendered":"http:\/\/martaberrocal.org\/es\/?p=3083"},"modified":"2017-04-24T20:50:49","modified_gmt":"2017-04-24T20:50:49","slug":"la-mujer-de-la-ventana-y-una-bailarina-en-lo-alto-de-una-palmera","status":"publish","type":"post","link":"https:\/\/martaberrocal.org\/es\/la-mujer-de-la-ventana-y-una-bailarina-en-lo-alto-de-una-palmera\/","title":{"rendered":"La mujer de la ventana y una bailarina en lo alto de una palmera"},"content":{"rendered":"<p>Contaba en el art\u00edculo que titul\u00e9 <a href=\"https:\/\/martaberrocal.org\/es\/estrategias\/\">\u201cEstrategias\u201d<\/a> que hay una imagen que hab\u00eda tratado de ver recurriendo a todos los trucos que se me hab\u00edan ocurrido y funcionado en otras ocasiones, y no lo hab\u00eda logrado.<\/p>\n<p>La imagen en cuesti\u00f3n es una persona que parece que va a caerse de una ventana o del tejado. La percibe mi padre cuando su vista se queda posada en un punto concreto de la casa de un vecino.<\/p>\n<p>Me sucedi\u00f3 que en el momento de subir la fotograf\u00eda que hab\u00eda hecho de dicho punto, a la p\u00e1gina del blog que estaba construyendo (en castellano), para ilustrar el art\u00edculo, de pronto vi lo que presumo que \u00e9l percibe.<\/p>\n<p>Previamente lo hab\u00eda intentado sin conseguirlo y lo \u00faltimo que se me hab\u00eda ocurrido hab\u00eda sido pedirle si me pod\u00eda tratar de describir a la mujer en cuesti\u00f3n. Acababa de hacer fotos del lugar donde posa la vista y se las ense\u00f1\u00e9 a trav\u00e9s de la pantalla de la c\u00e1mara por si a partir de ellas me daba alguna pista. Y me la dio, pero no la supe interpretar hasta pasados unos d\u00edas.<\/p>\n<p><a href=\"https:\/\/martaberrocal.org\/es\/wp-content\/uploads\/R-DSC06880-Copiar.jpg\"><img loading=\"lazy\" decoding=\"async\" class=\"size-medium wp-image-3038 alignleft\" src=\"https:\/\/martaberrocal.org\/es\/wp-content\/uploads\/R-DSC06880-Copiar-277x300.jpg\" alt=\"\" width=\"277\" height=\"300\" srcset=\"https:\/\/martaberrocal.org\/es\/wp-content\/uploads\/R-DSC06880-Copiar-277x300.jpg 277w, https:\/\/martaberrocal.org\/es\/wp-content\/uploads\/R-DSC06880-Copiar.jpg 415w\" sizes=\"auto, (max-width: 277px) 100vw, 277px\" \/><\/a>A pesar de las dificultades que le supuso, trat\u00f3 de colocar su cuerpo en la misma posici\u00f3n que la persona que ve, sentado en la silla donde habitualmente pasa largos o cortos ratos en el jard\u00edn, seg\u00fan el d\u00eda. Sujet\u00f3 horizontalmente la muleta que le ayuda a caminar con ambos brazos estirados y trat\u00f3 de levantar una pierna doblada con el prop\u00f3sito de apoyar el pie sobre la muleta. No lleg\u00f3 a hacerlo, pero capt\u00e9 la posici\u00f3n en la que \u00e9l intentaba colocarse y volv\u00ed a mirar y a mirar la casa del vecino, sin \u00e9xito.<\/p>\n<p>Pero lo cierto es que no me hab\u00eda olvidado la descripci\u00f3n que me hizo y de pronto al ver la fotograf\u00eda en un tama\u00f1o reducido (siempre antes la hab\u00eda agrandado), percib\u00ed la silueta que \u00e9l hab\u00eda tratado de reproducir con su cuerpo.<\/p>\n<p>Le he pedido a una amiga entra\u00f1able que me eche una mano para trazar sobre la fotograf\u00eda la silueta que mi padre percibe, despu\u00e9s de haber hecho un burdo intento yo misma, con la intenci\u00f3n de que todos la pod\u00e1is ver.<\/p>\n<p><a href=\"https:\/\/martaberrocal.org\/es\/wp-content\/uploads\/Dona-2.jpg\"><img loading=\"lazy\" decoding=\"async\" class=\"size-medium wp-image-3084 alignright\" src=\"https:\/\/martaberrocal.org\/es\/wp-content\/uploads\/Dona-2-300x225.jpg\" alt=\"\" width=\"300\" height=\"225\" srcset=\"https:\/\/martaberrocal.org\/es\/wp-content\/uploads\/Dona-2-300x225.jpg 300w, https:\/\/martaberrocal.org\/es\/wp-content\/uploads\/Dona-2-768x576.jpg 768w, https:\/\/martaberrocal.org\/es\/wp-content\/uploads\/Dona-2-1024x768.jpg 1024w, https:\/\/martaberrocal.org\/es\/wp-content\/uploads\/Dona-2.jpg 1267w\" sizes=\"auto, (max-width: 300px) 100vw, 300px\" \/><\/a><\/p>\n<p>Creo que nadie pondr\u00e1 en duda que es posible ver a la persona que da la impresi\u00f3n que va a caerse. Yo no dir\u00eda que es producto de las alucinaciones que produce el alzh\u00e9imer. La interpretaci\u00f3n que hace su cerebro en este caso de lo que su vista percibe, tiene sentido. No s\u00e9 expresarlo de otro modo. Los especialistas en el tema seguro que podr\u00edan dar explicaciones al respecto.<\/p>\n<p><strong>Lo que yo quiero, es dejar constancia de que vale la pena escuchar y atender lo que dicen los enfermos de alzh\u00e9imer y no dar por sentado que tienen alucinaciones inexplicables cuando ven cosas extra\u00f1as<\/strong>. Y si los entendidos en la materia defienden que el t\u00e9rmino correcto es \u201calucinaciones\u201d, por lo menos deber\u00edan considerar la categor\u00eda de \u201calucinaciones explicables\u201d.<\/p>\n<p>Este no es el \u00fanico ejemplo que puedo poner. Hace unos meses, cuando los <a href=\"https:\/\/martaberrocal.org\/es\/pajaros-hoja-y-hojas-pajaro\/\">P\u00e1jaros-Hojas <\/a>(otro magn\u00edfico ejemplo) hab\u00edan ya ca\u00eddo, un d\u00eda de lluvia y viento mi padre me cont\u00f3 por tel\u00e9fono que hab\u00eda <strong>una bailarina en lo alto de una palmera<\/strong> de la casa de un vecino.<\/p>\n<p>Me llev\u00e9 una sorpresa y probablemente me re\u00ed, pero no me burlaba de \u00e9l, y eso lo percibe a la perfecci\u00f3n a pesar de la enfermedad. Sabe que me r\u00edo con las cosas que me cuenta porque me interesan y me divierten y adem\u00e1s lo hace con mucha gracia. Ver (imaginar en mi caso) a una bailarina, danzando bajo la lluvia, en lo alto de una palmera, tal como \u00e9l me lo cont\u00f3, a m\u00ed me pareci\u00f3 sumamente divertido.<\/p>\n<p>Aquel d\u00eda me describi\u00f3 a la perfecci\u00f3n lo que ve\u00eda, con la lucidez adem\u00e1s, de saber que lo que estaba viendo era producto del efecto de la lluvia y el viento sobre las hojas de la palmera. En ning\u00fan momento dio a entender que la bailarina fuera real. Sin embargo, como toda su vida, se prest\u00f3 al juego y a la imaginaci\u00f3n.<\/p>\n<p>Memorizo visualmente los lugares y las cosas que llaman su atenci\u00f3n para poder hablar de ellas aun estando a distancia, y s\u00e9 perfec<a href=\"https:\/\/martaberrocal.org\/es\/wp-content\/uploads\/DSC06177-Copiar.jpg\"><img loading=\"lazy\" decoding=\"async\" class=\"size-medium wp-image-3085 alignleft\" src=\"https:\/\/martaberrocal.org\/es\/wp-content\/uploads\/DSC06177-Copiar-225x300.jpg\" alt=\"\" width=\"225\" height=\"300\" srcset=\"https:\/\/martaberrocal.org\/es\/wp-content\/uploads\/DSC06177-Copiar-225x300.jpg 225w, https:\/\/martaberrocal.org\/es\/wp-content\/uploads\/DSC06177-Copiar.jpg 450w\" sizes=\"auto, (max-width: 225px) 100vw, 225px\" \/><\/a>tamente qu\u00e9 aspecto tienen las palmeras que ve desde el comedor, sentado en su butaca. Le promet\u00ed llevar mi c\u00e1mara de fotos en cuanto fuera a verlo por si estaba a tiempo de atrapar a la bailarina\u00a0pero \u00a0dos d\u00edas despu\u00e9s me dijo que ya no\u00a0estaba.<\/p>\n<p>Sin embargo, hice fotos de las palmeras el primer d\u00eda que lo pude ir a ver. Sent\u00eda haberme perdido a la bailarina y as\u00ed se lo dije.<\/p>\n<p>Me olvid\u00e9 de las fotograf\u00edas hasta que d\u00edas despu\u00e9s las descargu\u00e9 en el ordenador y las archiv\u00e9. Las estaba mirando y s\u00fabitamente me entr\u00f3 un ataque de risa: all\u00ed estaba la bailarina con su inconfundible tut\u00fa y un brazo apoyado sobre \u00e9l, inm\u00f3vil como un aut\u00f3mata que se hubiera detenido en mitad de un movimiento.<\/p>\n<p><a href=\"https:\/\/martaberrocal.org\/es\/wp-content\/uploads\/R-Ballarina-1-Copiar.jpg\"><img loading=\"lazy\" decoding=\"async\" class=\"aligncenter size-full wp-image-3088\" src=\"https:\/\/martaberrocal.org\/es\/wp-content\/uploads\/R-Ballarina-1-Copiar.jpg\" alt=\"\" width=\"316\" height=\"421\" srcset=\"https:\/\/martaberrocal.org\/es\/wp-content\/uploads\/R-Ballarina-1-Copiar.jpg 316w, https:\/\/martaberrocal.org\/es\/wp-content\/uploads\/R-Ballarina-1-Copiar-225x300.jpg 225w\" sizes=\"auto, (max-width: 316px) 100vw, 316px\" \/><\/a><br \/>\nMe entr\u00f3 mucha ilusi\u00f3n al comprobar que no me hab\u00eda perdido a la bailarina. S\u00ed me perd\u00ed su danza alocada bajo la lluvia.<\/p>\n<p>Presumiblemente el d\u00eda que \u00e9l la vio bailar, las hojas se agitaban fren\u00e9ticamente dando la impresi\u00f3n que danzaba al son del viento. La lluvia las hab\u00eda mojado y tengo la impresi\u00f3n, a ra\u00edz de lo que \u00e9l me cont\u00f3, que el tut\u00fa se percib\u00eda a\u00fan mejor.<\/p>\n<p style=\"text-align: center;\">*<\/p>\n<p><strong>Tratar de ver lo que \u00e9l ve, es para m\u00ed un reto y tambi\u00e9n una cuesti\u00f3n de respeto y consideraci\u00f3n<\/strong>. Y ello influye en la manera como nos relacionamos. Ser\u00eda muy distinto si mi risa fuera de burla o mi actitud de desprecio antes las inexplicables cosas que ve, que resulta adem\u00e1s que s\u00ed son explicables (por lo menos algunas).<\/p>\n<p>Ya lo he comentado otras veces, <strong>la risa es contagiosa y nos sienta a los dos de maravilla<\/strong>. Sus visiones son una fuente de diversi\u00f3n e inspiraci\u00f3n para m\u00ed y nos permiten adem\u00e1s tener largas charlas en torno a ellas.<\/p>\n<p>El proceso que trato de seguir para intentar de descubrir el sentido de las im\u00e1genes que percibe me resulta dif\u00edcil y me exige esfuerzo, paciencia y tes\u00f3n. Estoy convencida de que el ejercicio me ayuda a tener una actitud respetuosa y emp\u00e1tica hacia todas las personas (aunque no siempre lo consiga). <strong>Le estoy muy agradecida.<\/strong><\/p>\n","protected":false},"excerpt":{"rendered":"<p>Contaba en el art\u00edculo que titul\u00e9 \u201cEstrategias\u201d que hay una imagen que hab\u00eda tratado de ver recurriendo a todos los trucos que se me hab\u00edan ocurrido y funcionado en otras ocasiones, y no lo hab\u00eda logrado. La imagen en cuesti\u00f3n es una persona que parece que va a caerse de una ventana o del tejado. &hellip; <a href=\"https:\/\/martaberrocal.org\/es\/la-mujer-de-la-ventana-y-una-bailarina-en-lo-alto-de-una-palmera\/\" class=\"more-link\">Seguir leyendo <span class=\"screen-reader-text\">La mujer de la ventana y una bailarina en lo alto de una palmera<\/span> <span class=\"meta-nav\">&rarr;<\/span><\/a><\/p>\n","protected":false},"author":1,"featured_media":0,"comment_status":"closed","ping_status":"closed","sticky":false,"template":"","format":"standard","meta":{"footnotes":""},"categories":[45],"tags":[66,55],"class_list":["post-3083","post","type-post","status-publish","format-standard","hentry","category-creatividad-y-alzheimer","tag-emociones","tag-observacion"],"_links":{"self":[{"href":"https:\/\/martaberrocal.org\/es\/wp-json\/wp\/v2\/posts\/3083","targetHints":{"allow":["GET"]}}],"collection":[{"href":"https:\/\/martaberrocal.org\/es\/wp-json\/wp\/v2\/posts"}],"about":[{"href":"https:\/\/martaberrocal.org\/es\/wp-json\/wp\/v2\/types\/post"}],"author":[{"embeddable":true,"href":"https:\/\/martaberrocal.org\/es\/wp-json\/wp\/v2\/users\/1"}],"replies":[{"embeddable":true,"href":"https:\/\/martaberrocal.org\/es\/wp-json\/wp\/v2\/comments?post=3083"}],"version-history":[{"count":5,"href":"https:\/\/martaberrocal.org\/es\/wp-json\/wp\/v2\/posts\/3083\/revisions"}],"predecessor-version":[{"id":3092,"href":"https:\/\/martaberrocal.org\/es\/wp-json\/wp\/v2\/posts\/3083\/revisions\/3092"}],"wp:attachment":[{"href":"https:\/\/martaberrocal.org\/es\/wp-json\/wp\/v2\/media?parent=3083"}],"wp:term":[{"taxonomy":"category","embeddable":true,"href":"https:\/\/martaberrocal.org\/es\/wp-json\/wp\/v2\/categories?post=3083"},{"taxonomy":"post_tag","embeddable":true,"href":"https:\/\/martaberrocal.org\/es\/wp-json\/wp\/v2\/tags?post=3083"}],"curies":[{"name":"wp","href":"https:\/\/api.w.org\/{rel}","templated":true}]}}