
{"id":3123,"date":"2017-05-03T15:30:04","date_gmt":"2017-05-03T15:30:04","guid":{"rendered":"http:\/\/martaberrocal.org\/es\/?p=3123"},"modified":"2017-05-03T15:32:15","modified_gmt":"2017-05-03T15:32:15","slug":"la-humanizacion-de-las-empresas-a-traves-del-arte","status":"publish","type":"post","link":"https:\/\/martaberrocal.org\/es\/la-humanizacion-de-las-empresas-a-traves-del-arte\/","title":{"rendered":"La humanizaci\u00f3n de las empresas a trav\u00e9s del arte"},"content":{"rendered":"<p><a href=\"https:\/\/martaberrocal.org\/es\/wp-content\/uploads\/DSC07061-Copiar.jpg\">\u00a0<\/a><\/p>\n<p>El pasado 26 de abril disfrut\u00e9 impartiendo un taller en la <a href=\"http:\/\/www.foment.com\/es\/events\/save-the-date-fiesta-primavera-foro-rrhh\/\" target=\"_blank\" rel=\"noopener noreferrer\">Fiesta de la Primavera<\/a> organizada por <a href=\"http:\/\/www.foment.com\/es\/\" target=\"_blank\" rel=\"noopener noreferrer\">Foment del Treball <\/a>y el Foro de Recursos Humanos en la antigua f\u00e1brica de cerveza Damm en Barcelona.<\/p>\n<p><img loading=\"lazy\" decoding=\"async\" class=\"alignleft size-thumbnail wp-image-3124\" src=\"https:\/\/martaberrocal.org\/es\/wp-content\/uploads\/R-CIMG7376-150x150.jpg\" alt=\"\" width=\"150\" height=\"150\" srcset=\"https:\/\/martaberrocal.org\/es\/wp-content\/uploads\/R-CIMG7376-150x150.jpg 150w, https:\/\/martaberrocal.org\/es\/wp-content\/uploads\/R-CIMG7376.jpg 198w\" sizes=\"auto, (max-width: 150px) 100vw, 150px\" \/>La fiesta estaba dirigida a jefes de recursos humanos de empresas nacionales y multinacionales interesados en <strong>la humanizaci\u00f3n de las empresas a trav\u00e9s del arte.<\/strong> Este era el lema de la jornada y tambi\u00e9n el de <a href=\"http:\/\/www.culthunting.com\/\" target=\"_blank\" rel=\"noopener noreferrer\">CultHunting<\/a> una iniciativa de <a href=\"http:\/\/www.aportada.com\/\" target=\"_blank\" rel=\"noopener noreferrer\">aPortada<\/a>, la agencia de comunicaci\u00f3n que gestion\u00f3 el evento.<\/p>\n<p style=\"text-align: center;\"><strong>\u00bfPueden el arte y la cultura influir en la manera de trabajar y en los resultados de las empresas?<\/strong><\/p>\n<p style=\"text-align: center;\"><strong>El arte y la cultura inspiran, vinculan y movilizan. Son una poderosa herramienta transformadora para cualquier organizaci\u00f3n.<\/strong><\/p>\n<p>Este era el planteamiento inicial que dio pie a desarrollar <strong>6 talleres simult\u00e1neos<\/strong> con el objetivo de que los participantes pudieran experimentar en primera persona, din\u00e1micas art\u00edsticas con un gran potencial para irrumpir en la escena empresarial y favorecer pr\u00e1cticas orientadas a la humanizaci\u00f3n.<\/p>\n<p>El <em>timing<\/em> previsto fue trepidante y en mi caso fue el responsable de que no pudiera hacer referencia a algunas de las sutilezas conceptuales que sustentaban la actividad que hab\u00eda dise\u00f1ado espec\u00edficamente para la ocasi\u00f3n.<\/p>\n<p><strong>Mi propuesta se centraba en los sentimientos que se experimentan en el entorno laboral<\/strong> y el objetivo era llevar a cabo una actividad creativa de transformaci\u00f3n, con la finalidad de poder visualizar de una manera art\u00edstica e innovadora, aquellos sentimientos que los participantes desean poder experimentar en sus respectivos lugares de trabajo.<a href=\"https:\/\/martaberrocal.org\/es\/wp-content\/uploads\/DSC07063-Copiar.jpg\"><img loading=\"lazy\" decoding=\"async\" class=\"alignright size-medium wp-image-3125\" src=\"https:\/\/martaberrocal.org\/es\/wp-content\/uploads\/DSC07063-Copiar-300x225.jpg\" alt=\"\" width=\"300\" height=\"225\" srcset=\"https:\/\/martaberrocal.org\/es\/wp-content\/uploads\/DSC07063-Copiar-300x225.jpg 300w, https:\/\/martaberrocal.org\/es\/wp-content\/uploads\/DSC07063-Copiar.jpg 600w\" sizes=\"auto, (max-width: 300px) 100vw, 300px\" \/><\/a><\/p>\n<p>Desde mi punto de vista, todo aquel que est\u00e9 interesado en humanizar su entorno debe prestar atenci\u00f3n a los sentimientos que experimentan las personas con quienes comparte tiempo, espacio y trabajo.\u00a0 Y no s\u00f3lo a los de las otras personas sino tambi\u00e9n a los propios, con la intenci\u00f3n de mejorar el bienestar emocional de todo el grupo.<\/p>\n<p><strong>Abordar estas cuestiones resulta complejo<\/strong>. No es f\u00e1cil hablar de lo que uno siente y menos hacerlo delante de otras personas, especialmente si los sentimientos que uno experimenta no resultan agradables, para uno mismo, o para los dem\u00e1s.<\/p>\n<p>Los sentimientos de cada persona est\u00e1n influenciados por sus pensamientos y sus experiencias previas. Tambi\u00e9n lo est\u00e1n por lo que sienten, piensan, dicen y hacen las personas con las que se relacionan.<\/p>\n<p>Tratar de expresar lo que uno siente puede conllevar inseguridad, miedo, verg\u00fcenza, falta de confianza, falta de libertad, etc.\u00a0\u00a0<strong>Desarrrollando din\u00e1micas art\u00edsticas se puede favorecer la expresi\u00f3n. <\/strong>El uso de met\u00e1foras y la posibilidad de incorporar referencias no expl\u00edcitas a un elemento art\u00edstico confieren libertad para expresarse.<\/p>\n<p>En general, todos deseamos librarnos de algunos de los sentimientos que experimentamos y tambi\u00e9n, por el contrario, experimentar m\u00e1s a menudo o intensamente algunos otros. Este fue el punto de partida de mi propuesta.<\/p>\n<p>La actividad que conceb\u00ed ten\u00eda puesto el <strong>\u00e9nfasis en el proceso<\/strong> que llevamos a cabo y no en el resultado. \u00a0Un proceso que advert\u00ed se iba a realizar a ritmo acelerado exprimiendo al m\u00e1ximo los 10 minutos de los cuales dispon\u00edamos. <strong>Realizarlo de forma tranquila, pausada, y meditada hubiera posibilitado muchas otras cosas<\/strong>.<\/p>\n<p><strong>El foco estaba puesto en las personas que participaron<\/strong>. Se trataba de que expresaran sus propios sentimientos de una manera divertida para poderlos compartir despu\u00e9s. Eso no fue del todo posible debido al tiempo de que dispon\u00edamos. La idea era haber invitado a todos los participantes a coger seguidamente un \u201cbomb\u00f3n sentimental\u201d que no fuera el que hab\u00edan creado, e iniciar un di\u00e1logo distendido, comparando sabores, buscando afinidades, contrastes, etc.<\/p>\n<p><a href=\"https:\/\/martaberrocal.org\/es\/wp-content\/uploads\/DSC07055-Copiar.jpg\"><img loading=\"lazy\" decoding=\"async\" class=\"aligncenter size-medium wp-image-3126\" src=\"https:\/\/martaberrocal.org\/es\/wp-content\/uploads\/DSC07055-Copiar-300x225.jpg\" alt=\"\" width=\"300\" height=\"225\" srcset=\"https:\/\/martaberrocal.org\/es\/wp-content\/uploads\/DSC07055-Copiar-300x225.jpg 300w, https:\/\/martaberrocal.org\/es\/wp-content\/uploads\/DSC07055-Copiar.jpg 600w\" sizes=\"auto, (max-width: 300px) 100vw, 300px\" \/><\/a><\/p>\n<p>Abordar las emociones a partir de un material que se ha creado de forma art\u00edstica, l\u00fadica y participativa, entre todos, tiene m\u00e1s sentido que repartir por ejemplo tarjetas con dibujos o palabras escritas a priori por un experto, con el prop\u00f3sito de dialogar sobre c\u00f3mo nos sentimos.<\/p>\n<p><a href=\"https:\/\/martaberrocal.org\/es\/wp-content\/uploads\/DSC07068-Copiar.jpg\"><img loading=\"lazy\" decoding=\"async\" class=\"alignleft size-medium wp-image-3127\" src=\"https:\/\/martaberrocal.org\/es\/wp-content\/uploads\/DSC07068-Copiar-300x225.jpg\" alt=\"\" width=\"300\" height=\"225\" srcset=\"https:\/\/martaberrocal.org\/es\/wp-content\/uploads\/DSC07068-Copiar-300x225.jpg 300w, https:\/\/martaberrocal.org\/es\/wp-content\/uploads\/DSC07068-Copiar.jpg 600w\" sizes=\"auto, (max-width: 300px) 100vw, 300px\" \/><\/a>El material creado por los asistentes recoge lo que realmente sienten o creen sentir y por tanto constituye un magn\u00edfico punto de partida para seguir realizando muchas otras actividades con el objetivo de mejorar la relaciones intra e interpersonales.<\/p>\n<p><strong>La propuesta quer\u00eda constituir un sencillo, pero a la vez potente ejemplo, de c\u00f3mo imprimir din\u00e1micas art\u00edsticas capaces de favorecer la comunicaci\u00f3n dentro de la empresa, abordando adem\u00e1s un tema que es complejo.<\/strong><\/p>\n<p><strong>La actividad que propuse estaba relacionada de diversas maneras con una obra del joven artista cubano <a href=\"http:\/\/www.macba.cat\/es\/adrian-melis\" target=\"_blank\" rel=\"noopener noreferrer\">Adrian Melis <\/a><\/strong>(La Habana 1985) : \u201c<a href=\"http:\/\/www.macba.cat\/es\/linea-de-produccion-por-excedente-5244\" target=\"_blank\" rel=\"noopener noreferrer\">L\u00ednea de producci\u00f3n por excedente<\/a>\u201d.<\/p>\n<figure id=\"attachment_3128\" aria-describedby=\"caption-attachment-3128\" style=\"width: 300px\" class=\"wp-caption aligncenter\"><a href=\"http:\/\/www.macba.cat\/es\/audio-rwm-fons-adrian-melis \" target=\"_blank\" rel=\"noopener noreferrer\"><img loading=\"lazy\" decoding=\"async\" class=\"wp-image-3128 size-medium\" src=\"https:\/\/martaberrocal.org\/es\/wp-content\/uploads\/5244_rgb-Copiar-300x219.jpg\" alt=\"\" width=\"300\" height=\"219\" srcset=\"https:\/\/martaberrocal.org\/es\/wp-content\/uploads\/5244_rgb-Copiar-300x219.jpg 300w, https:\/\/martaberrocal.org\/es\/wp-content\/uploads\/5244_rgb-Copiar.jpg 600w\" sizes=\"auto, (max-width: 300px) 100vw, 300px\" \/><\/a><figcaption id=\"caption-attachment-3128\" class=\"wp-caption-text\">Foto: web MACBA<\/figcaption><\/figure>\n<p>Algunos de los procesos que pusimos en pr\u00e1ctica estaban inspirados en esta obra y tambi\u00e9n en algunos de los conceptos que\u00a0 habitualmente\u00a0interesan al artista.<\/p>\n<p><strong>Las personas que participaron en el taller podr\u00e1n explorar esta relaci\u00f3n, siguiendo los enlaces que he facilitado<\/strong>.<\/p>\n<p>Para conocer las ideas de Adrian Melis, recomiendo especialmente escuchar la entrevista que le hizo el equipo de Radio web MACBA. En ella el artista habla sobre la realizaci\u00f3n de la obra (minutos 42 a 48 de la entrevista).\u00a0<span style=\"color: #999999; font-family: Calibri;\">\u00a0\u00a0Pod\u00e9is acceder a ella haciendo clic en la imagen.<\/span><\/p>\n<p>Aunque he comentado que el \u00e9nfasis estaba puesto en el proceso, lo cierto es que el <strong>resultado<\/strong> de la actividad fue muy interesante. Recog\u00ed <strong>88 bombones<\/strong>\u00a0con los que he estado jugando unos d\u00edas. He localizado <strong>43 palabras o expresiones<\/strong>\u00a0diferentes en las etiquetas, refiri\u00e9ndose a c\u00f3mo desear\u00edan sentirse las personas que participaron.\u00a0 He jugado a establecer grupos diferentes y he podido constatar algunas tendencias. He trabajado tambi\u00e9n con los contrarios.\u00a0 Puedo en realidad deducir muchas cosas del conjunto de objetos art\u00edsticos creados y creo que podr\u00eda deducir muchas m\u00e1s si planteara la actividad con calma y poniendo especial cuidado en definir\u00a0objetivos espec\u00edficos.<\/p>\n<p><a href=\"https:\/\/martaberrocal.org\/es\/wp-content\/uploads\/DSC07061-Copiar.jpg\"><img loading=\"lazy\" decoding=\"async\" class=\"aligncenter size-medium wp-image-3138\" src=\"https:\/\/martaberrocal.org\/es\/wp-content\/uploads\/DSC07061-Copiar-300x247.jpg\" alt=\"\" width=\"300\" height=\"247\" srcset=\"https:\/\/martaberrocal.org\/es\/wp-content\/uploads\/DSC07061-Copiar-300x247.jpg 300w, https:\/\/martaberrocal.org\/es\/wp-content\/uploads\/DSC07061-Copiar.jpg 507w\" sizes=\"auto, (max-width: 300px) 100vw, 300px\" \/><\/a><\/p>\n<p>&nbsp;<\/p>\n<p>En t\u00e9rminos generales <strong>el an\u00e1lisis<\/strong> que he hecho <strong>pone de manifiesto que hay mucho deseo de calma y alegr\u00eda, y tambi\u00e9n de otras cosas como respeto, confianza y amor.<\/strong><\/p>\n<p style=\"text-align: center;\">*<\/p>\n<p><span style=\"color: #800080;\"><strong>La preparaci\u00f3n de este taller ha tenido un componente emotivo a\u00f1adido<\/strong> que invito a descubrir a trav\u00e9s de la lectura de un art\u00edculo que he titulado \u201c<a href=\"https:\/\/martaberrocal.org\/es\/kaizen\/\"><strong>KAIZEN<\/strong><\/a>\u201d, de la secci\u00f3n de <strong><a href=\"https:\/\/martaberrocal.org\/es\/category\/creatividad-y-alzheimer\/\">Creatividad y Alzh\u00e9imer<\/a><\/strong> de este blog.<\/span><\/p>\n<p style=\"text-align: center;\">\n","protected":false},"excerpt":{"rendered":"<p>\u00a0 El pasado 26 de abril disfrut\u00e9 impartiendo un taller en la Fiesta de la Primavera organizada por Foment del Treball y el Foro de Recursos Humanos en la antigua f\u00e1brica de cerveza Damm en Barcelona. La fiesta estaba dirigida a jefes de recursos humanos de empresas nacionales y multinacionales interesados en la humanizaci\u00f3n de &hellip; <a href=\"https:\/\/martaberrocal.org\/es\/la-humanizacion-de-las-empresas-a-traves-del-arte\/\" class=\"more-link\">Seguir leyendo <span class=\"screen-reader-text\">La humanizaci\u00f3n de las empresas a trav\u00e9s del arte<\/span> <span class=\"meta-nav\">&rarr;<\/span><\/a><\/p>\n","protected":false},"author":1,"featured_media":0,"comment_status":"closed","ping_status":"closed","sticky":false,"template":"","format":"standard","meta":{"footnotes":""},"categories":[76,49],"tags":[65,4,6,66,78],"class_list":["post-3123","post","type-post","status-publish","format-standard","hentry","category-arte-y-empresa","category-resenas-cursos-impartidos","tag-arte","tag-arte-contemporaneo","tag-creatividad","tag-emociones","tag-innovacion"],"_links":{"self":[{"href":"https:\/\/martaberrocal.org\/es\/wp-json\/wp\/v2\/posts\/3123","targetHints":{"allow":["GET"]}}],"collection":[{"href":"https:\/\/martaberrocal.org\/es\/wp-json\/wp\/v2\/posts"}],"about":[{"href":"https:\/\/martaberrocal.org\/es\/wp-json\/wp\/v2\/types\/post"}],"author":[{"embeddable":true,"href":"https:\/\/martaberrocal.org\/es\/wp-json\/wp\/v2\/users\/1"}],"replies":[{"embeddable":true,"href":"https:\/\/martaberrocal.org\/es\/wp-json\/wp\/v2\/comments?post=3123"}],"version-history":[{"count":9,"href":"https:\/\/martaberrocal.org\/es\/wp-json\/wp\/v2\/posts\/3123\/revisions"}],"predecessor-version":[{"id":3160,"href":"https:\/\/martaberrocal.org\/es\/wp-json\/wp\/v2\/posts\/3123\/revisions\/3160"}],"wp:attachment":[{"href":"https:\/\/martaberrocal.org\/es\/wp-json\/wp\/v2\/media?parent=3123"}],"wp:term":[{"taxonomy":"category","embeddable":true,"href":"https:\/\/martaberrocal.org\/es\/wp-json\/wp\/v2\/categories?post=3123"},{"taxonomy":"post_tag","embeddable":true,"href":"https:\/\/martaberrocal.org\/es\/wp-json\/wp\/v2\/tags?post=3123"}],"curies":[{"name":"wp","href":"https:\/\/api.w.org\/{rel}","templated":true}]}}