
{"id":3261,"date":"2017-05-21T15:01:07","date_gmt":"2017-05-21T15:01:07","guid":{"rendered":"http:\/\/martaberrocal.org\/es\/?p=3261"},"modified":"2017-05-21T15:06:40","modified_gmt":"2017-05-21T15:06:40","slug":"la-caja-numero-5","status":"publish","type":"post","link":"https:\/\/martaberrocal.org\/es\/la-caja-numero-5\/","title":{"rendered":"La caja n\u00famero 5"},"content":{"rendered":"<p>&nbsp;<\/p>\n<p>El viernes mi padre y yo\u00a0<strong><a href=\"https:\/\/martaberrocal.org\/es\/chineamos-chineemos\/\">chineamos <\/a><\/strong>juntos. Despu\u00e9s subimos a los <strong>Montes<\/strong>.<\/p>\n<p>Aprovechamos un peque\u00f1o encargo familiar (adquirir una caja de pl\u00e1stico), para <strong>visitar el bazar y dialogar sobre algunas de los miles de cosas que hay en \u00e9l<\/strong>.<\/p>\n<p><img loading=\"lazy\" decoding=\"async\" class=\"alignleft size-medium wp-image-3264\" src=\"https:\/\/martaberrocal.org\/es\/wp-content\/uploads\/20170521_113546-Copiar-225x300.jpg\" alt=\"\" width=\"225\" height=\"300\" srcset=\"https:\/\/martaberrocal.org\/es\/wp-content\/uploads\/20170521_113546-Copiar-225x300.jpg 225w, https:\/\/martaberrocal.org\/es\/wp-content\/uploads\/20170521_113546-Copiar.jpg 450w\" sizes=\"auto, (max-width: 225px) 100vw, 225px\" \/>Pasamos por nuestras secciones preferidas, como siempre que vamos. En la de art\u00edculos para hacer manualidades curioseamos todos los estantes y le fui describiendo el contenido de muchas de las bolsitas transparentes que hay colgadas. En el pasillo de art\u00edculos de papeler\u00eda nos detuvimos ante las libretas. Decid\u00ed comprarme una para apuntar todas las cosas que se me ocurren estando con \u00e9l. Ya tengo una, pero la voy llenando a un ritmo vertiginoso y pronto voy a necesitar otra. \u00c9l tambi\u00e9n se habr\u00eda comprado una, pero m\u00e1s grande, le gustan especialmente las de tama\u00f1o folio, con espiral met\u00e1lica, tapas duras y papel cuadriculado.<\/p>\n<p>Llegamos a la secci\u00f3n de cajas de madera, otra de nuestras preferidas, y nos entretuvimos viendo la diversidad que tienen. Algunas parecen ba\u00fales en miniatura, otras tienen la tapa troquelada con diferentes motivos y solemos se\u00f1alar las que m\u00e1s nos gustan para ver si coincidimos. Otras cajas tienen divisiones interiores y tapa de cristal que permite ver el contenido. No nos importar\u00eda a ninguno de los dos adquirir la secci\u00f3n entera.<\/p>\n<p>No ten\u00edamos claro d\u00f3nde estaban las cajas de pl\u00e1stico y nos movimos entre art\u00edculos apilados que dificultaban el paso, busc\u00e1ndolas. A veces, cuando veo cosas a distancia que creo que le pueden gustar, le acerco una y comentamos si nos parece bonita, elegante, \u00fatil, etc. Luego lo vuelvo a dejar en su sitio. La mayor parte de veces decidimos que no vale la pena adquirir ciertas cosas, aunque nos gustar\u00eda hacerlo.<\/p>\n<p>Al lado de la secci\u00f3n de jardiner\u00eda encontramos finalmente lo que busc\u00e1bamos. El encargo era inequ\u00edvoco: <strong>una caja del n\u00famero 5<\/strong>. <img loading=\"lazy\" decoding=\"async\" class=\"alignright wp-image-3265\" src=\"https:\/\/martaberrocal.org\/es\/wp-content\/uploads\/th3L3QWVRX.jpg\" alt=\"\" width=\"114\" height=\"91\" \/><\/p>\n<p>Nos pusimos ambos a buscarla. Le ayud\u00e9 a identificar la etiqueta donde aparece el n\u00famero de cada modelo y revisamos todas las pilas que hab\u00eda, desde el suelo, hasta la altura de la cabeza. El n\u00famero 5 no aparec\u00eda por ninguna parte y di la vuelta al pasillo, sin \u00e9xito.<\/p>\n<p style=\"padding-left: 30px;\">&#8211; <span style=\"color: #339966;\">\u00a1Vaya!,<\/span> exclam\u00e9, <span style=\"color: #339966;\">\u00a1!qu\u00e9 mala suerte tenemos!, hay cajas del n\u00famero 4, del 6, del 7, del 3, del 11, del 1, \u00a1pero ninguna del 5!<\/span><\/p>\n<p style=\"padding-left: 30px;\">&#8211;<span style=\"color: #800080;\">Espera, ver\u00e1s<\/span>&#8211; me dijo. &#8211;<span style=\"color: #800080;\">Podemos hacer una cosa: cogemos una del 4 y una del 6 y las partimos por la mitad.<\/span><\/p>\n<p style=\"padding-left: 30px;\">&#8211; <span style=\"color: #339966;\">\u00bfC\u00f3mo?<\/span> &#8211; le dije. <strong>Y le escuch\u00e9 con atenci\u00f3n.<\/strong><\/p>\n<p style=\"padding-left: 30px;\">Me repiti\u00f3: <strong>C<span style=\"color: #800080;\">ogemos una del 4 y una del 6 y las partimos por la mitad.<\/span><\/strong><\/p>\n<p><strong>Prorrump\u00ed en carcajadas. Y un instante despu\u00e9s lo hizo \u00e9l. <\/strong><\/p>\n<p><strong>Entend\u00ed el chiste, un ingenioso chiste matem\u00e1tico y me pareci\u00f3 digno de admiraci\u00f3n<\/strong>. Se podr\u00eda expresar mediante una f\u00f3rmula:<\/p>\n<p><img loading=\"lazy\" decoding=\"async\" class=\"aligncenter wp-image-3266\" src=\"https:\/\/martaberrocal.org\/es\/wp-content\/uploads\/20170521_130617-Copiar-300x226.jpg\" alt=\"\" width=\"254\" height=\"191\" srcset=\"https:\/\/martaberrocal.org\/es\/wp-content\/uploads\/20170521_130617-Copiar-300x226.jpg 300w, https:\/\/martaberrocal.org\/es\/wp-content\/uploads\/20170521_130617-Copiar.jpg 600w\" sizes=\"auto, (max-width: 254px) 100vw, 254px\" \/><\/p>\n<p><strong>Nos miramos a los ojos y no tengo duda: No era el alzh\u00e9imer. Acababa de hacer gala de su magn\u00edfico y agudo sentido del humor. Se puso muy contento cuando percibi\u00f3 que yo lo hab\u00eda captado.<\/strong><\/p>\n<p><strong>Nos re\u00edmos un buen rato y seguimos buscando la caja n\u00ba 5<\/strong>. Finalmente dimos con ella y tuvimos otro motivo de satisfacci\u00f3n: pudimos realizar el encargo familiar, cosa que hab\u00edamos puesto en duda que pudi\u00e9ramos hacer, unos minutos antes.<\/p>\n<p>De camino a la salida continuamos examinando objetos. Le llam\u00f3 la atenci\u00f3n una pieza met\u00e1lica que sirve para mezclar pintura y un salabre que le record\u00f3 que en alg\u00fan momento de su vida \u00e9l hab\u00eda ido a pescar. Mientras esper\u00e1bamos a que nos cobraran descubri\u00f3 una raqueta de tenis que le pareci\u00f3 demasiado peque\u00f1a y endeble y nos enteramos de que sirve para electrocutar moscas. La joven oriental que atend\u00eda la caja daba instrucciones a la clienta sobre c\u00f3mo deb\u00eda usarla. Saludamos cordialmente al marcharnos y me coment\u00f3 nada m\u00e1s salir:<\/p>\n<p style=\"padding-left: 30px;\">&#8211; <span style=\"color: #800080;\">Hay que ver lo bien que habla el castellano esta chiquilla <\/span>(refiri\u00e9ndose a la dependienta).<\/p>\n<p>En alg\u00fan rinc\u00f3n de su cabeza tal vez haya alg\u00fan fragmento aletargado que contenga rastros de sus vivencias como profesor de castellano de las primeras personas de origen chino que se establecieron en el pueblo. <strong>No hablamos de ello. Lo hubiera hecho si \u00e9l hubiera hecho referencia expl\u00edcita en alg\u00fan momento por peque\u00f1a que hubiera sido. Entonces le hubiera ayudado a completar sus recuerdos.<\/strong><\/p>\n<p>A veces es una tentaci\u00f3n explicarle recuerdos bonitos de los que \u00e9l ha sido el protagonista, pero pueden llegar a entristecerlo o a contrariarle por el hecho de no acordarse de nada, as\u00ed que<strong> he llegado a la conclusi\u00f3n de que en muchos momentos es preferible no hacerlo. <\/strong>Sin embargo<strong>, cuando se presentan buenas ocasiones, trato de\u00a0aprovecharlas\u00a0al m\u00e1ximo.<\/strong><\/p>\n<p>Cuando salimos del bazar, <strong>pusimos rumbo a los Montes<\/strong>. Ser\u00e1 el tema de un pr\u00f3ximo art\u00edculo.<\/p>\n","protected":false},"excerpt":{"rendered":"<p>&nbsp; El viernes mi padre y yo\u00a0chineamos juntos. Despu\u00e9s subimos a los Montes. Aprovechamos un peque\u00f1o encargo familiar (adquirir una caja de pl\u00e1stico), para visitar el bazar y dialogar sobre algunas de los miles de cosas que hay en \u00e9l. Pasamos por nuestras secciones preferidas, como siempre que vamos. En la de art\u00edculos para hacer &hellip; <a href=\"https:\/\/martaberrocal.org\/es\/la-caja-numero-5\/\" class=\"more-link\">Seguir leyendo <span class=\"screen-reader-text\">La caja n\u00famero 5<\/span> <span class=\"meta-nav\">&rarr;<\/span><\/a><\/p>\n","protected":false},"author":1,"featured_media":0,"comment_status":"closed","ping_status":"closed","sticky":false,"template":"","format":"standard","meta":{"footnotes":""},"categories":[45],"tags":[66,79],"class_list":["post-3261","post","type-post","status-publish","format-standard","hentry","category-creatividad-y-alzheimer","tag-emociones","tag-memoria"],"_links":{"self":[{"href":"https:\/\/martaberrocal.org\/es\/wp-json\/wp\/v2\/posts\/3261","targetHints":{"allow":["GET"]}}],"collection":[{"href":"https:\/\/martaberrocal.org\/es\/wp-json\/wp\/v2\/posts"}],"about":[{"href":"https:\/\/martaberrocal.org\/es\/wp-json\/wp\/v2\/types\/post"}],"author":[{"embeddable":true,"href":"https:\/\/martaberrocal.org\/es\/wp-json\/wp\/v2\/users\/1"}],"replies":[{"embeddable":true,"href":"https:\/\/martaberrocal.org\/es\/wp-json\/wp\/v2\/comments?post=3261"}],"version-history":[{"count":7,"href":"https:\/\/martaberrocal.org\/es\/wp-json\/wp\/v2\/posts\/3261\/revisions"}],"predecessor-version":[{"id":3273,"href":"https:\/\/martaberrocal.org\/es\/wp-json\/wp\/v2\/posts\/3261\/revisions\/3273"}],"wp:attachment":[{"href":"https:\/\/martaberrocal.org\/es\/wp-json\/wp\/v2\/media?parent=3261"}],"wp:term":[{"taxonomy":"category","embeddable":true,"href":"https:\/\/martaberrocal.org\/es\/wp-json\/wp\/v2\/categories?post=3261"},{"taxonomy":"post_tag","embeddable":true,"href":"https:\/\/martaberrocal.org\/es\/wp-json\/wp\/v2\/tags?post=3261"}],"curies":[{"name":"wp","href":"https:\/\/api.w.org\/{rel}","templated":true}]}}