
{"id":3279,"date":"2017-05-22T19:08:26","date_gmt":"2017-05-22T19:08:26","guid":{"rendered":"http:\/\/martaberrocal.org\/es\/?p=3279"},"modified":"2017-05-22T19:41:28","modified_gmt":"2017-05-22T19:41:28","slug":"los-montes","status":"publish","type":"post","link":"https:\/\/martaberrocal.org\/es\/los-montes\/","title":{"rendered":"Los Montes"},"content":{"rendered":"<p><strong>Los Montes<\/strong> es el lugar donde mi padre pas\u00f3 su infancia, cerca de M\u00e1laga. Conserva todav\u00eda vagos recuerdos de aquella \u00e9poca.<\/p>\n<p><img loading=\"lazy\" decoding=\"async\" class=\"alignleft size-medium wp-image-3280\" src=\"https:\/\/martaberrocal.org\/es\/wp-content\/uploads\/IMG_0978-1-Copiar-300x225.jpg\" alt=\"\" width=\"300\" height=\"225\" srcset=\"https:\/\/martaberrocal.org\/es\/wp-content\/uploads\/IMG_0978-1-Copiar-300x225.jpg 300w, https:\/\/martaberrocal.org\/es\/wp-content\/uploads\/IMG_0978-1-Copiar.jpg 600w\" sizes=\"auto, (max-width: 300px) 100vw, 300px\" \/>Hace tiempo localic\u00e9 una fotograf\u00eda antigua de la casa donde vivi\u00f3 con sus padres y sus hermanas mellizas. La pusimos en un \u00e1lbum, junto a otras de aquellos a\u00f1os. De vez en cuando lo hemos estado viendo y comentando juntos, reviviendo rostros y personas, an\u00e9cdotas y experiencias y poniendo nombres a algunas caras cercanas que se han ido convirtiendo en desconocidas.<\/p>\n<p>Hace tiempo sin embargo que no lo hacemos.<strong> A medida que sus recuerdos se desvanecen m\u00e1s complicado es a veces tratar de revivirlos. Siento que es preferible dejar que se desvanezcan por mucho que duela.<\/strong><\/p>\n<p>El d\u00eda que le mostr\u00e9 la fotograf\u00eda de la casa record\u00f3 de pronto con emoci\u00f3n su cuarto de juegos, justo en la habitaci\u00f3n que hab\u00eda tras la ventana de la derecha.<\/p>\n<p><strong>Los Montes<\/strong> constituyen todav\u00eda para \u00e9l un grato recuerdo, aunque sea vago y se vaya desintegrando progresivamente. En otra \u00e9poca hablaba de ellos describiendo olores, sabores, sonidos, colores, etc. Yo creo que los percibi\u00f3 con todos sus sentidos cuando era un ni\u00f1o y ahora, algunas experiencias sensitivas son capaces de activar gratas emociones relacionadas con ellos.<\/p>\n<p>Hace ya tiempo, cuando tengo ocasi\u00f3n, vamos a pasear juntos por <span style=\"color: #99cc00;\"><strong>los montes<\/strong><\/span>. En\u00a0quince minutos en coche, subimos a lo alto de la cordillera prelitoral de la comarca del Maresme, en un punto cercano a Barcelona. Conocemos un mirador desde el que se divisa el mar ocupando todo el horizonte, Barcelona y otras ciudades pr\u00f3ximas, la silueta de la monta\u00f1a de Montserrat, etc.<\/p>\n<p>La primera vez que lo visitamos se sinti\u00f3 transportado a <strong>los Montes<\/strong> de su Andaluc\u00eda natal y Barcelona se transform\u00f3 en Granada y en alg\u00fan lugar del mar emergi\u00f3 el pe\u00f1\u00f3n de Gibraltar.<\/p>\n<p>Desde entonces, hemos estado en el mirador unas cuantas veces y en los \u00faltimos meses hemos incrementado la frecuencia de los paseos por <strong><span style=\"color: #99cc00;\">los montes<\/span><\/strong>. La primavera llena el campo de flores y de otras cosas sumamente atractivas.<\/p>\n<p><strong>El paseo<\/strong>, lento y ascendente, por senderos sin asfaltar que atraviesan los bosques de pinos ahora gravemente afectados por un escarabajo demoledor que ha obligado a talar innumerables ejemplares afectados, <strong>le hace rememorar muchas sensaciones de su infancia.<\/strong><\/p>\n<p>En algunos lugares puedo circular lentamente junto a los m\u00e1rgenes donde crecen las esparragueras y descubrir desde el coche alg\u00fan intr\u00e9pido esp\u00e1rrago creciendo entre las hierbas. Entonces detengo el coche y bajo a cortarlos. \u00c9l es el encargado de sujetarlos mientras yo conduzco y no ceso de alabar su aguda visi\u00f3n entre parada y parada. A veces, las tentativas resultan infructuosas. Le encantaba ir en su busca cuando era ni\u00f1o y viv\u00eda en <strong>los Montes.<\/strong><\/p>\n<p>Tambi\u00e9n cogemos flores y hierbas. \u00daltimamente la retama ha sido la protagonista. \u00c9l la recuerda de M\u00e1laga. Despide una fragancia muy agradable, aunque creo que \u00e9l no la percibe a casusa del alzh\u00e9imer, que afecta el olfato de alguna manera, o eso creo. No obstante, aspiramos los dos las flores que cortamos y comentamos lo bien que huelen. Me cuenta que cuando estaba seca, la usaban para encender chimeneas y braseros y tiene la impresi\u00f3n de que la llamaban \u201cbolina\u201d. He buscado informaci\u00f3n y no he encontrado de momento referencia a este t\u00e9rmino.<\/p>\n<p><strong>Tras las excursiones a <span style=\"color: #99cc00;\">los montes<\/span>, \u00e9l me suele contar que ha estado en ellos, pero nunca ha sido conmigo<\/strong>. Sonr\u00edo cuando me explica lo bien que lo ha pasado. Y <strong>luego se olvida enseguida, o eso cre\u00eda yo<\/strong>.<\/p>\n<p><strong>El s\u00e1bado<\/strong>, cuando habl\u00e9 con \u00e9l por tel\u00e9fono,<strong> me cont\u00f3 que hace ya un par de meses sale a pasear con un amigo, un hombre<\/strong>, a <strong><span style=\"color: #99cc00;\">los montes<\/span><\/strong>. Me explic\u00f3 en plan secreto que se lo pasan en grande cogiendo esp\u00e1rragos desde el coche. \u00c9l otea el margen y en cuanto ve uno, avisa a su amigo, que para y sale a cortarlo.<\/p>\n<p><strong>Me siento feliz cuando me doy cuenta de que s\u00ed se acuerda de las excursiones que hemos estado haciendo<\/strong>. Lo que menos me importa es que se acuerde de con qui\u00e9n ha ido. <strong>Se acuerda del contenido sensitivo y emocional de ellas.<\/strong><\/p>\n<p>Le dije que me parec\u00eda fabuloso que pueda disfrutar de los paseos con su amigo. A ninguno de los dos nos sale nunca su nombre\u2026 aunque sabemos qui\u00e9n es\u2026<\/p>\n<p>Y me pregunt\u00f3: &#8211;<span style=\"color: #339966;\">Oye, \u00bftu conduces?<\/span> Y me entr\u00f3 la risa, no lo pude evitar y le dije: <span style=\"color: #339966;\">Si, por supuesto, y si te apetece, un d\u00eda vamos los dos a pasear a <span style=\"color: #99cc00;\">los montes<\/span>.<\/span><\/p>\n<p>El \u00faltimo d\u00eda que estuvimos en ellos fue el viernes pasado y el comentario lo hizo el s\u00e1bado cuando hablamos por tel\u00e9fono. Esta vez sin embargo se refiri\u00f3 a que llevaba como dos meses subiendo con frecuencia, cosa que es cierta.<img loading=\"lazy\" decoding=\"async\" class=\"alignright size-medium wp-image-3281\" src=\"https:\/\/martaberrocal.org\/es\/wp-content\/uploads\/R-DSC07280-Copiar-300x162.jpg\" alt=\"\" width=\"300\" height=\"162\" srcset=\"https:\/\/martaberrocal.org\/es\/wp-content\/uploads\/R-DSC07280-Copiar-300x162.jpg 300w, https:\/\/martaberrocal.org\/es\/wp-content\/uploads\/R-DSC07280-Copiar.jpg 600w\" sizes=\"auto, (max-width: 300px) 100vw, 300px\" \/><\/p>\n<p>En el mirador estuvimos charlando animadamente de muchas cosas y haciendo fotos. Le cont\u00e9 que me fascinan los <a href=\"https:\/\/martaberrocal.org\/es\/milanos-de-primavera\/\">milanos <\/a>que producen algunas flores y cort\u00e9 unas cuantas inflorescencias maduras, con las semillas a punto de emprender el vuelo. Estuvo posando para m\u00ed, mientras soplaba milanos al viento y nos re\u00edamos pensando en la cantidad de deseos que pod\u00edamos pedir de golpe.<\/p>\n<div id='gallery-1' class='gallery galleryid-3279 gallery-columns-3 gallery-size-thumbnail'><figure class='gallery-item'>\n\t\t\t<div class='gallery-icon landscape'>\n\t\t\t\t<a href='https:\/\/martaberrocal.org\/es\/los-montes\/r-dsc07281-copiar\/'><img loading=\"lazy\" decoding=\"async\" width=\"150\" height=\"150\" src=\"https:\/\/martaberrocal.org\/es\/wp-content\/uploads\/R-DSC07281-Copiar-150x150.jpg\" class=\"attachment-thumbnail size-thumbnail\" alt=\"\" \/><\/a>\n\t\t\t<\/div><\/figure><figure class='gallery-item'>\n\t\t\t<div class='gallery-icon landscape'>\n\t\t\t\t<a href='https:\/\/martaberrocal.org\/es\/los-montes\/r-dsc07283-copiar\/'><img loading=\"lazy\" decoding=\"async\" width=\"150\" height=\"150\" src=\"https:\/\/martaberrocal.org\/es\/wp-content\/uploads\/R-DSC07283-Copiar-150x150.jpg\" class=\"attachment-thumbnail size-thumbnail\" alt=\"\" \/><\/a>\n\t\t\t<\/div><\/figure><figure class='gallery-item'>\n\t\t\t<div class='gallery-icon portrait'>\n\t\t\t\t<a href='https:\/\/martaberrocal.org\/es\/los-montes\/r-dsc07284-copiar\/'><img loading=\"lazy\" decoding=\"async\" width=\"150\" height=\"150\" src=\"https:\/\/martaberrocal.org\/es\/wp-content\/uploads\/R-DSC07284-Copiar-150x150.jpg\" class=\"attachment-thumbnail size-thumbnail\" alt=\"\" \/><\/a>\n\t\t\t<\/div><\/figure>\n\t\t<\/div>\n\n<p>Cuando \u00edbamos de vuelta, camino a casa, hizo otro comentario que ya indicaba a las claras que conserva recuerdos de otros d\u00edas.<br \/>\nMe dijo:<\/p>\n<p style=\"padding-left: 30px;\">&#8211;<span style=\"color: #339966;\">Oye, menos mal que ya me he acostumbrado a pasar por aqu\u00ed, porque los primeros d\u00edas pens\u00e9: Pero muchacho, \u00bfD\u00f3nde te has metido?<\/span><\/p>\n<p>Y sonre\u00ed al recordar que durante la primera excursi\u00f3n no dej\u00f3 de repetir: <span style=\"color: #339966;\">si me viera mi padre por estos caminos\u2026<\/span><\/p>\n<p><strong>Algunos d\u00edas vamos en Panda, un coche ideal para circular a velocidad de esp\u00e1rrago<\/strong>, por caminos de monta\u00f1a sin asfaltar, con alg\u00fan que otro bache por decirlo de una manera suave. <strong>Convierte el paseo en una aut\u00e9ntica aventura, y a los dos nos gusta \u2026<\/strong><\/p>\n<p><strong>\u00bf<a href=\"https:\/\/martaberrocal.org\/es\/chineamos-chineemos\/\">Pandeamos<\/a>?,<\/strong> me pregunt\u00f3 un d\u00eda, hace ya mucho tiempo. <strong>Pandeemos<\/strong>, contest\u00e9.<\/p>\n<p><strong>Y nos entr\u00f3 la risa a ambos, como tantas veces.<\/strong><\/p>\n","protected":false},"excerpt":{"rendered":"<p>Los Montes es el lugar donde mi padre pas\u00f3 su infancia, cerca de M\u00e1laga. Conserva todav\u00eda vagos recuerdos de aquella \u00e9poca. Hace tiempo localic\u00e9 una fotograf\u00eda antigua de la casa donde vivi\u00f3 con sus padres y sus hermanas mellizas. La pusimos en un \u00e1lbum, junto a otras de aquellos a\u00f1os. De vez en cuando lo &hellip; <a href=\"https:\/\/martaberrocal.org\/es\/los-montes\/\" class=\"more-link\">Seguir leyendo <span class=\"screen-reader-text\">Los Montes<\/span> <span class=\"meta-nav\">&rarr;<\/span><\/a><\/p>\n","protected":false},"author":1,"featured_media":0,"comment_status":"closed","ping_status":"closed","sticky":false,"template":"","format":"standard","meta":{"footnotes":""},"categories":[45],"tags":[66,79],"class_list":["post-3279","post","type-post","status-publish","format-standard","hentry","category-creatividad-y-alzheimer","tag-emociones","tag-memoria"],"_links":{"self":[{"href":"https:\/\/martaberrocal.org\/es\/wp-json\/wp\/v2\/posts\/3279","targetHints":{"allow":["GET"]}}],"collection":[{"href":"https:\/\/martaberrocal.org\/es\/wp-json\/wp\/v2\/posts"}],"about":[{"href":"https:\/\/martaberrocal.org\/es\/wp-json\/wp\/v2\/types\/post"}],"author":[{"embeddable":true,"href":"https:\/\/martaberrocal.org\/es\/wp-json\/wp\/v2\/users\/1"}],"replies":[{"embeddable":true,"href":"https:\/\/martaberrocal.org\/es\/wp-json\/wp\/v2\/comments?post=3279"}],"version-history":[{"count":5,"href":"https:\/\/martaberrocal.org\/es\/wp-json\/wp\/v2\/posts\/3279\/revisions"}],"predecessor-version":[{"id":3289,"href":"https:\/\/martaberrocal.org\/es\/wp-json\/wp\/v2\/posts\/3279\/revisions\/3289"}],"wp:attachment":[{"href":"https:\/\/martaberrocal.org\/es\/wp-json\/wp\/v2\/media?parent=3279"}],"wp:term":[{"taxonomy":"category","embeddable":true,"href":"https:\/\/martaberrocal.org\/es\/wp-json\/wp\/v2\/categories?post=3279"},{"taxonomy":"post_tag","embeddable":true,"href":"https:\/\/martaberrocal.org\/es\/wp-json\/wp\/v2\/tags?post=3279"}],"curies":[{"name":"wp","href":"https:\/\/api.w.org\/{rel}","templated":true}]}}