
{"id":3367,"date":"2017-05-31T14:44:04","date_gmt":"2017-05-31T14:44:04","guid":{"rendered":"http:\/\/martaberrocal.org\/es\/?p=3367"},"modified":"2017-05-31T14:46:44","modified_gmt":"2017-05-31T14:46:44","slug":"identidades","status":"publish","type":"post","link":"https:\/\/martaberrocal.org\/es\/identidades\/","title":{"rendered":"Identidades"},"content":{"rendered":"<p>&nbsp;<\/p>\n<p>La identidad de los enfermos de Alzheimer se desintegra progresivamente de forma inexorable. La de sus acompa\u00f1antes, tambi\u00e9n.\u00a0 En mi caso, se desintegra y multiplica a la vez.<\/p>\n<p><img loading=\"lazy\" decoding=\"async\" class=\"alignleft size-medium wp-image-3371\" src=\"https:\/\/martaberrocal.org\/es\/wp-content\/uploads\/DSC07232-Copiar-300x244.jpg\" alt=\"\" width=\"300\" height=\"244\" srcset=\"https:\/\/martaberrocal.org\/es\/wp-content\/uploads\/DSC07232-Copiar-300x244.jpg 300w, https:\/\/martaberrocal.org\/es\/wp-content\/uploads\/DSC07232-Copiar.jpg 600w\" sizes=\"auto, (max-width: 300px) 100vw, 300px\" \/>Hace ya mucho tiempo, a\u00f1os, que trato de afrontar de la mejor manera posible este doble proceso. No fui consciente al principio de la enfermedad de mi padre de que mi propia identidad sufrir\u00eda cambios. S\u00f3lo fui consciente de que \u00e9l ser\u00eda v\u00edctima de este proceso ineludible.<\/p>\n<p>Cuando los recuerdos van desapareciendo paulatinamente y los enfermos ya no pueden recordar, ni siquiera a grandes rasgos, los episodios que han determinado su vida <strong>no hay estrategia que valga para tratar de preservar su identidad y la de las personas que los rodean.<\/strong><\/p>\n<p><strong>Cuesta entenderlo y resulta dif\u00edcil asumirlo<\/strong>. De nada sirve tratar de resistirse, hay que acabar por aceptarlo. Yo s\u00f3lo puedo hablar de mi experiencia, pero tengo la impresi\u00f3n de que algunos de los pensamientos y sentimientos que a m\u00ed me genera este proceso es posible que tambi\u00e9n los tengan y experimenten otras personas que est\u00e9n viviendo una situaci\u00f3n similar.<\/p>\n<p>\u00daltimamente tengo la impresi\u00f3n de que la relaci\u00f3n de parentesco que me une a mi padre ha desaparecido pr\u00e1cticamente del todo de su cabeza. No es una desuni\u00f3n permanente, a ratos parece que recuperamos los lazos que nos unen, pero es dif\u00edcil saber cu\u00e1ndo es as\u00ed y cu\u00e1ndo no.<\/p>\n<p>Llevo meses tratando de preservar el binomio hija-Marta pero cada vez con m\u00e1s frecuencia ambos conceptos se disocian completamente. En algunos momentos tiene claro que soy su hija, pero no Marta. En otros soy Marta, pero no su hija.\u00a0 Siempre intuye sin embargo que soy alguien querido y cercano. O por lo menos, yo lo percibo as\u00ed.<\/p>\n<p><img loading=\"lazy\" decoding=\"async\" class=\"alignright wp-image-3380\" src=\"https:\/\/martaberrocal.org\/es\/wp-content\/uploads\/R-20170531_155511-Copiar-300x225.jpg\" alt=\"\" width=\"245\" height=\"184\" srcset=\"https:\/\/martaberrocal.org\/es\/wp-content\/uploads\/R-20170531_155511-Copiar-300x225.jpg 300w, https:\/\/martaberrocal.org\/es\/wp-content\/uploads\/R-20170531_155511-Copiar.jpg 600w\" sizes=\"auto, (max-width: 245px) 100vw, 245px\" \/>Las confusiones sobre mi identidad se hacen evidentes de forma diferente seg\u00fan si hablamos en directo o por tel\u00e9fono. Ya hace tiempo que las conversaciones diarias que mantengo con \u00e9l van precedidas de maniobras de orientaci\u00f3n que le recuerdan el binomio hija-Marta, antes de que empecemos a hablar. Sin embargo, a medida que van pasando los minutos tengo la impresi\u00f3n de que el binomio se diluye y llevo semanas tratando de introducir frases que refuercen nuestro v\u00ednculo y relaci\u00f3n. Algunos d\u00edas, no estoy segura de si realmente he logrado que no se olvide antes de colgar, de con qui\u00e9n est\u00e1 hablando. \u00a0Otros d\u00edas tengo claro que esto no ocurre y podemos mantener charlas fluidas.<\/p>\n<p>Cuando trata de explicarme alguna experiencia que hemos vivido juntos, es cuando m\u00e1s se pone de manifiesto \u00faltimamente la confusi\u00f3n sobre mi persona. He hecho una lista de las identidades que he asumido hasta ahora, en los \u00faltimos tiempos:<\/p>\n<ul>\n<li><span style=\"color: #ff6600;\">Mi amigo el delgadito<\/span><\/li>\n<li><span style=\"color: #ff6600;\">El amigo de mi marido<\/span><\/li>\n<li><span style=\"color: #ff6600;\">Mi marido<\/span><\/li>\n<li><span style=\"color: #ff6600;\">Un compa\u00f1ero de la escuela<\/span><\/li>\n<li><span style=\"color: #ff6600;\">Un amigo<\/span><\/li>\n<li><span style=\"color: #ff6600;\">Un hombre<\/span><\/li>\n<li><span style=\"color: #ff6600;\">La G\u00f3mez Aracil<\/span><\/li>\n<li><span style=\"color: #ff6600;\">Ricardo<\/span><\/li>\n<\/ul>\n<p>No s\u00e9 si alguien se habr\u00e1 dado cuenta: he cambiado de g\u00e9nero. Exceptuando la G\u00f3mez Aracil, todas mis otras identidades son masculinas.<\/p>\n<figure id=\"attachment_3369\" aria-describedby=\"caption-attachment-3369\" style=\"width: 202px\" class=\"wp-caption alignright\"><img loading=\"lazy\" decoding=\"async\" class=\"wp-image-3369 size-medium\" src=\"https:\/\/martaberrocal.org\/es\/wp-content\/uploads\/Imagen1-202x300.jpg\" alt=\"\" width=\"202\" height=\"300\" srcset=\"https:\/\/martaberrocal.org\/es\/wp-content\/uploads\/Imagen1-202x300.jpg 202w, https:\/\/martaberrocal.org\/es\/wp-content\/uploads\/Imagen1.jpg 546w\" sizes=\"auto, (max-width: 202px) 100vw, 202px\" \/><figcaption id=\"caption-attachment-3369\" class=\"wp-caption-text\">El artista Marcel Duchamp juega y explora su identidad como Rrose S\u00e9lavy<\/figcaption><\/figure>\n<p>De nada sirve preguntarse por qu\u00e9 motivo me he convertido en los \u00faltimos tiempos en un hombre. Lo \u00fanico que cabe es aceptarlo. Me digo a mi misma que es preferible hacerlo con sentido del humor tratando de encontrar el punto gracioso y creativo que hay en ello.<\/p>\n<p><strong>Nunca pienso que \u00e9l se haya olvidado de m\u00ed<\/strong>, \u00a1para nada!\u00a0 No puede acordarse de quien soy exactamente, que desde mi punto no es lo mismo<strong> y eso no impide adem\u00e1s que podamos seguir disfrutando haciendo cosas juntos.<\/strong><\/p>\n<p>Ayer me contaba que alguien, <span style=\"color: #ff6600;\"><strong>un hombre<\/strong><\/span>, hab\u00eda pintado dos de sus <a href=\"https:\/\/martaberrocal.org\/es\/mandalas-dialogados\/\">minimandalas<\/a>. Ten\u00eda claro que no los hab\u00eda hecho \u00e9l y trat\u00e9 de explicarle que hab\u00eda sido yo, que los hice con su permiso y aprobaci\u00f3n previa, que hab\u00eda estado luego haciendo pruebas con un pincel para ver qu\u00e9 tal quedaba el dibujo despu\u00e9s de pasarlo ligeramente humedecido sobre el papel, porque los l\u00e1pices de colores que usa son acuarelables.<\/p>\n<p>Le gust\u00f3 esta \u00faltima palabra y la repiti\u00f3 unas cuantas veces, pero pronto entramos en un bucle en el que aparec\u00eda un hombre con un pincel y fue complejo salir de \u00e9l. <strong>Tuve la sensaci\u00f3n de estar disolvi\u00e9ndome como una pincelada de acuarela sobre el papel. Y trat\u00e9 de resistirme.<\/strong> Intent\u00e9 recordarle un mont\u00f3n de detalles, hilvanando sus fragmentos confusos, procurando poner de relieve el inter\u00e9s que ambos compartimos por los mandalas y algunas cosas que hacemos juntos.\u00a0 Y lo que hice en realidad fue poner de manifiesto la cantidad de cosas de las que no puede acordarse.<\/p>\n<p><strong>\u00bfHice bien tratando de resistirme? \u00bfNo hubiera sido mejor abandonarme a la disoluci\u00f3n y tratar de dejar sencillamente una bonita impronta, como hace la acuarela sobre el papel?<\/strong><\/p>\n<p>Me resulta f\u00e1cil pregunt\u00e1rmelo ahora, pero es complejo incorporar estos razonamientos en el momento en que\u00a0estoy tanteando\u00a0las posibilidades de la conversaci\u00f3n con \u00e9l.\u00a0 <strong>No siempre s\u00e9 qu\u00e9 hacer<\/strong>.<\/p>\n<p><strong>A veces me diluyo sin problemas y otras me da la sensaci\u00f3n de que me resisto a ello. <\/strong><\/p>\n<p>En muchos momentos \u00e9l no sabe qui\u00e9n soy. No puede ponerme nombre ni cara. Las palabras y las im\u00e1genes que se extrav\u00edan en su cabeza le juegan una mala pasada y el <strong>binomio conceptual<\/strong> hija-Marta se debilita.<\/p>\n<p>Sin embargo, percibo que el <strong>binomio emotivo<\/strong> padre-hija que nos ha mantenido unidos toda la vida, permanece. Es como si mi <strong>identidad emocional<\/strong> conservara a\u00fan su consistencia.<\/p>\n<p>Tal vez acabe cambiando de estado y se volatilice como los gases. Quiero pensar que podr\u00e9 preservarla bajo una campana de cristal como la que ahora contiene y retiene a mis <a href=\"https:\/\/martaberrocal.org\/es\/milanos-calamares-sardinas-y-un-sistema-dinamico\/\">milanos de miraguano<\/a>.<\/p>\n<p>&nbsp;<\/p>\n<p><a href=\"https:\/\/martaberrocal.org\/es\/wp-content\/uploads\/G-DSC06355-Copiar.jpg\"><img loading=\"lazy\" decoding=\"async\" class=\"aligncenter size-medium wp-image-3370\" src=\"https:\/\/martaberrocal.org\/es\/wp-content\/uploads\/G-DSC06355-Copiar-300x225.jpg\" alt=\"\" width=\"300\" height=\"225\" srcset=\"https:\/\/martaberrocal.org\/es\/wp-content\/uploads\/G-DSC06355-Copiar-300x225.jpg 300w, https:\/\/martaberrocal.org\/es\/wp-content\/uploads\/G-DSC06355-Copiar.jpg 583w\" sizes=\"auto, (max-width: 300px) 100vw, 300px\" \/><\/a><\/p>\n<p>&nbsp;<\/p>\n","protected":false},"excerpt":{"rendered":"<p>&nbsp; La identidad de los enfermos de Alzheimer se desintegra progresivamente de forma inexorable. La de sus acompa\u00f1antes, tambi\u00e9n.\u00a0 En mi caso, se desintegra y multiplica a la vez. Hace ya mucho tiempo, a\u00f1os, que trato de afrontar de la mejor manera posible este doble proceso. No fui consciente al principio de la enfermedad de &hellip; <a href=\"https:\/\/martaberrocal.org\/es\/identidades\/\" class=\"more-link\">Seguir leyendo <span class=\"screen-reader-text\">Identidades<\/span> <span class=\"meta-nav\">&rarr;<\/span><\/a><\/p>\n","protected":false},"author":1,"featured_media":0,"comment_status":"closed","ping_status":"closed","sticky":false,"template":"","format":"standard","meta":{"footnotes":""},"categories":[45],"tags":[65,66,79],"class_list":["post-3367","post","type-post","status-publish","format-standard","hentry","category-creatividad-y-alzheimer","tag-arte","tag-emociones","tag-memoria"],"_links":{"self":[{"href":"https:\/\/martaberrocal.org\/es\/wp-json\/wp\/v2\/posts\/3367","targetHints":{"allow":["GET"]}}],"collection":[{"href":"https:\/\/martaberrocal.org\/es\/wp-json\/wp\/v2\/posts"}],"about":[{"href":"https:\/\/martaberrocal.org\/es\/wp-json\/wp\/v2\/types\/post"}],"author":[{"embeddable":true,"href":"https:\/\/martaberrocal.org\/es\/wp-json\/wp\/v2\/users\/1"}],"replies":[{"embeddable":true,"href":"https:\/\/martaberrocal.org\/es\/wp-json\/wp\/v2\/comments?post=3367"}],"version-history":[{"count":12,"href":"https:\/\/martaberrocal.org\/es\/wp-json\/wp\/v2\/posts\/3367\/revisions"}],"predecessor-version":[{"id":3385,"href":"https:\/\/martaberrocal.org\/es\/wp-json\/wp\/v2\/posts\/3367\/revisions\/3385"}],"wp:attachment":[{"href":"https:\/\/martaberrocal.org\/es\/wp-json\/wp\/v2\/media?parent=3367"}],"wp:term":[{"taxonomy":"category","embeddable":true,"href":"https:\/\/martaberrocal.org\/es\/wp-json\/wp\/v2\/categories?post=3367"},{"taxonomy":"post_tag","embeddable":true,"href":"https:\/\/martaberrocal.org\/es\/wp-json\/wp\/v2\/tags?post=3367"}],"curies":[{"name":"wp","href":"https:\/\/api.w.org\/{rel}","templated":true}]}}