
{"id":3585,"date":"2017-06-29T21:27:16","date_gmt":"2017-06-29T21:27:16","guid":{"rendered":"http:\/\/martaberrocal.org\/es\/?p=3585"},"modified":"2017-06-30T08:15:23","modified_gmt":"2017-06-30T08:15:23","slug":"de-caballito-a-caballito","status":"publish","type":"post","link":"https:\/\/martaberrocal.org\/es\/de-caballito-a-caballito\/","title":{"rendered":"De caballito a caballito"},"content":{"rendered":"<p>&nbsp;<\/p>\n<p>Hace meses que le doy vueltas al contenido de este art\u00edculo. Hoy, por fin voy a lanzarme a escribir sobre un asunto que tiene que ver con la manera en que yo me planteo la relaci\u00f3n con mi padre, enfermo de alzh\u00e9imer.<\/p>\n<p>Para poder entender lo que voy a explicar, es necesario leer antes otro art\u00edculo del blog, que no pertenece a esta secci\u00f3n. Siento plantearlo como una condici\u00f3n previa, pero es imprescindible saber lo que expongo en \u00e9l para poder sumergirse en la lectura de \u00e9ste. Dar\u00e9 por hecho por tanto que aceptareis mi invitaci\u00f3n a leer: \u00a0<a href=\"https:\/\/martaberrocal.org\/es\/el-creador-dinamico-el-hipocampo\/\" target=\"_blank\" rel=\"noopener\"><strong>El creador din\u00e1mico: el hipocampo<\/strong><\/a>, y despu\u00e9s de hacerlo, volver\u00e9is a este punto.<\/p>\n<figure id=\"attachment_2748\" aria-describedby=\"caption-attachment-2748\" style=\"width: 225px\" class=\"wp-caption aligncenter\"><img loading=\"lazy\" decoding=\"async\" class=\" wp-image-2748\" src=\"https:\/\/martaberrocal.org\/es\/wp-content\/uploads\/636px-Fetzenfisch-300x226.jpg\" alt=\"\" width=\"225\" height=\"169\" srcset=\"https:\/\/martaberrocal.org\/es\/wp-content\/uploads\/636px-Fetzenfisch-300x226.jpg 300w, https:\/\/martaberrocal.org\/es\/wp-content\/uploads\/636px-Fetzenfisch.jpg 636w\" sizes=\"auto, (max-width: 225px) 100vw, 225px\" \/><figcaption id=\"caption-attachment-2748\" class=\"wp-caption-text\">De Robb (Katzili at de.wikipedia), CC BY-SA 3.0,<\/figcaption><\/figure>\n<p>&nbsp;<\/p>\n<p>Ahora sabr\u00e9is cuan magn\u00edfico percibo a mi hipocampo o caballito de mar\u00a0y el trabajo que llevo tiempo realizando con \u00e9l, aunque no haya revelado demasiados detalles al respecto.<\/p>\n<figure id=\"attachment_3583\" aria-describedby=\"caption-attachment-3583\" style=\"width: 260px\" class=\"wp-caption alignright\"><a href=\"https:\/\/martaberrocal.org\/es\/wp-content\/uploads\/r-DSC07597-Copiar.jpg\"><img loading=\"lazy\" decoding=\"async\" class=\"wp-image-3583\" src=\"https:\/\/martaberrocal.org\/es\/wp-content\/uploads\/r-DSC07597-Copiar-300x225.jpg\" alt=\"\" width=\"260\" height=\"195\" srcset=\"https:\/\/martaberrocal.org\/es\/wp-content\/uploads\/r-DSC07597-Copiar-300x225.jpg 300w, https:\/\/martaberrocal.org\/es\/wp-content\/uploads\/r-DSC07597-Copiar.jpg 442w\" sizes=\"auto, (max-width: 260px) 100vw, 260px\" \/><\/a><figcaption id=\"caption-attachment-3583\" class=\"wp-caption-text\">A mi caballito le gusta navegar entre an\u00e9monas de mar<\/figcaption><\/figure>\n<p>Mi caballito est\u00e1 ocupad\u00edsimo realizando misiones. He sido yo quien le ha pedido expl\u00edcitamente que se ocupe de algunos asuntos que me interesan, aunque tambi\u00e9n trabaja por cuenta propia en otros temas, sin que yo se lo pida. Lo hace a todas horas del d\u00eda, incluso durante la noche.<\/p>\n<p><strong>Mi caballito empatiza con otros caballitos<\/strong>, aunque algunos de ellos no lo sepan.<\/p>\n<p>Cuando inici\u00e9 el creativo y po\u00e9tico proceso de autoconciencia de mi hipocampo, trat\u00e9 de explicarle a mi padre lo que estaba haciendo. De eso hace ya muchos meses.<\/p>\n<p>Ten\u00eda diferentes motivos para hacerlo. El primero de todos es que le encanta que le explique en qu\u00e9 anda entretenida mi cabeza y m\u00e1s a\u00fan cuando lo que hago es explorar ideas novedosas y originales. Un segundo y poderoso motivo tiene que ver con las funciones que ejerce este \u00f3rgano y las alteraciones que sufre a ra\u00edz del alzh\u00e9imer. No voy ahora a tratar de explicarlo, me basta con comentar que el hipocampo es el centro gestor de la memoria y que se al\u00eda en cierta manera con las am\u00edgdalas, que gestionan las emociones, para desempe\u00f1ar su funci\u00f3n. Tambi\u00e9n juega un papel importante en la plasticidad neuronal.<\/p>\n<figure id=\"attachment_3579\" aria-describedby=\"caption-attachment-3579\" style=\"width: 260px\" class=\"wp-caption alignleft\"><a href=\"https:\/\/martaberrocal.org\/es\/wp-content\/uploads\/DSC07601-Copiar.jpg\"><img loading=\"lazy\" decoding=\"async\" class=\"wp-image-3579\" src=\"https:\/\/martaberrocal.org\/es\/wp-content\/uploads\/DSC07601-Copiar-300x225.jpg\" alt=\"\" width=\"260\" height=\"195\" srcset=\"https:\/\/martaberrocal.org\/es\/wp-content\/uploads\/DSC07601-Copiar-300x225.jpg 300w, https:\/\/martaberrocal.org\/es\/wp-content\/uploads\/DSC07601-Copiar.jpg 600w\" sizes=\"auto, (max-width: 260px) 100vw, 260px\" \/><\/a><figcaption id=\"caption-attachment-3579\" class=\"wp-caption-text\">Los bosques de an\u00e9monas atraen a ciertos caballitos marinos, entre los que se cuenta el m\u00edo.<\/figcaption><\/figure>\n<p><strong>Tratar de estimular de manera creativa y po\u00e9tica el hipocampo de mi padre me pareci\u00f3 una idea bonita y posible, carente de riesgos.<\/strong><\/p>\n<p>Lo primero que hice fue explicarle sobre la existencia de este \u00f3rgano y sobre algunas de las funciones que desempe\u00f1a. Sigui\u00f3 mis explicaciones y creo que las entendi\u00f3 perfectamente. Tambi\u00e9n le habl\u00e9 de c\u00f3mo percibo mi caballito y del ejercicio de visualizaci\u00f3n creativa que llevo a cabo con \u00e9l.<\/p>\n<p>Despu\u00e9s de mis apasionadas explicaciones me dijo:<\/p>\n<p style=\"padding-left: 30px;\"><span style=\"color: #339966;\">&#8211; \u00a1Pues mi caballito est\u00e1 chuchurr\u00edo!<\/span><\/p>\n<p><strong>Nos re\u00edmos los dos<\/strong>. Pronunci\u00f3 la palabra \u00abchuchurr\u00edo\u00bb con la gracia que lo caracteriza y \u00e9l mismo fue el que le dio un giro positivo a su comentario. Un comentario producto de un instante de lucidez en el que puso de relieve c\u00f3mo percibe \u00e9l su deterioro, aunque no pueda entenderlo ni explicarlo.<\/p>\n<p>Aunque me re\u00ed con \u00e9l, me entr\u00f3 una pena inmensa al pensar en la percepci\u00f3n que \u00e9l hab\u00eda tenido de su hipocampo, debido a mis explicaciones. Me sent\u00ed como si hubiera conseguido el efecto contrario al que hab\u00eda pretendido.<\/p>\n<p><img loading=\"lazy\" decoding=\"async\" class=\"alignleft wp-image-3582\" src=\"https:\/\/martaberrocal.org\/es\/wp-content\/uploads\/r-20170629_165413-Copiar-300x262.jpg\" alt=\"\" width=\"167\" height=\"146\" srcset=\"https:\/\/martaberrocal.org\/es\/wp-content\/uploads\/r-20170629_165413-Copiar-300x262.jpg 300w, https:\/\/martaberrocal.org\/es\/wp-content\/uploads\/r-20170629_165413-Copiar.jpg 411w\" sizes=\"auto, (max-width: 167px) 100vw, 167px\" \/>Y fue en aquel momento cuando pens\u00e9 en concentrarme en su caballito chuchurr\u00edo y en pedirle al m\u00edo que me ayudara a estimularlo. De ah\u00ed el t\u00edtulo de este art\u00edculo: <strong>De caballito a caballito.<\/strong><\/p>\n<p><strong>Me concentro en la imagen que a m\u00ed me sugiere esta frase cuando hablo con \u00e9l en directo o por tel\u00e9fono y la evoco en muchos otros momentos en los que mi caballito hilvana y teje ideas entre las an\u00e9monas, para poner en pr\u00e1ctica con \u00e9l<\/strong>.<\/p>\n<p>Tiempo despu\u00e9s de este primer intento, volv\u00ed a hablarle de caballitos y le invit\u00e9 a imaginar el suyo.\u00a0 Me dijo que ten\u00eda las pezu\u00f1as rojas. Y yo le contest\u00e9 diciendo que los caballitos de mar no tienen pezu\u00f1as, a diferencia de los terrestres.<\/p>\n<p>Afortunadamente mi comentario le entr\u00f3 por una oreja y le sali\u00f3 por la \u00a0otra. Le dio exactamente igual mi observaci\u00f3n y sigui\u00f3 con las pezu\u00f1as. <strong>Me dio una lecci\u00f3n<\/strong>.<\/p>\n<p style=\"padding-left: 30px;\"><span style=\"color: #993366;\">\u00bfQui\u00e9n soy yo para poner en duda que su caballito es como \u00e9l lo quiera imaginar? <\/span><\/p>\n<p style=\"padding-left: 30px;\"><span style=\"color: #993366;\">\u00bfPor qu\u00e9 dejo que la imagen que yo tengo de mi propio caballito haga emerger prejuicios sobre c\u00f3mo debe ser el de otras personas?<\/span><\/p>\n<p style=\"padding-left: 30px;\"><span style=\"color: #993366;\">\u00bfPor qu\u00e9 invito a los dem\u00e1s a imaginar su caballito con total libertad y luego no respeto lo que han imaginado?<\/span><\/p>\n<p>Me bast\u00f3 con hacerme estas preguntas para cambiar radicalmente de actitud y <strong>las pezu\u00f1as rojas acabaron por parecerme sinceramente espl\u00e9ndidas y as\u00ed se lo transmit\u00ed<\/strong>.<\/p>\n<figure id=\"attachment_3584\" aria-describedby=\"caption-attachment-3584\" style=\"width: 300px\" class=\"wp-caption alignleft\"><a href=\"https:\/\/martaberrocal.org\/es\/wp-content\/uploads\/r-DSC07652-Copiar.jpg\"><img loading=\"lazy\" decoding=\"async\" class=\"wp-image-3584 size-medium\" src=\"https:\/\/martaberrocal.org\/es\/wp-content\/uploads\/r-DSC07652-Copiar-300x225.jpg\" alt=\"\" width=\"300\" height=\"225\" srcset=\"https:\/\/martaberrocal.org\/es\/wp-content\/uploads\/r-DSC07652-Copiar-300x225.jpg 300w, https:\/\/martaberrocal.org\/es\/wp-content\/uploads\/r-DSC07652-Copiar.jpg 506w\" sizes=\"auto, (max-width: 300px) 100vw, 300px\" \/><\/a><figcaption id=\"caption-attachment-3584\" class=\"wp-caption-text\">Las an\u00e9monas permiten a los caballitos protegerse de\u00a0 posibles depredadores<\/figcaption><\/figure>\n<p>Creo que aquel d\u00eda tambi\u00e9n aprovech\u00e9 para contarle que todos los hipocampos son mel\u00f3manos, aunque no todos lo sepan.<\/p>\n<p>No pude llegar m\u00e1s lejos con el tema. Hablamos recurrentemente de su aspecto y poco m\u00e1s.<\/p>\n<p>Tiempo despu\u00e9s, no s\u00e9 precisar cu\u00e1nto ni cu\u00e1ndo, volv\u00ed a invitarle a imaginar su caballito, despu\u00e9s de introducir el tema con alguna sencilla explicaci\u00f3n. Sorprendentemente aquel d\u00eda fue r\u00e1pido en su respuesta:<\/p>\n<p style=\"padding-left: 30px;\"><span style=\"color: #339966;\">-Ya tengo el m\u00edo: Es un caballito, pero como si fuera un camello. En lugar de joroba lo que tienen es una cesta muy grande de bronce y all\u00ed puedes echar cosas o como cenicero.<\/span> <span style=\"color: #999999; font-family: Calibri;\">(Aquel d\u00eda tom\u00e9 nota escrita de su descripci\u00f3n)<img loading=\"lazy\" decoding=\"async\" class=\"alignright size-thumbnail wp-image-3581\" src=\"https:\/\/martaberrocal.org\/es\/wp-content\/uploads\/r-20170629_165305-Copiar-150x150.jpg\" alt=\"\" width=\"150\" height=\"150\" srcset=\"https:\/\/martaberrocal.org\/es\/wp-content\/uploads\/r-20170629_165305-Copiar-150x150.jpg 150w, https:\/\/martaberrocal.org\/es\/wp-content\/uploads\/r-20170629_165305-Copiar-373x372.jpg 373w\" sizes=\"auto, (max-width: 150px) 100vw, 150px\" \/><\/span><\/p>\n<p>Esta vez no fall\u00e9. Alab\u00e9 con entusiasmo el aspecto de su caballito-camellito y dej\u00e9 que la conversaci\u00f3n se extinguiera de forma natural.<\/p>\n<p>La descripci\u00f3n que acababa de hacer era la de una pieza real que tiene, en realidad creo que de dos, ambas de bronce, cuyas im\u00e1genes probablemente superpuso mentalmente y a las que mezcl\u00f3 la del caballito que yo le hab\u00eda invitado a imaginar.<\/p>\n<p>No he vuelto a hablar con \u00e9l del hipocampo y no creo que lo vuelva a hacer.<\/p>\n<p>Sin embargo, <strong>mi caballito no ha renunciado ni un \u00e1pice a tratar de seguir estimulando el suyo por muy chuchurr\u00edo que est\u00e9 y tenga joroba o pezu\u00f1as rojas<\/strong>.<\/p>\n<p style=\"text-align: center;\">*<\/p>\n<p>\u00a0<span style=\"color: #999999; font-family: Calibri;\">Mi caballito es un poco travieso. Os ha hecho creer que se ha paseado \u00faltimamente entre an\u00e9monas marinas, cuando en realidad lo ha hecho entre los estambres de la flor de una alcachofa.<\/span><\/p>\n<p><a href=\"https:\/\/martaberrocal.org\/es\/wp-content\/uploads\/DSC07656-Copiar.jpg\"><img loading=\"lazy\" decoding=\"async\" class=\"aligncenter wp-image-3580 size-medium\" src=\"https:\/\/martaberrocal.org\/es\/wp-content\/uploads\/DSC07656-Copiar-225x300.jpg\" alt=\"\" width=\"225\" height=\"300\" srcset=\"https:\/\/martaberrocal.org\/es\/wp-content\/uploads\/DSC07656-Copiar-225x300.jpg 225w, https:\/\/martaberrocal.org\/es\/wp-content\/uploads\/DSC07656-Copiar.jpg 450w\" sizes=\"auto, (max-width: 225px) 100vw, 225px\" \/><\/a><\/p>\n","protected":false},"excerpt":{"rendered":"<p>&nbsp; Hace meses que le doy vueltas al contenido de este art\u00edculo. Hoy, por fin voy a lanzarme a escribir sobre un asunto que tiene que ver con la manera en que yo me planteo la relaci\u00f3n con mi padre, enfermo de alzh\u00e9imer. Para poder entender lo que voy a explicar, es necesario leer antes &hellip; <a href=\"https:\/\/martaberrocal.org\/es\/de-caballito-a-caballito\/\" class=\"more-link\">Seguir leyendo <span class=\"screen-reader-text\">De caballito a caballito<\/span> <span class=\"meta-nav\">&rarr;<\/span><\/a><\/p>\n","protected":false},"author":1,"featured_media":0,"comment_status":"closed","ping_status":"closed","sticky":false,"template":"","format":"standard","meta":{"footnotes":""},"categories":[45],"tags":[54,66,78,79,82],"class_list":["post-3585","post","type-post","status-publish","format-standard","hentry","category-creatividad-y-alzheimer","tag-botanica","tag-emociones","tag-innovacion","tag-memoria","tag-risa"],"_links":{"self":[{"href":"https:\/\/martaberrocal.org\/es\/wp-json\/wp\/v2\/posts\/3585","targetHints":{"allow":["GET"]}}],"collection":[{"href":"https:\/\/martaberrocal.org\/es\/wp-json\/wp\/v2\/posts"}],"about":[{"href":"https:\/\/martaberrocal.org\/es\/wp-json\/wp\/v2\/types\/post"}],"author":[{"embeddable":true,"href":"https:\/\/martaberrocal.org\/es\/wp-json\/wp\/v2\/users\/1"}],"replies":[{"embeddable":true,"href":"https:\/\/martaberrocal.org\/es\/wp-json\/wp\/v2\/comments?post=3585"}],"version-history":[{"count":5,"href":"https:\/\/martaberrocal.org\/es\/wp-json\/wp\/v2\/posts\/3585\/revisions"}],"predecessor-version":[{"id":3595,"href":"https:\/\/martaberrocal.org\/es\/wp-json\/wp\/v2\/posts\/3585\/revisions\/3595"}],"wp:attachment":[{"href":"https:\/\/martaberrocal.org\/es\/wp-json\/wp\/v2\/media?parent=3585"}],"wp:term":[{"taxonomy":"category","embeddable":true,"href":"https:\/\/martaberrocal.org\/es\/wp-json\/wp\/v2\/categories?post=3585"},{"taxonomy":"post_tag","embeddable":true,"href":"https:\/\/martaberrocal.org\/es\/wp-json\/wp\/v2\/tags?post=3585"}],"curies":[{"name":"wp","href":"https:\/\/api.w.org\/{rel}","templated":true}]}}