
{"id":3835,"date":"2017-08-03T15:57:45","date_gmt":"2017-08-03T15:57:45","guid":{"rendered":"http:\/\/martaberrocal.org\/es\/?p=3835"},"modified":"2017-08-03T15:57:45","modified_gmt":"2017-08-03T15:57:45","slug":"kis-mi-again","status":"publish","type":"post","link":"https:\/\/martaberrocal.org\/es\/kis-mi-again\/","title":{"rendered":"\u00abKis mi again\u00bb"},"content":{"rendered":"<p>&nbsp;<\/p>\n<p><a href=\"https:\/\/martaberrocal.org\/es\/wp-content\/uploads\/DSC07465-Copiar.jpg\"><img loading=\"lazy\" decoding=\"async\" class=\"alignright wp-image-3735\" src=\"https:\/\/martaberrocal.org\/es\/wp-content\/uploads\/DSC07465-Copiar-216x300.jpg\" alt=\"\" width=\"118\" height=\"164\" srcset=\"https:\/\/martaberrocal.org\/es\/wp-content\/uploads\/DSC07465-Copiar-216x300.jpg 216w, https:\/\/martaberrocal.org\/es\/wp-content\/uploads\/DSC07465-Copiar.jpg 388w\" sizes=\"auto, (max-width: 118px) 100vw, 118px\" \/><\/a><strong>Anticip\u00e9 este art\u00edculo hace unos d\u00edas. Me qued\u00f3 pendiente explicar una deliciosa an\u00e9cdota<\/strong> relacionada con el cuaderno de dibujos en el que ha estado trabajando mi padre, enfermo de alzh\u00e9imer, durante mucho tiempo, y al que he dedicado el anterior art\u00edculo de esta secci\u00f3n: \u201c<a href=\"https:\/\/martaberrocal.org\/es\/mandalas-dialogados-ii-patrones\/\">Mandalas dialogados II. Patrones<\/a>\u201d. <span style=\"color: #999999; font-family: Calibri;\">Os invito a leerlo si todav\u00eda no lo hab\u00e9is hecho.<\/span><\/p>\n<p>Estaba convencida de que dicho cuaderno hab\u00eda pasado a formar parte de los acabados, pero no es as\u00ed. El \u00faltimo d\u00eda que estuve con \u00e9l en su casa, lo estuvimos comentando de nuevo y hojeamos todas las p\u00e1ginas a las que todav\u00eda no ha puesto color. Tiene el prop\u00f3sito de seguir con \u00e9l, aunque d\u00edas atr\u00e1s parec\u00eda que lo hab\u00eda aparcado definitivamente.<\/p>\n<p>Hace ya meses me cont\u00f3 lo que hab\u00eda hecho al llegar a una p\u00e1gina determinada. \u00c9sta se compone de dibujos sueltos y el centro lo ocupa una escena que \u00e9l me describi\u00f3 as\u00ed:<\/p>\n<p><a href=\"https:\/\/martaberrocal.org\/es\/wp-content\/uploads\/DSC07095-Copiar.jpg\"><img loading=\"lazy\" decoding=\"async\" class=\"alignleft size-medium wp-image-3830\" src=\"https:\/\/martaberrocal.org\/es\/wp-content\/uploads\/DSC07095-Copiar-225x300.jpg\" alt=\"\" width=\"225\" height=\"300\" srcset=\"https:\/\/martaberrocal.org\/es\/wp-content\/uploads\/DSC07095-Copiar-225x300.jpg 225w, https:\/\/martaberrocal.org\/es\/wp-content\/uploads\/DSC07095-Copiar.jpg 441w\" sizes=\"auto, (max-width: 225px) 100vw, 225px\" \/><\/a><\/p>\n<p style=\"padding-left: 30px;\">&#8211; <span style=\"color: #339966;\">Hay un coraz\u00f3n y dos seres humanos bes\u00e1ndose, o eso parece, que ha hecho el autor de la p\u00e1gina. Entonces pone \u201c<em><strong>Kiss me<\/strong><\/em>\u201d.<\/span><\/p>\n<p>Y sigui\u00f3 cont\u00e1ndome:<\/p>\n<p style=\"padding-left: 30px;\"><span style=\"color: #339966;\">&#8211; Ahora he entrado yo y lo he puesto delante de un pajarito y una pajarita. Bueno, he puesto \u201c<em><strong>kis mi again<\/strong><\/em>\u201d. \u00bfSabes lo que significa?, <span style=\"color: #000000;\">me pregunt\u00f3.<\/span><\/span><\/p>\n<p style=\"padding-left: 30px;\">&#8211; <span style=\"color: #993366;\">\u00bfB\u00e9same otra vez?,<\/span> le dije yo.<\/p>\n<p style=\"padding-left: 30px;\"><span style=\"color: #339966;\">-\u00a1Exacto!,<\/span> contest\u00f3<\/p>\n<p><strong>Y nos re\u00edmos los dos a ambos lados del tel\u00e9fono<\/strong>.<\/p>\n<p><a href=\"https:\/\/martaberrocal.org\/es\/wp-content\/uploads\/DSC07096-Copiar.jpg\"><img loading=\"lazy\" decoding=\"async\" class=\"alignright size-medium wp-image-3831\" src=\"https:\/\/martaberrocal.org\/es\/wp-content\/uploads\/DSC07096-Copiar-225x300.jpg\" alt=\"\" width=\"225\" height=\"300\" srcset=\"https:\/\/martaberrocal.org\/es\/wp-content\/uploads\/DSC07096-Copiar-225x300.jpg 225w, https:\/\/martaberrocal.org\/es\/wp-content\/uploads\/DSC07096-Copiar.jpg 450w\" sizes=\"auto, (max-width: 225px) 100vw, 225px\" \/><\/a>Aunque afortunadamente tom\u00e9 algunas notas de aquella conversaci\u00f3n, no puedo reproducir el tono ni todas las palabras con que me describi\u00f3 el dibujo y su intervenci\u00f3n, pero s\u00e9 que a \u00e9l le dio la sensaci\u00f3n de haber hecho algo un poco fuera de lugar. Se excus\u00f3 en cierto sentido por haberse fijado en una escena de amor expl\u00edcito y recalc\u00f3 que el dibujo no era obra suya, si no del autor de la p\u00e1gina, que obviamente no era \u00e9l.\u00a0 Tambi\u00e9n expres\u00f3 cierta duda sobre el hecho de que los personajes que aparecen se estuvieran besando. Es cierto que los labios de ambas figuras no llegan a tocarse, pero no creo que fuera eso lo que le impuls\u00f3 a ponerlo en duda. Fue m\u00e1s bien su habitual recato y discreci\u00f3n lo que le impuls\u00f3 a expresarlo as\u00ed.<\/p>\n<p>La escena lo emocion\u00f3 de alguna manera que no s\u00e9 ni puedo explicar. Pero no tengo ninguna duda que logr\u00f3 hacer un \u201cclic\u201d en el interior de su cabeza y lo conect\u00f3 con sus vivencias. <strong>Aunque no pueda acordarse de hechos concretos, muchas cosas han dejado una especie de sedimento o poso. Las muestras de afecto constituyen uno de estos posos y estoy convencida de que actualmente son las que consiguen retener algunos recuerdos recientes y no tan recientes en su cabeza. Como si fueran un poderoso pegamento<\/strong>. \u00a0La frase que \u00e9l espont\u00e1neamente ha incluido en el dibujo creo que tambi\u00e9n constituye un bonito ejemplo. \u201c<em>Again<\/em>\u201d, expresa su deseo de preservar el afecto que recibe de las personas, aunque lo haya puesto bajo los pajaritos.<\/p>\n<p>D\u00edas despu\u00e9s, y en varias ocasiones, hemos vuelto a comentar el contenido de esta p\u00e1gina de su cuaderno.<\/p>\n<p>Aunque la primera vez dej\u00f3 muy claro qui\u00e9n hab\u00eda escrito la frase, en las conversaciones posteriores que hemos mantenido, se ha referido siempre a la intervenci\u00f3n de <strong>un gracioso<\/strong>, que en alg\u00fan momento le ha metido mano a la p\u00e1gina y ha escrito lo que ha escrito. \u00c9l ya no se ha vuelto a hacer responsable de la frase.<\/p>\n<p>Desde el primer momento pens\u00e9 que el cambio de versi\u00f3n no se deb\u00eda al hecho de no acordarse de que hab\u00eda sido \u00e9l, sino a la necesidad de sentirse libre de culpa en caso de que alguien lo pudiera acusar de haber escrito algo impropio.\u00a0 Si \u00e9l no ha sido, no hay problema. A la vez el t\u00e9rmino \u201cgracioso\u201d le permite referirse a s\u00ed mismo sin hacerlo de forma expl\u00edcita.<\/p>\n<p>Recuerdo que, en m\u00e1s de una ocasi\u00f3n, cuando ha hecho referencia al gracioso, le he dicho que a m\u00ed me parec\u00eda un gracioso con mucha gracia y que la frase que ha escrito me resulta muy simp\u00e1tica.\u00a0 Mi comentario le hace cambiar el tono autom\u00e1ticamente: empieza a referirse a \u00e9l como quej\u00e1ndose de lo que ha hecho (por si acaso), y en cuanto yo alabo su intervenci\u00f3n noto c\u00f3mo cambia y corrobora, divertido, que a \u00e9l tambi\u00e9n le parece simp\u00e1tica y graciosa la frase.<\/p>\n<p><a href=\"https:\/\/martaberrocal.org\/es\/wp-content\/uploads\/DSC07589-Copiar.jpg\"><img loading=\"lazy\" decoding=\"async\" class=\"alignright size-medium wp-image-3833\" src=\"https:\/\/martaberrocal.org\/es\/wp-content\/uploads\/DSC07589-Copiar-300x201.jpg\" alt=\"\" width=\"300\" height=\"201\" srcset=\"https:\/\/martaberrocal.org\/es\/wp-content\/uploads\/DSC07589-Copiar-300x201.jpg 300w, https:\/\/martaberrocal.org\/es\/wp-content\/uploads\/DSC07589-Copiar.jpg 579w\" sizes=\"auto, (max-width: 300px) 100vw, 300px\" \/><\/a><strong>La figura del gracioso que hace jugarretas no es la primera vez que aparece<\/strong>. Tiempo atr\u00e1s fue el responsable de pintar de color verde la cola de una cabra subida a un \u00e1rbol. El episodio lo mantuvo fastidiado una larga temporada, hasta que logr\u00f3 disimular un poco el color verde, pintando encima con marr\u00f3n y ocre.<\/p>\n<p><a href=\"https:\/\/martaberrocal.org\/es\/wp-content\/uploads\/DSC07588-Copiar.jpg\"><img loading=\"lazy\" decoding=\"async\" class=\"alignright wp-image-3832\" src=\"https:\/\/martaberrocal.org\/es\/wp-content\/uploads\/DSC07588-Copiar-202x300.jpg\" alt=\"\" width=\"86\" height=\"128\" srcset=\"https:\/\/martaberrocal.org\/es\/wp-content\/uploads\/DSC07588-Copiar-202x300.jpg 202w, https:\/\/martaberrocal.org\/es\/wp-content\/uploads\/DSC07588-Copiar.jpg 386w\" sizes=\"auto, (max-width: 86px) 100vw, 86px\" \/><\/a><a href=\"https:\/\/martaberrocal.org\/es\/wp-content\/uploads\/DSC07590-Copiar-e1501761602371.jpg\"><img loading=\"lazy\" decoding=\"async\" class=\"alignleft size-medium wp-image-3834\" src=\"https:\/\/martaberrocal.org\/es\/wp-content\/uploads\/DSC07590-Copiar-e1501761602371-225x300.jpg\" alt=\"\" width=\"225\" height=\"300\" srcset=\"https:\/\/martaberrocal.org\/es\/wp-content\/uploads\/DSC07590-Copiar-e1501761602371-225x300.jpg 225w, https:\/\/martaberrocal.org\/es\/wp-content\/uploads\/DSC07590-Copiar-e1501761602371.jpg 450w\" sizes=\"auto, (max-width: 225px) 100vw, 225px\" \/><\/a>Intent\u00e9 imaginar hip\u00f3tesis factibles que explicaran por qu\u00e9 la cabra ten\u00eda la cola de color verde sin sugerirle nunca que hubiera sido \u00e9l el responsable de pintarla as\u00ed.\u00a0 Mis propuestas no lo convencieron, segu\u00eda fastidiado, como \u00e9l dice, porque alguien la hubiera pintado incorrectamente.<\/p>\n<p>Hace pocos d\u00edas <strong>un esp\u00edritu<\/strong> se ha entrometido en uno de los cuadernos de mandalas centrados en los que est\u00e1 trabajando y ha pintado unas l\u00edneas de forma inadecuada.\u00a0 Ahora intenta eliminarlas con la goma de borrar, pero no le resulta f\u00e1cil y le fastidia que hayan aparecido como por arte de magia sobre el papel.<\/p>\n<p><a href=\"https:\/\/martaberrocal.org\/es\/wp-content\/uploads\/r-20170718_154907-Copiar.jpg\"><img loading=\"lazy\" decoding=\"async\" class=\"alignright size-medium wp-image-3837\" src=\"https:\/\/martaberrocal.org\/es\/wp-content\/uploads\/r-20170718_154907-Copiar-189x300.jpg\" alt=\"\" width=\"189\" height=\"300\" srcset=\"https:\/\/martaberrocal.org\/es\/wp-content\/uploads\/r-20170718_154907-Copiar-189x300.jpg 189w, https:\/\/martaberrocal.org\/es\/wp-content\/uploads\/r-20170718_154907-Copiar.jpg 378w\" sizes=\"auto, (max-width: 189px) 100vw, 189px\" \/><\/a><strong>Los graciosos y los esp\u00edritus me hacen sonre\u00edr<\/strong>. Me parece deliciosa la manera como mi padre responsabiliza a estos seres an\u00f3nimos de acciones de las que no se siente satisfecho o de las que piensa que le pueden re\u00f1ir por haberlas llevado a cabo. Es muy sano responsabilizar a otros de tales cosas. Se vive mucho m\u00e1s tranquilo as\u00ed.<\/p>\n<p>Ser\u00eda f\u00e1cil atribuir al alzh\u00e9imer la mala memoria de mi padre en relaci\u00f3n con lo que acabo de explicar, pero yo creo que la enfermedad no es la causa.<\/p>\n<p>Yo lo interpreto desde otra \u00f3ptica. Una lectura reciente de un libro de <a href=\"http:\/\/www.luisrojasmarcos.com\/\" target=\"_blank\" rel=\"noopener\">Rojas Marcos<\/a>, titulado: \u201c<span style=\"color: #808080;\"><strong>Eres tu memoria. Con\u00f3cete a ti mismo<\/strong><\/span>\u201d, ha hecho que descubriera que en general todas las personas modifican sus recuerdos:<\/p>\n<p style=\"padding-left: 30px;\"><span style=\"color: #999999; font-family: Calibri;\">\u201cEn realidad, la memoria es creativa y tienen el poder de renovar las cosas que guarda con el fin de adaptarlas o hacerlas coherentes con los cambios que experimentamos a lo largo de la vida. As\u00ed, con el tiempo a\u00f1adimos y sustraemos detalles de las experiencias pasadas que conservamos en la memoria, y cuanto m\u00e1s tiempo transcurre, m\u00e1s las transformamos. La memoria, pues, reconstruye nuestra historia con los recuerdos del ayer, pero antes los modela y los enmarca en el contexto de nuestras creencias y puntos de vista de hoy\u201d.\u00a0 <\/span><\/p>\n<p style=\"text-align: right; padding-left: 30px;\"><span style=\"color: #999999; font-family: Calibri;\">Luis Rojas Marcos<\/span><\/p>\n<p><strong>Yo creo que la memoria de mi padre, a pesar del alzh\u00e9imer, todav\u00eda es creativa<\/strong>. No es que se haya olvidado de algunos detalles que explican c\u00f3mo han aparecido palabras, l\u00edneas y manchas de color en sus cuadernos si no que <strong>ha transformado sus recuerdos para sentirse c\u00f3modo<\/strong>. Es preferible atribuir a otros las cosas de las que uno mismo no se siente satisfecho o seguro. En este sentido parece que su memoria funciona como la de cualquier otra persona que no sufra dicha enfermedad.<\/p>\n<p>Tambi\u00e9n hace lo contrario: se siente responsable o autor de cosas que no ha hecho pero que le hubiera complacido hacer y que acaba atribuy\u00e9ndose. \u00a0<strong>Su creativa memoria le brinda un equilibrio y una satisfacci\u00f3n dignas de admiraci\u00f3n<\/strong>. \u00a0Escribo esto con cierta envidia y tambi\u00e9n con una sonrisa en los labios.<\/p>\n<p>Y acabo con una frase, tambi\u00e9n de Luis Rojas Marcos, que le\u00ed no recuerdo d\u00f3nde, hace ya mucho tiempo y que ahora adquiere para m\u00ed nuevos significados:<\/p>\n<p style=\"text-align: center;\">\u00a0\u201c<strong>Para ser feliz hay que tener buena salud y mala memoria<\/strong>\u201d.<\/p>\n<p>&nbsp;<\/p>\n<p>&nbsp;<\/p>\n<p>&nbsp;<\/p>\n","protected":false},"excerpt":{"rendered":"<p>&nbsp; Anticip\u00e9 este art\u00edculo hace unos d\u00edas. Me qued\u00f3 pendiente explicar una deliciosa an\u00e9cdota relacionada con el cuaderno de dibujos en el que ha estado trabajando mi padre, enfermo de alzh\u00e9imer, durante mucho tiempo, y al que he dedicado el anterior art\u00edculo de esta secci\u00f3n: \u201cMandalas dialogados II. Patrones\u201d. Os invito a leerlo si todav\u00eda &hellip; <a href=\"https:\/\/martaberrocal.org\/es\/kis-mi-again\/\" class=\"more-link\">Seguir leyendo <span class=\"screen-reader-text\">\u00abKis mi again\u00bb<\/span> <span class=\"meta-nav\">&rarr;<\/span><\/a><\/p>\n","protected":false},"author":1,"featured_media":0,"comment_status":"closed","ping_status":"closed","sticky":false,"template":"","format":"standard","meta":{"footnotes":""},"categories":[45],"tags":[66,79,82],"class_list":["post-3835","post","type-post","status-publish","format-standard","hentry","category-creatividad-y-alzheimer","tag-emociones","tag-memoria","tag-risa"],"_links":{"self":[{"href":"https:\/\/martaberrocal.org\/es\/wp-json\/wp\/v2\/posts\/3835","targetHints":{"allow":["GET"]}}],"collection":[{"href":"https:\/\/martaberrocal.org\/es\/wp-json\/wp\/v2\/posts"}],"about":[{"href":"https:\/\/martaberrocal.org\/es\/wp-json\/wp\/v2\/types\/post"}],"author":[{"embeddable":true,"href":"https:\/\/martaberrocal.org\/es\/wp-json\/wp\/v2\/users\/1"}],"replies":[{"embeddable":true,"href":"https:\/\/martaberrocal.org\/es\/wp-json\/wp\/v2\/comments?post=3835"}],"version-history":[{"count":8,"href":"https:\/\/martaberrocal.org\/es\/wp-json\/wp\/v2\/posts\/3835\/revisions"}],"predecessor-version":[{"id":3844,"href":"https:\/\/martaberrocal.org\/es\/wp-json\/wp\/v2\/posts\/3835\/revisions\/3844"}],"wp:attachment":[{"href":"https:\/\/martaberrocal.org\/es\/wp-json\/wp\/v2\/media?parent=3835"}],"wp:term":[{"taxonomy":"category","embeddable":true,"href":"https:\/\/martaberrocal.org\/es\/wp-json\/wp\/v2\/categories?post=3835"},{"taxonomy":"post_tag","embeddable":true,"href":"https:\/\/martaberrocal.org\/es\/wp-json\/wp\/v2\/tags?post=3835"}],"curies":[{"name":"wp","href":"https:\/\/api.w.org\/{rel}","templated":true}]}}