
{"id":3862,"date":"2017-08-07T17:59:41","date_gmt":"2017-08-07T17:59:41","guid":{"rendered":"http:\/\/martaberrocal.org\/es\/?p=3862"},"modified":"2017-08-08T15:42:38","modified_gmt":"2017-08-08T15:42:38","slug":"zapatos-alados","status":"publish","type":"post","link":"https:\/\/martaberrocal.org\/es\/zapatos-alados\/","title":{"rendered":"Zapatos alados"},"content":{"rendered":"<p>&nbsp;<\/p>\n<figure id=\"attachment_3802\" aria-describedby=\"caption-attachment-3802\" style=\"width: 190px\" class=\"wp-caption alignleft\"><a href=\"https:\/\/martaberrocal.org\/es\/wp-content\/uploads\/DSC08338-Copiar.jpg\"><img loading=\"lazy\" decoding=\"async\" class=\"wp-image-3802\" src=\"https:\/\/martaberrocal.org\/es\/wp-content\/uploads\/DSC08338-Copiar-258x300.jpg\" alt=\"\" width=\"190\" height=\"221\" srcset=\"https:\/\/martaberrocal.org\/es\/wp-content\/uploads\/DSC08338-Copiar-258x300.jpg 258w, https:\/\/martaberrocal.org\/es\/wp-content\/uploads\/DSC08338-Copiar.jpg 576w\" sizes=\"auto, (max-width: 190px) 100vw, 190px\" \/><\/a><figcaption id=\"caption-attachment-3802\" class=\"wp-caption-text\">Este par de zapatos alados lleva incorporado un par de ventiladores que aseguran el vuelo, aunque no aparecen en la fotograf\u00eda<\/figcaption><\/figure>\n<p>Durante la segunda semana de julio he impartido un curso en la Escuela de Verano organizada por el Instituto de Ciencias de la Educaci\u00f3n de la Universidad de Barcelona, con el t\u00edtulo: <strong><a href=\"https:\/\/martaberrocal.org\/es\/emociones-agradables-arte-y-creatividad\/\"><span style=\"color: #800080;\">Emociones agradables, arte y creatividad<\/span><\/a>.<\/strong><\/p>\n<p>El curso comenz\u00f3 con una invitaci\u00f3n a la reflexi\u00f3n sobre los sentimientos que los docentes experimentan en su lugar de trabajo y a continuaci\u00f3n se llev\u00f3 a cabo una actividad con el objetivo de liberarse, metaf\u00f3ricamente hablando, de aquellos que no resultan agradables.<\/p>\n<p>El ejercicio se desarroll\u00f3 individualmente y en privado, sin que nadie estuviera obligado a hacerlos expl\u00edcitos. Identificar estos sentimientos es el primer paso para conseguir deshacerse de ellos y poder luego concentrarse en todos aquellos que nos hacen sentir bien, tanto con nosotros mismos como con los dem\u00e1s.<\/p>\n<figure id=\"attachment_3803\" aria-describedby=\"caption-attachment-3803\" style=\"width: 161px\" class=\"wp-caption alignright\"><a href=\"https:\/\/martaberrocal.org\/es\/wp-content\/uploads\/DSC08375-Copiar.jpg\"><img loading=\"lazy\" decoding=\"async\" class=\"wp-image-3803\" src=\"https:\/\/martaberrocal.org\/es\/wp-content\/uploads\/DSC08375-Copiar-215x300.jpg\" alt=\"\" width=\"161\" height=\"225\" srcset=\"https:\/\/martaberrocal.org\/es\/wp-content\/uploads\/DSC08375-Copiar-215x300.jpg 215w, https:\/\/martaberrocal.org\/es\/wp-content\/uploads\/DSC08375-Copiar.jpg 467w\" sizes=\"auto, (max-width: 161px) 100vw, 161px\" \/><\/a><figcaption id=\"caption-attachment-3803\" class=\"wp-caption-text\">Este modelo requiere una carrera r\u00e1pida para emprender el vuelo<\/figcaption><\/figure>\n<p>Seguidamente, mediante un ejercicio creativo, transformamos los desechos resultantes del proceso de liberaci\u00f3n en un producto tangible que permitiera visualizar los sentimientos agradables que los docentes desean poder experimentar y centramos el di\u00e1logo en \u00e9stos, analiz\u00e1ndolos desde la \u00f3ptica del profesorado y tambi\u00e9n del alumnado.<\/p>\n<p><strong>Cuanto m\u00e1s trabajo en el \u00e1mbito de las emociones, m\u00e1s claro tengo que resulta dif\u00edcil separar los sentimientos en grupos estancos y abordarlos por separado<\/strong>. Creo que existe una relaci\u00f3n de interdependencia entre ellos que vale la pena aprovechar y que invita a abordarlos de una manera conjunta. Cuando el objetivo est\u00e1 puesto en potenciar la vivencia de emociones agradables resulta m\u00e1s f\u00e1cil abordar la gesti\u00f3n de los que no lo son tanto.<\/p>\n<p>El t\u00edtulo de esta rese\u00f1a hace referencia a una de las actividades que llevamos a cabo: <strong>construir unos zapatos con alas<\/strong>.<\/p>\n<p>La actividad se me ocurri\u00f3 a ra\u00edz de haber impartido previamente otro curso similar: <a href=\"https:\/\/martaberrocal.org\/es\/potenciar-las-emociones-positivas-a-traves-del-lenguaje-artistico\/\"><strong><span style=\"color: #800080;\">Potenciar las emociones positivas a trav\u00e9s del lenguaje art\u00edstico. <\/span><\/strong><\/a><span style=\"color: #999999; font-family: Calibri;\">Os invito a leer el art\u00edculo que he escrito sobre \u00e9l, titulado: <a href=\"https:\/\/martaberrocal.org\/es\/partirse-la-caja\/\"><strong><span style=\"color: #008000;\">Partirse la caja<\/span><\/strong><\/a>.<\/span><\/p>\n<p>Le debo la inspiraci\u00f3n a la intervenci\u00f3n de una maestra que quiso compartir con el resto de personas del curso las sensaciones que tiene en su cuerpo cuando se siente feliz. Nos explic\u00f3 que se siente como si tuviera alas en los pies.<\/p>\n<p><a href=\"https:\/\/martaberrocal.org\/es\/wp-content\/uploads\/r-DSC08037-Copiar.jpg\"><img loading=\"lazy\" decoding=\"async\" class=\"aligncenter wp-image-3863\" src=\"https:\/\/martaberrocal.org\/es\/wp-content\/uploads\/r-DSC08037-Copiar-300x202.jpg\" alt=\"\" width=\"205\" height=\"138\" srcset=\"https:\/\/martaberrocal.org\/es\/wp-content\/uploads\/r-DSC08037-Copiar-300x202.jpg 300w, https:\/\/martaberrocal.org\/es\/wp-content\/uploads\/r-DSC08037-Copiar.jpg 600w\" sizes=\"auto, (max-width: 205px) 100vw, 205px\" \/><\/a><\/p>\n<p><strong>\u00bfY a quien no le gustar\u00eda tener alas en los pies?\u00a0<\/strong><\/p>\n<p>El ejercicio que propuse se basa en una idea que llevo explorando desde hace tiempo y que pongo en pr\u00e1ctica cada vez que tengo ocasi\u00f3n: construir o crear im\u00e1genes y objetos tridimensionales que nos hagan sentir bien, es mucho m\u00e1s potente que visualizarlos exclusivamente con la imaginaci\u00f3n. Cuando determinadas im\u00e1genes positivas o agradables trascienden el \u00e1mbito del escenario mental para convertirse en reales y tangibles, su potencia y los efectos positivos que tienen aumentan exponencialmente. M\u00e1s a\u00fan cuando ha habido un trabajo previo de dise\u00f1o, de toma de decisiones y de manipulaci\u00f3n de materiales y cuando se comparte en grupo la concreci\u00f3n de la propuesta, as\u00ed como de todas aquellas ideas, sentimientos y pensamientos que se han experimentado en el transcurso del proceso de realizaci\u00f3n.<\/p>\n<p><a href=\"https:\/\/martaberrocal.org\/es\/wp-content\/uploads\/DSC08359-Copiar.jpg\"><img loading=\"lazy\" decoding=\"async\" class=\"aligncenter wp-image-3873\" src=\"https:\/\/martaberrocal.org\/es\/wp-content\/uploads\/DSC08359-Copiar-300x225.jpg\" alt=\"\" width=\"200\" height=\"150\" srcset=\"https:\/\/martaberrocal.org\/es\/wp-content\/uploads\/DSC08359-Copiar-300x225.jpg 300w, https:\/\/martaberrocal.org\/es\/wp-content\/uploads\/DSC08359-Copiar.jpg 600w\" sizes=\"auto, (max-width: 200px) 100vw, 200px\" \/><\/a><\/p>\n<p><strong>De los pies alados surgieron los zapatos con alas.<\/strong><\/p>\n<p>A menudo las intervenciones de los alumnos me sirven de fuente de inspiraci\u00f3n para plantear nuevas actividades, aunque no sea en el mismo grupo donde ha surgido la idea si no en otro. Me parece interesante que se produzcan transferencias entre cursos y m\u00e1s a\u00fan entre personas que ni siquiera se conocen. Es una manera muy bonita de enriquecerse y de compartir.<\/p>\n<p>&nbsp;<\/p>\n<div id='gallery-1' class='gallery galleryid-3862 gallery-columns-3 gallery-size-medium'><figure class='gallery-item'>\n\t\t\t<div class='gallery-icon landscape'>\n\t\t\t\t<a href='https:\/\/martaberrocal.org\/es\/wp-content\/uploads\/DSC08236-Copiar.jpg'><img loading=\"lazy\" decoding=\"async\" width=\"300\" height=\"292\" src=\"https:\/\/martaberrocal.org\/es\/wp-content\/uploads\/DSC08236-Copiar-300x292.jpg\" class=\"attachment-medium size-medium\" alt=\"\" srcset=\"https:\/\/martaberrocal.org\/es\/wp-content\/uploads\/DSC08236-Copiar-300x292.jpg 300w, https:\/\/martaberrocal.org\/es\/wp-content\/uploads\/DSC08236-Copiar.jpg 406w\" sizes=\"auto, (max-width: 300px) 100vw, 300px\" \/><\/a>\n\t\t\t<\/div><\/figure><figure class='gallery-item'>\n\t\t\t<div class='gallery-icon portrait'>\n\t\t\t\t<a href='https:\/\/martaberrocal.org\/es\/wp-content\/uploads\/DSC08238-Copiar.jpg'><img loading=\"lazy\" decoding=\"async\" width=\"238\" height=\"300\" src=\"https:\/\/martaberrocal.org\/es\/wp-content\/uploads\/DSC08238-Copiar-238x300.jpg\" class=\"attachment-medium size-medium\" alt=\"\" srcset=\"https:\/\/martaberrocal.org\/es\/wp-content\/uploads\/DSC08238-Copiar-238x300.jpg 238w, https:\/\/martaberrocal.org\/es\/wp-content\/uploads\/DSC08238-Copiar.jpg 447w\" sizes=\"auto, (max-width: 238px) 100vw, 238px\" \/><\/a>\n\t\t\t<\/div><\/figure><figure class='gallery-item'>\n\t\t\t<div class='gallery-icon landscape'>\n\t\t\t\t<a href='https:\/\/martaberrocal.org\/es\/wp-content\/uploads\/DSC08240-Copiar.jpg'><img loading=\"lazy\" decoding=\"async\" width=\"300\" height=\"260\" src=\"https:\/\/martaberrocal.org\/es\/wp-content\/uploads\/DSC08240-Copiar-300x260.jpg\" class=\"attachment-medium size-medium\" alt=\"\" srcset=\"https:\/\/martaberrocal.org\/es\/wp-content\/uploads\/DSC08240-Copiar-300x260.jpg 300w, https:\/\/martaberrocal.org\/es\/wp-content\/uploads\/DSC08240-Copiar.jpg 513w\" sizes=\"auto, (max-width: 300px) 100vw, 300px\" \/><\/a>\n\t\t\t<\/div><\/figure>\n\t\t<\/div>\n\n<p>Todo el mundo estuvo dispuesto a aportar un par de zapatos para poderlos transformar. Era la condici\u00f3n indispensable para poder llevar la actividad a cabo. Reunimos tantos modelos diferentes como personas asistieron al curso y enseguida se puso en evidencia una cuesti\u00f3n: cada zapato ped\u00eda tener unas alas particulares. \u00bfCu\u00e1les? Estuvimos hablando sobre ello previamente. Hay muchos tipos de alas, y tambi\u00e9n muchos tipos de vuelos, seg\u00fan sean estas &#8230;<\/p>\n<p><a href=\"https:\/\/martaberrocal.org\/es\/wp-content\/uploads\/DSC08337-Copiar.jpg\"><img loading=\"lazy\" decoding=\"async\" class=\"alignleft wp-image-3870\" src=\"https:\/\/martaberrocal.org\/es\/wp-content\/uploads\/DSC08337-Copiar-300x225.jpg\" alt=\"\" width=\"171\" height=\"128\" srcset=\"https:\/\/martaberrocal.org\/es\/wp-content\/uploads\/DSC08337-Copiar-300x225.jpg 300w, https:\/\/martaberrocal.org\/es\/wp-content\/uploads\/DSC08337-Copiar.jpg 600w\" sizes=\"auto, (max-width: 171px) 100vw, 171px\" \/><\/a><a href=\"https:\/\/martaberrocal.org\/es\/wp-content\/uploads\/DSC08354-Copiar.jpg\"><img loading=\"lazy\" decoding=\"async\" class=\"alignright wp-image-3872\" src=\"https:\/\/martaberrocal.org\/es\/wp-content\/uploads\/DSC08354-Copiar-300x225.jpg\" alt=\"\" width=\"171\" height=\"128\" srcset=\"https:\/\/martaberrocal.org\/es\/wp-content\/uploads\/DSC08354-Copiar-300x225.jpg 300w, https:\/\/martaberrocal.org\/es\/wp-content\/uploads\/DSC08354-Copiar.jpg 600w\" sizes=\"auto, (max-width: 171px) 100vw, 171px\" \/><\/a>La cuesti\u00f3n de los materiales fue otro factor para tener en cuenta, junto con el tiempo del que dispon\u00edamos. Era importante poder realizar todo el proceso y llegar a materializar las ideas previas para que finalmente pudi\u00e9ramos compartir los zapatos alados y algunas de las ideas que \u00e9stos fueron capaces de suscitar.<\/p>\n<p><strong>No se puede prever nunca qu\u00e9 pasar\u00e1 cuando un grupo de personas se encuentran con la posibilidad real de calzarse unos magn\u00edficos zapatos con alas &#8230;<\/strong><\/p>\n<p><a href=\"https:\/\/martaberrocal.org\/es\/wp-content\/uploads\/DSC08353-Copiar.jpg\"><img loading=\"lazy\" decoding=\"async\" class=\"aligncenter size-medium wp-image-3871\" src=\"https:\/\/martaberrocal.org\/es\/wp-content\/uploads\/DSC08353-Copiar-300x154.jpg\" alt=\"\" width=\"300\" height=\"154\" srcset=\"https:\/\/martaberrocal.org\/es\/wp-content\/uploads\/DSC08353-Copiar-300x154.jpg 300w, https:\/\/martaberrocal.org\/es\/wp-content\/uploads\/DSC08353-Copiar-768x395.jpg 768w, https:\/\/martaberrocal.org\/es\/wp-content\/uploads\/DSC08353-Copiar.jpg 1019w\" sizes=\"auto, (max-width: 300px) 100vw, 300px\" \/><\/a><\/p>\n<p>Mar\u00eda, espont\u00e1neamente, con sus sandalias aladas al estilo Leonardo da Vinci y m\u00fasica de fondo, propici\u00f3 que todo el que quisiera emprendiera el vuelo por un minuto all\u00ed donde deseara, sin que hubiera necesidad de explicar ni comentar nada. Fue un momento de magia compartida, un momento sensible y emotivo de extraordinaria potencia.<\/p>\n<figure id=\"attachment_3874\" aria-describedby=\"caption-attachment-3874\" style=\"width: 300px\" class=\"wp-caption aligncenter\"><a href=\"https:\/\/martaberrocal.org\/es\/wp-content\/uploads\/DSC08369-Copiar.jpg\"><img loading=\"lazy\" decoding=\"async\" class=\"wp-image-3874 size-medium\" src=\"https:\/\/martaberrocal.org\/es\/wp-content\/uploads\/DSC08369-Copiar-300x223.jpg\" alt=\"\" width=\"300\" height=\"223\" srcset=\"https:\/\/martaberrocal.org\/es\/wp-content\/uploads\/DSC08369-Copiar-300x223.jpg 300w, https:\/\/martaberrocal.org\/es\/wp-content\/uploads\/DSC08369-Copiar.jpg 507w\" sizes=\"auto, (max-width: 300px) 100vw, 300px\" \/><\/a><figcaption id=\"caption-attachment-3874\" class=\"wp-caption-text\">Mar\u00eda, accionando el mecanismo de sus alas, instantes antes de emprender el vuelo<\/figcaption><\/figure>\n<p>&nbsp;<\/p>\n<p>Plante\u00e9 una pregunta:<\/p>\n<p style=\"text-align: center;\"><strong>\u00bfA d\u00f3nde nos pueden llevar unos zapatos con alas?<\/strong><\/p>\n<p>Recog\u00ed las respuestas y nos dimos cuenta de la cantidad de cosas que nos permitir\u00eda tener un calzado como el que hab\u00edan construido.<\/p>\n<figure id=\"attachment_3879\" aria-describedby=\"caption-attachment-3879\" style=\"width: 160px\" class=\"wp-caption aligncenter\"><a href=\"https:\/\/martaberrocal.org\/es\/wp-content\/uploads\/DSC08351-Copiar.jpg\"><img loading=\"lazy\" decoding=\"async\" class=\"wp-image-3879\" src=\"https:\/\/martaberrocal.org\/es\/wp-content\/uploads\/DSC08351-Copiar-262x300.jpg\" alt=\"\" width=\"160\" height=\"184\" srcset=\"https:\/\/martaberrocal.org\/es\/wp-content\/uploads\/DSC08351-Copiar-262x300.jpg 262w, https:\/\/martaberrocal.org\/es\/wp-content\/uploads\/DSC08351-Copiar.jpg 670w\" sizes=\"auto, (max-width: 160px) 100vw, 160px\" \/><\/a><figcaption id=\"caption-attachment-3879\" class=\"wp-caption-text\">En este modelo, las alas se despliegan cuando su due\u00f1a decide dejar de tocar con los pies en el suelo.<\/figcaption><\/figure>\n<p>Una vez terminado el curso no he podido evitar continuar a\u00f1adiendo cosas a la lista inicial:<\/p>\n<p style=\"padding-left: 120px;\">A sentirnos ligeros<br \/>\nA sentirnos capaces<br \/>\nA sentirnos libres de trazar el propio camino<br \/>\nA desconectarnos de las preocupaciones terrenales<br \/>\nA pasear sobre las nubes<br \/>\nA ver personas queridas que est\u00e1n lejos<br \/>\nA so\u00f1ar con cosas bonitas<br \/>\nA ver la tierra desde las alturas<br \/>\nA tocar el cielo con las puntas de los dedos y de la nariz<br \/>\nA bailar en el cielo haciendo filigranas<br \/>\nAl espacio<br \/>\nA experimentar la ingravidez<br \/>\nA hacer ejercicios de vuelo<br \/>\nA trazar <em>loopings<\/em> en el cielo<\/p>\n<p><a href=\"https:\/\/martaberrocal.org\/es\/wp-content\/uploads\/DSC08348-Copiar.jpg\"><img loading=\"lazy\" decoding=\"async\" class=\"aligncenter size-medium wp-image-3878\" src=\"https:\/\/martaberrocal.org\/es\/wp-content\/uploads\/DSC08348-Copiar-300x143.jpg\" alt=\"\" width=\"300\" height=\"143\" srcset=\"https:\/\/martaberrocal.org\/es\/wp-content\/uploads\/DSC08348-Copiar-300x143.jpg 300w, https:\/\/martaberrocal.org\/es\/wp-content\/uploads\/DSC08348-Copiar-768x365.jpg 768w, https:\/\/martaberrocal.org\/es\/wp-content\/uploads\/DSC08348-Copiar.jpg 1023w\" sizes=\"auto, (max-width: 300px) 100vw, 300px\" \/><\/a><\/p>\n<p><strong> No puedo dejar de pensar en zapatos alados<\/strong>. Me gustar\u00eda probarme modelos diferentes. Quisiera poder experimentar la libertad de volar donde yo quisiera. Quisiera que hubiera puestos en las ferias con zapatos alados para alquilar, a un precio razonable y zapateros especializados en su cuidado y reparaci\u00f3n y tambi\u00e9n instructores de vuelo y compa\u00f1eros de vuelo y l\u00e1pices de colores para pintar las nubes y la luna mientras vuelo &#8230;<\/p>\n<p style=\"text-align: center;\"><strong>Y vosotros, \u00bfQu\u00e9 har\u00edas con unos zapatos con alas?<\/strong><\/p>\n<p><strong>Os invito a imaginarlo y tambi\u00e9n a que os los calc\u00e9is tantas veces como dese\u00e9is. Basta con cerrar los ojos &#8230; aunque mucho mejor si antes de cerrarlos os at\u00e1is los cordones o la hebilla &#8230;<\/strong><\/p>\n<p style=\"text-align: center;\"><span style=\"color: #333333;\"><strong>!Buen vuelo!<\/strong><\/span><img loading=\"lazy\" decoding=\"async\" class=\"aligncenter size-medium wp-image-3869\" src=\"https:\/\/martaberrocal.org\/es\/wp-content\/uploads\/r-DSC08459-Copiar-246x300.jpg\" alt=\"\" width=\"246\" height=\"300\" srcset=\"https:\/\/martaberrocal.org\/es\/wp-content\/uploads\/r-DSC08459-Copiar-246x300.jpg 246w, https:\/\/martaberrocal.org\/es\/wp-content\/uploads\/r-DSC08459-Copiar.jpg 465w\" sizes=\"auto, (max-width: 246px) 100vw, 246px\" \/><\/p>\n","protected":false},"excerpt":{"rendered":"<p>&nbsp; Durante la segunda semana de julio he impartido un curso en la Escuela de Verano organizada por el Instituto de Ciencias de la Educaci\u00f3n de la Universidad de Barcelona, con el t\u00edtulo: Emociones agradables, arte y creatividad. El curso comenz\u00f3 con una invitaci\u00f3n a la reflexi\u00f3n sobre los sentimientos que los docentes experimentan en &hellip; <a href=\"https:\/\/martaberrocal.org\/es\/zapatos-alados\/\" class=\"more-link\">Seguir leyendo <span class=\"screen-reader-text\">Zapatos alados<\/span> <span class=\"meta-nav\">&rarr;<\/span><\/a><\/p>\n","protected":false},"author":1,"featured_media":0,"comment_status":"closed","ping_status":"closed","sticky":false,"template":"","format":"standard","meta":{"footnotes":""},"categories":[49],"tags":[65,4,6,73,67,68,86,66,78,58,82],"class_list":["post-3862","post","type-post","status-publish","format-standard","hentry","category-resenas-cursos-impartidos","tag-arte","tag-arte-contemporaneo","tag-creatividad","tag-educacion-especial","tag-educacion-infantil","tag-educacion-primaria","tag-educacion-secundaria","tag-emociones","tag-innovacion","tag-mariposas","tag-risa"],"_links":{"self":[{"href":"https:\/\/martaberrocal.org\/es\/wp-json\/wp\/v2\/posts\/3862","targetHints":{"allow":["GET"]}}],"collection":[{"href":"https:\/\/martaberrocal.org\/es\/wp-json\/wp\/v2\/posts"}],"about":[{"href":"https:\/\/martaberrocal.org\/es\/wp-json\/wp\/v2\/types\/post"}],"author":[{"embeddable":true,"href":"https:\/\/martaberrocal.org\/es\/wp-json\/wp\/v2\/users\/1"}],"replies":[{"embeddable":true,"href":"https:\/\/martaberrocal.org\/es\/wp-json\/wp\/v2\/comments?post=3862"}],"version-history":[{"count":9,"href":"https:\/\/martaberrocal.org\/es\/wp-json\/wp\/v2\/posts\/3862\/revisions"}],"predecessor-version":[{"id":3904,"href":"https:\/\/martaberrocal.org\/es\/wp-json\/wp\/v2\/posts\/3862\/revisions\/3904"}],"wp:attachment":[{"href":"https:\/\/martaberrocal.org\/es\/wp-json\/wp\/v2\/media?parent=3862"}],"wp:term":[{"taxonomy":"category","embeddable":true,"href":"https:\/\/martaberrocal.org\/es\/wp-json\/wp\/v2\/categories?post=3862"},{"taxonomy":"post_tag","embeddable":true,"href":"https:\/\/martaberrocal.org\/es\/wp-json\/wp\/v2\/tags?post=3862"}],"curies":[{"name":"wp","href":"https:\/\/api.w.org\/{rel}","templated":true}]}}