
{"id":3985,"date":"2017-08-17T07:28:34","date_gmt":"2017-08-17T07:28:34","guid":{"rendered":"http:\/\/martaberrocal.org\/es\/?p=3985"},"modified":"2017-08-17T07:28:34","modified_gmt":"2017-08-17T07:28:34","slug":"20-mg-de-memantina-y-hdac2-sp3","status":"publish","type":"post","link":"https:\/\/martaberrocal.org\/es\/20-mg-de-memantina-y-hdac2-sp3\/","title":{"rendered":"20 mg. de memantina y HDAC2-Sp3"},"content":{"rendered":"<p>&nbsp;<\/p>\n<p><img loading=\"lazy\" decoding=\"async\" class=\"alignleft wp-image-3981\" src=\"https:\/\/martaberrocal.org\/es\/wp-content\/uploads\/neurone-1979531_1280-277x300.png\" alt=\"\" width=\"198\" height=\"214\" srcset=\"https:\/\/martaberrocal.org\/es\/wp-content\/uploads\/neurone-1979531_1280-277x300.png 277w, https:\/\/martaberrocal.org\/es\/wp-content\/uploads\/neurone-1979531_1280-768x832.png 768w, https:\/\/martaberrocal.org\/es\/wp-content\/uploads\/neurone-1979531_1280-946x1024.png 946w, https:\/\/martaberrocal.org\/es\/wp-content\/uploads\/neurone-1979531_1280.png 1182w\" sizes=\"auto, (max-width: 198px) 100vw, 198px\" \/>Hace ya d\u00edas escrib\u00ed un art\u00edculo a ra\u00edz de la nueva medicaci\u00f3n que empez\u00f3 a tomar mi padre para el alzh\u00e9imer, que titul\u00e9: <strong><a href=\"https:\/\/martaberrocal.org\/es\/memantina-y-glutamato\/\">Memantina y glutamato<\/a><\/strong>. \u00a0En aquel momento no estaba tomando todav\u00eda la dosis recomendada porque la toma se realiza de forma progresiva durante un mes, hasta llegar a los 20 mg.<\/p>\n<p>Al final del art\u00edculo escrib\u00ed \u201c\u00a1Viva \u00a0la risa! (\u00a1y la memantina!)\u201d, \u00e9sta \u00faltima entre par\u00e9ntesis, porque no me atrev\u00ed entonces a atribuir a la medicaci\u00f3n, la magn\u00edfica conversaci\u00f3n que aquel d\u00eda tuve con mi padre. Sin embargo, de lo que no ten\u00eda duda era de que los momentos de risa y buen humor que hab\u00edamos compartido, hab\u00edan tenido efectos absolutamente beneficiosos (para ambos).<\/p>\n<p><strong>Hoy ya no tengo ninguna duda sobre el efecto que ha hecho en mi padre la memantina: no s\u00f3lo ha conseguido frenar el deterioro, si no que da la impresi\u00f3n de haber mejorado en algunos aspectos<\/strong>. Lleva ya bastantes d\u00edas tomando 20 mg diarios. S\u00e9 que no todos los pacientes reaccionan de la misma manera, pero en cualquier caso creo que \u00e9l pasar\u00e1 a engrosar la lista de aquellos que han experimentado una mejora considerable.<\/p>\n<p><strong>La memantina no hace milagros, pero es como si hubi\u00e9ramos retrocedido en el tiempo algunos sentidos, especialmente en determinados momentos y situaciones<\/strong>. \u00a0Su fluidez verbal ha aumentado y tambi\u00e9n la coherencia. Las conversaciones que mantengo diariamente con \u00e9l han vuelto a adquirir un nivel de complejidad m\u00e1s elevado, por decirlo de alguna manera.\u00a0 Creo que adem\u00e1s \u00e9stas desencadenan un proceso de retroalimentaci\u00f3n a\u00f1adido que tambi\u00e9n resulta beneficioso y tal vez potencie los efectos de la memantina.<\/p>\n<p><img loading=\"lazy\" decoding=\"async\" class=\"alignright wp-image-3983 size-medium\" src=\"https:\/\/martaberrocal.org\/es\/wp-content\/uploads\/recordings-2117786_640-300x230.jpg\" alt=\"\" width=\"300\" height=\"230\" srcset=\"https:\/\/martaberrocal.org\/es\/wp-content\/uploads\/recordings-2117786_640-300x230.jpg 300w, https:\/\/martaberrocal.org\/es\/wp-content\/uploads\/recordings-2117786_640.jpg 640w\" sizes=\"auto, (max-width: 300px) 100vw, 300px\" \/>Cuando su nivel de satisfacci\u00f3n y bienestar es elevado su capacidad de comunicaci\u00f3n es mayor. Ello me permite incrementar la cantidad, la diversidad y la complejidad de los est\u00edmulos que trato de poner en juego en el transcurso de las charlas por tel\u00e9fono y tambi\u00e9n de las actividades que realizamos conjuntamente en directo. El objetivo es tratar de mantener activas sus capacidades cognitivas tanto tiempo como sea posible. Est\u00edmulo y complejidad le producen satisfacci\u00f3n y bienestar y volvemos al principio del p\u00e1rrafo.\u00a0 Es un c\u00edrculo vicioso que se retroalimenta.<\/p>\n<p>Antes de la memantina la conversaci\u00f3n revest\u00eda algunos d\u00edas serias dificultades. Aunque su fluidez ha aumentado y algunas confusiones parece que han disminuido, la creatividad en las conversaciones se mantiene al mismo nivel que antes:<\/p>\n<p style=\"padding-left: 30px;\">&#8211;<span style=\"color: #339966;\"> \u00bfC\u00f3mo van tus trabajos de suelo?, <span style=\"color: #333333;\">me pregunt\u00f3 hace ya unos d\u00edas<\/span><\/span><\/p>\n<p style=\"padding-left: 30px;\">&#8211;<span style=\"color: #800080;\"> \u00bfC\u00f3mo?, Disculpa no capto a que te refieres con trabajos de suelo,<\/span> le respond\u00ed.<\/p>\n<p style=\"padding-left: 30px;\">&#8211; <span style=\"color: #339966;\">mmmm\u2026 s\u00ed, de las hierbas y eso\u2026<\/span><\/p>\n<p style=\"padding-left: 30px;\">&#8211; <span style=\"color: #800080;\">\u00bfTe refieres al huerto?<\/span><\/p>\n<p style=\"padding-left: 30px;\">&#8211; <span style=\"color: #339966;\">\u00a1S\u00ed, eso al huerto!<\/span><\/p>\n<p><strong>Y le entr\u00f3 la risa. Y a m\u00ed tambi\u00e9n. Se nos contagia con facilidad, lo reconozco.<\/strong><\/p>\n<p><a href=\"https:\/\/martaberrocal.org\/es\/wp-content\/uploads\/20170813_183008-Copiar.jpg\"><img loading=\"lazy\" decoding=\"async\" class=\"alignleft size-medium wp-image-3977\" src=\"https:\/\/martaberrocal.org\/es\/wp-content\/uploads\/20170813_183008-Copiar-225x300.jpg\" alt=\"\" width=\"225\" height=\"300\" srcset=\"https:\/\/martaberrocal.org\/es\/wp-content\/uploads\/20170813_183008-Copiar-225x300.jpg 225w, https:\/\/martaberrocal.org\/es\/wp-content\/uploads\/20170813_183008-Copiar.jpg 450w\" sizes=\"auto, (max-width: 225px) 100vw, 225px\" \/><\/a><\/p>\n<p>&nbsp;<\/p>\n<p>El huerto es uno de nuestros temas de conversaci\u00f3n recurrentes que me permite variaciones y novedades continuas. Constituye un sistema din\u00e1mico en perpetuo cambio y eso me brinda muchas posibilidades. \u00a0Las descripciones detalladas que incluyen vocabulario preciso son un ejemplo.<\/p>\n<p>Me gust\u00f3 su pregunta. Aunque no la supe captar al vuelo me pareci\u00f3 luego muy acertada.<\/p>\n<p><img loading=\"lazy\" decoding=\"async\" class=\"aligncenter wp-image-3981\" src=\"https:\/\/martaberrocal.org\/es\/wp-content\/uploads\/neurone-1979531_1280-277x300.png\" alt=\"\" width=\"79\" height=\"86\" srcset=\"https:\/\/martaberrocal.org\/es\/wp-content\/uploads\/neurone-1979531_1280-277x300.png 277w, https:\/\/martaberrocal.org\/es\/wp-content\/uploads\/neurone-1979531_1280-768x832.png 768w, https:\/\/martaberrocal.org\/es\/wp-content\/uploads\/neurone-1979531_1280-946x1024.png 946w, https:\/\/martaberrocal.org\/es\/wp-content\/uploads\/neurone-1979531_1280.png 1182w\" sizes=\"auto, (max-width: 79px) 100vw, 79px\" \/><\/p>\n<p><strong>La memantina no detiene el proceso de deterioro, s\u00f3lo lo frena y resulta dif\u00edcil describir la magnitud y la intensidad del frenazo<\/strong>.\u00a0 \u00daltimamente y pese a la medicaci\u00f3n, se le hace muy dif\u00edcil identificarme como la persona que lo llama a diario. Hace un par de semanas me cont\u00f3 que algunas tardes lo llama por tel\u00e9fono la que debe ser la secretaria de Can Rampeta (mi casa) y que charla muy amigablemente con \u00e9l y que es muy simp\u00e1tica. Fue complejo responderle. Pero me hizo ilusi\u00f3n que la encontrara tan agradable.<\/p>\n<p>Creo que cuando me ve, \u00e9l nota que me conoce, pero no sabe exactamente quien soy ni de d\u00f3nde he salido. Ahora estoy probando lo siguiente: Cuando llego a su casa le saludo de la misma forma que cuando hablamos por tel\u00e9fono: <em>\u00bf<a href=\"https:\/\/martaberrocal.org\/es\/hello-how-are-you\/\">Hello, how are you<\/a>?<\/em>\u00a0 No s\u00e9 si la frase le hace clic y lo conecta con la secretaria con la que habla por tel\u00e9fono por las tardes, pero como le suena familiar y se lo digo con cari\u00f1o, s\u00e9 que le gusta o\u00edrla sea quien sea yo.<\/p>\n<p>Tampoco me acaba de identificar cuando hablamos por tel\u00e9fono. Hace pocos d\u00edas despu\u00e9s de una larga y agradable conversaci\u00f3n me dijo de pronto:<\/p>\n<p style=\"padding-left: 30px;\">&#8211; <span style=\"color: #339966;\">Pero entonces \u00bft\u00fa qui\u00e9n eres?<\/span><\/p>\n<p style=\"padding-left: 30px;\">&#8211; <span style=\"color: #800080;\">Tu hija Marta, <span style=\"color: #333333;\">le contest\u00e9<\/span>, la que vive en Can Rampeta, la del huerto \u2026<\/span><\/p>\n<p style=\"padding-left: 30px;\">&#8211; <span style=\"color: #339966;\">Ya, vale, \u00bfy no hay m\u00e1s Martas?<\/span><\/p>\n<p style=\"padding-left: 30px;\">&#8211; <span style=\"color: #800080;\">Pues no creo, me parece que soy la \u00fanica. Pero mira en cualquier caso de lo que s\u00ed estoy segura es que soy <strong>\u00daNICA<\/strong><\/span>.<\/p>\n<p><strong>Mi comentario hizo fluir la risa a ambos lados del tel\u00e9fono y zanjamos as\u00ed la cuesti\u00f3n sobre mi identidad.<\/strong><\/p>\n<p><img loading=\"lazy\" decoding=\"async\" class=\"size-medium wp-image-3984 aligncenter\" src=\"https:\/\/martaberrocal.org\/es\/wp-content\/uploads\/sensory-neurone-2045566_1280-300x150.png\" alt=\"\" width=\"300\" height=\"150\" srcset=\"https:\/\/martaberrocal.org\/es\/wp-content\/uploads\/sensory-neurone-2045566_1280-300x150.png 300w, https:\/\/martaberrocal.org\/es\/wp-content\/uploads\/sensory-neurone-2045566_1280-768x384.png 768w, https:\/\/martaberrocal.org\/es\/wp-content\/uploads\/sensory-neurone-2045566_1280-1024x512.png 1024w, https:\/\/martaberrocal.org\/es\/wp-content\/uploads\/sensory-neurone-2045566_1280.png 1280w\" sizes=\"auto, (max-width: 300px) 100vw, 300px\" \/><strong>La memantina no hace efecto indefinidamente<\/strong>. Lo que he le\u00eddo sobre ella, y creo que est\u00e1 en fase a\u00fan bastante experimental, es que logra retardar durante unos meses el deterioro cognitivo al reducir la cantidad de glutamato en el cerebro, cuya presencia se incrementa a ra\u00edz de la enfermedad.\u00a0 Cu\u00e1ntos meses y en qu\u00e9 medida lo hace es algo que no s\u00e9. Y no debe ser f\u00e1cil saberlo, teniendo en cuanta que no se puede determinar el grado exacto de deterioro en el momento en se empieza a tomar. Seguro que existen m\u00faltiples variables que determinan su efecto.<\/p>\n<p><strong>Hace pocos d\u00edas he conocido una noticia que abre nuevas posibilidades a encontrar otro tipo de medicaci\u00f3n para combatir el alzh\u00e9imer<\/strong>. Investigadores del Instituto Tecnol\u00f3gico de Massachusetts (<a href=\"http:\/\/web.mit.edu\/\" target=\"_blank\" rel=\"noopener\">MIT<\/a>) han publicado recientemente en la revista <a href=\"http:\/\/www.cell.com\/cell-reports\/home\" target=\"_blank\" rel=\"noopener\"><strong><em>Cell reports <\/em><\/strong><\/a>el estudio: <a href=\"http:\/\/www.cell.com\/cell-reports\/fulltext\/S2211-1247(17)31023-9\" target=\"_blank\" rel=\"noopener\"><em>The Transcription Factor Sp3 Cooperates with HDAC2 to Regulate Synaptic Function and Plasticity in Neurons<\/em><\/a>, cuya traducci\u00f3n es: <strong>El factor de transcripci\u00f3n Sp3 coopera con HDAC2 para regular la funci\u00f3n sin\u00e1ptica y la plasticidad neuronal<\/strong>.<\/p>\n<p>He le\u00eddo el estudio y para alguien que no est\u00e9 familiarizado con la gen\u00e9tica y la investigaci\u00f3n resulta complicado de entender.\u00a0 Yo creo que he podido captar la esencia de la investigaci\u00f3n gracias a algunas lecturas previas y a estar leyendo en estos momentos un magn\u00edfico libro de Siddhartha Mukherjee: El Gen.<img loading=\"lazy\" decoding=\"async\" class=\"alignright size-medium wp-image-3978\" src=\"https:\/\/martaberrocal.org\/es\/wp-content\/uploads\/20170816_130737-Copiar-225x300.jpg\" alt=\"\" width=\"225\" height=\"300\" srcset=\"https:\/\/martaberrocal.org\/es\/wp-content\/uploads\/20170816_130737-Copiar-225x300.jpg 225w, https:\/\/martaberrocal.org\/es\/wp-content\/uploads\/20170816_130737-Copiar.jpg 450w\" sizes=\"auto, (max-width: 225px) 100vw, 225px\" \/><\/p>\n<p>Los cient\u00edficos han descubierto mediante el estudio de determinados genes que existe un complejo formado por la enzima HDAC2 y la prote\u00edna Sp3 que est\u00e1 ligado a trastornos neurol\u00f3gicos asociados con deterioro de la memoria.<\/p>\n<p>El descubrimiento sobre el papel crucial que desempe\u00f1a la prote\u00edna Sp3 en la regulaci\u00f3n de la plasticidad sin\u00e1ptica y la funci\u00f3n cognitiva ha sido inesperado para los propios cient\u00edficos.\u00a0 Los estudios que est\u00e1n realizando con ratones han demostrado que la inhibici\u00f3n de Sp3 es capaz de invertir el deterioro de la capacidad sin\u00e1ptica y estos hallazgos son consistentes con otros que demuestran que la reducci\u00f3n parcial de los niveles de HDAC2 es suficiente para revertir los d\u00e9ficits sin\u00e1pticos y cognitivos en estos mismos ratones<\/p>\n<p><img loading=\"lazy\" decoding=\"async\" class=\"alignleft size-medium wp-image-3982\" src=\"https:\/\/martaberrocal.org\/es\/wp-content\/uploads\/puzzle-2500333_960_720-300x158.jpg\" alt=\"\" width=\"300\" height=\"158\" srcset=\"https:\/\/martaberrocal.org\/es\/wp-content\/uploads\/puzzle-2500333_960_720-300x158.jpg 300w, https:\/\/martaberrocal.org\/es\/wp-content\/uploads\/puzzle-2500333_960_720-768x405.jpg 768w, https:\/\/martaberrocal.org\/es\/wp-content\/uploads\/puzzle-2500333_960_720.jpg 960w\" sizes=\"auto, (max-width: 300px) 100vw, 300px\" \/>El estudio concluye que la inhibici\u00f3n de este complejo mejora la funci\u00f3n sin\u00e1ptica. Ahora est\u00e1n trabajando para encontrar los mecanismos que lo inhiba selectivamente sin producir efectos secundarios. Estos hallazgos proporcionan v\u00edas alternativas para el desarrollo de f\u00e1rmacos para tratar el alzh\u00e9imer y potencialmente otros trastornos neurol\u00f3gicos.<\/p>\n<p>La diferencia con anteriores enfoques creo que radica en el hecho de que no se pretende la inhibici\u00f3n de determinadas sustancias que se incrementan a consecuencia de la enfermedad, como ser\u00eda el glutamato, sino que se dirige directamente a inhibir a un complejo, HDAC2-Sp3, que se ha identificado como un epigen\u00e9tico cr\u00edtico regulador de la funci\u00f3n sin\u00e1ptica en las neuronas. <strong>Tengo la impresi\u00f3n de que la diferencia es sustancial.<\/strong><\/p>\n<p>No s\u00e9 cu\u00e1nto tiempo habr\u00e1 de pasar para que los experimentos con ratones den los resultados esperados y den paso a la investigaci\u00f3n encaminada a producir nuevos f\u00e1rmacos para tratar el alzh\u00e9imer en seres humanos. Que sea el que sea necesario, me digo a mi misma, pero que se produzcan.<\/p>\n<p>De momento,<\/p>\n<p style=\"text-align: center;\"><strong>\u00a1Viva la memantina, los ratones y los cient\u00edficos!<\/strong><\/p>\n<p><strong><img loading=\"lazy\" decoding=\"async\" class=\"aligncenter wp-image-3980 size-medium\" src=\"https:\/\/martaberrocal.org\/es\/wp-content\/uploads\/dna-163466_1280-300x169.jpg\" alt=\"\" width=\"300\" height=\"169\" srcset=\"https:\/\/martaberrocal.org\/es\/wp-content\/uploads\/dna-163466_1280-300x169.jpg 300w, https:\/\/martaberrocal.org\/es\/wp-content\/uploads\/dna-163466_1280-768x432.jpg 768w, https:\/\/martaberrocal.org\/es\/wp-content\/uploads\/dna-163466_1280-1024x576.jpg 1024w, https:\/\/martaberrocal.org\/es\/wp-content\/uploads\/dna-163466_1280.jpg 1280w\" sizes=\"auto, (max-width: 300px) 100vw, 300px\" \/>\u00a0<\/strong><\/p>\n","protected":false},"excerpt":{"rendered":"<p>&nbsp; Hace ya d\u00edas escrib\u00ed un art\u00edculo a ra\u00edz de la nueva medicaci\u00f3n que empez\u00f3 a tomar mi padre para el alzh\u00e9imer, que titul\u00e9: Memantina y glutamato. \u00a0En aquel momento no estaba tomando todav\u00eda la dosis recomendada porque la toma se realiza de forma progresiva durante un mes, hasta llegar a los 20 mg. Al &hellip; <a href=\"https:\/\/martaberrocal.org\/es\/20-mg-de-memantina-y-hdac2-sp3\/\" class=\"more-link\">Seguir leyendo <span class=\"screen-reader-text\">20 mg. de memantina y HDAC2-Sp3<\/span> <span class=\"meta-nav\">&rarr;<\/span><\/a><\/p>\n","protected":false},"author":1,"featured_media":0,"comment_status":"closed","ping_status":"closed","sticky":false,"template":"","format":"standard","meta":{"footnotes":""},"categories":[45],"tags":[66,87,79,82],"class_list":["post-3985","post","type-post","status-publish","format-standard","hentry","category-creatividad-y-alzheimer","tag-emociones","tag-investigacion","tag-memoria","tag-risa"],"_links":{"self":[{"href":"https:\/\/martaberrocal.org\/es\/wp-json\/wp\/v2\/posts\/3985","targetHints":{"allow":["GET"]}}],"collection":[{"href":"https:\/\/martaberrocal.org\/es\/wp-json\/wp\/v2\/posts"}],"about":[{"href":"https:\/\/martaberrocal.org\/es\/wp-json\/wp\/v2\/types\/post"}],"author":[{"embeddable":true,"href":"https:\/\/martaberrocal.org\/es\/wp-json\/wp\/v2\/users\/1"}],"replies":[{"embeddable":true,"href":"https:\/\/martaberrocal.org\/es\/wp-json\/wp\/v2\/comments?post=3985"}],"version-history":[{"count":7,"href":"https:\/\/martaberrocal.org\/es\/wp-json\/wp\/v2\/posts\/3985\/revisions"}],"predecessor-version":[{"id":3992,"href":"https:\/\/martaberrocal.org\/es\/wp-json\/wp\/v2\/posts\/3985\/revisions\/3992"}],"wp:attachment":[{"href":"https:\/\/martaberrocal.org\/es\/wp-json\/wp\/v2\/media?parent=3985"}],"wp:term":[{"taxonomy":"category","embeddable":true,"href":"https:\/\/martaberrocal.org\/es\/wp-json\/wp\/v2\/categories?post=3985"},{"taxonomy":"post_tag","embeddable":true,"href":"https:\/\/martaberrocal.org\/es\/wp-json\/wp\/v2\/tags?post=3985"}],"curies":[{"name":"wp","href":"https:\/\/api.w.org\/{rel}","templated":true}]}}