
{"id":4088,"date":"2017-08-26T17:04:07","date_gmt":"2017-08-26T17:04:07","guid":{"rendered":"http:\/\/martaberrocal.org\/es\/?p=4088"},"modified":"2017-08-26T17:04:07","modified_gmt":"2017-08-26T17:04:07","slug":"en-el-garden","status":"publish","type":"post","link":"https:\/\/martaberrocal.org\/es\/en-el-garden\/","title":{"rendered":"En el \u00abGarden\u00bb"},"content":{"rendered":"<p>&nbsp;<\/p>\n<figure id=\"attachment_4078\" aria-describedby=\"caption-attachment-4078\" style=\"width: 300px\" class=\"wp-caption alignright\"><a href=\"https:\/\/martaberrocal.org\/es\/wp-content\/uploads\/DSC08620-Copiar.jpg\"><img loading=\"lazy\" decoding=\"async\" class=\"wp-image-4078 size-medium\" src=\"https:\/\/martaberrocal.org\/es\/wp-content\/uploads\/DSC08620-Copiar-300x225.jpg\" alt=\"\" width=\"300\" height=\"225\" srcset=\"https:\/\/martaberrocal.org\/es\/wp-content\/uploads\/DSC08620-Copiar-300x225.jpg 300w, https:\/\/martaberrocal.org\/es\/wp-content\/uploads\/DSC08620-Copiar.jpg 600w\" sizes=\"auto, (max-width: 300px) 100vw, 300px\" \/><\/a><figcaption id=\"caption-attachment-4078\" class=\"wp-caption-text\">Bandeja de \u00abcoleos\u00bb del Garden<\/figcaption><\/figure>\n<p>Quise escribir este art\u00edculo hace tiempo, acompas\u00e1ndolo a una de las actividades conjuntas que meses atr\u00e1s estuvimos realizando mi padre y yo, pero entonces no encontr\u00e9 el momento de hacerlo y lo hago ahora, en diferido. El \u00faltimo art\u00edculo que he publicado en esta secci\u00f3n del blog, titulado: <strong><a href=\"https:\/\/martaberrocal.org\/es\/donde-estan-los-otros\/\">\u201c\u00bfD\u00f3nde est\u00e1n los otros?\u201d, <\/a><\/strong>me ha hecho pensar en mi antiguo prop\u00f3sito y me ha impulsado en cierto modo a recuperarlo a ra\u00edz de la reflexi\u00f3n que en \u00e9l he plasmado, <strong>sobre las personas del entorno cotidiano de los enfermos de alzh\u00e9imer<\/strong>, como mi padre, que asisten con estupor a la p\u00e9rdida progresiva de memoria que \u00e9stos experimentan y <strong>acaban por desaparecer de sus vidas. <\/strong><\/p>\n<p>Durante el invierno pasado y probablemente tambi\u00e9n alg\u00fan d\u00eda de oto\u00f1o y primavera, uno de nuestros destinos frecuentes cuando sal\u00edamos juntos de paseo fue el \u201c<strong>Garden<\/strong>\u201d (un centro de jardiner\u00eda). Ambos compartimos el inter\u00e9s y el gusto por las flores, las plantas y los \u00e1rboles y tambi\u00e9n por todo tipo de animales. Por la naturaleza, en definitiva. El lugar constituye un aut\u00e9ntico cat\u00e1logo de seres vivos, condensados en un espacio relativamente peque\u00f1o. \u00a0Re\u00fane especies bot\u00e1nicas para todo tipo de jardines y <strong>para nosotros tiene un gran valor.<\/strong><\/p>\n<figure id=\"attachment_4081\" aria-describedby=\"caption-attachment-4081\" style=\"width: 251px\" class=\"wp-caption alignleft\"><a href=\"https:\/\/martaberrocal.org\/es\/wp-content\/uploads\/DSC08625-Copiar.jpg\"><img loading=\"lazy\" decoding=\"async\" class=\" wp-image-4081\" src=\"https:\/\/martaberrocal.org\/es\/wp-content\/uploads\/DSC08625-Copiar-300x225.jpg\" alt=\"\" width=\"251\" height=\"188\" srcset=\"https:\/\/martaberrocal.org\/es\/wp-content\/uploads\/DSC08625-Copiar-300x225.jpg 300w, https:\/\/martaberrocal.org\/es\/wp-content\/uploads\/DSC08625-Copiar.jpg 600w\" sizes=\"auto, (max-width: 251px) 100vw, 251px\" \/><\/a><figcaption id=\"caption-attachment-4081\" class=\"wp-caption-text\">Adelfas blancas<\/figcaption><\/figure>\n<p>Aprovech\u00e1bamos las ocasiones que se presentaban de realizar alg\u00fan peque\u00f1o encargo familiar en el \u201cGarden\u201d para alargar la visita todo el tiempo que nos era posible disfrutando de un paseo relajado entre mesas, estantes, tendales y otros espacios y rincones llenos de macetas con plantas y flores de todo tipo, que suscitaban muchas conversaciones entre nosotros.<\/p>\n<p>En el pasado hab\u00edamos visitado diferentes centros de jardiner\u00eda, pero una serie de factores han hecho que en los \u00faltimos meses hayamos visitado siempre el mismo, a unos pocos minutos en coche del domicilio familiar, justo al lado de una gasolinera, que tambi\u00e9n nos ha brindado la oportunidad de realizar otra actividad conjunta: poner combustible al veh\u00edculo.<\/p>\n<p><strong>El espacio ha posibilitado que hayamos podido desarrollar magn\u00edficas sesiones sensitivas y tridimensionales para ejercitar la memoria mientras pase\u00e1bamos.<\/strong><\/p>\n<figure id=\"attachment_4082\" aria-describedby=\"caption-attachment-4082\" style=\"width: 251px\" class=\"wp-caption alignright\"><a href=\"https:\/\/martaberrocal.org\/es\/wp-content\/uploads\/DSC08626-Copiar.jpg\"><img loading=\"lazy\" decoding=\"async\" class=\" wp-image-4082\" src=\"https:\/\/martaberrocal.org\/es\/wp-content\/uploads\/DSC08626-Copiar-300x225.jpg\" alt=\"\" width=\"251\" height=\"188\" srcset=\"https:\/\/martaberrocal.org\/es\/wp-content\/uploads\/DSC08626-Copiar-300x225.jpg 300w, https:\/\/martaberrocal.org\/es\/wp-content\/uploads\/DSC08626-Copiar.jpg 600w\" sizes=\"auto, (max-width: 251px) 100vw, 251px\" \/><\/a><figcaption id=\"caption-attachment-4082\" class=\"wp-caption-text\">Adelfas de dos colores diferentes<\/figcaption><\/figure>\n<p>&nbsp;<\/p>\n<p>Cuando lleg\u00e1bamos al \u201cGarden\u201d salud\u00e1bamos a la \u00fanica persona que sol\u00eda estar a disposici\u00f3n del p\u00fablico:<\/p>\n<p>&nbsp;<\/p>\n<p style=\"padding-left: 30px;\">&#8211;\u00a0 <span style=\"color: #800080;\">Buenas tardes, venimos a comprar un saco de tierra de casta\u00f1o, pero nos entretendremos un buen rato paseando por <strong>su \u201cGarden\u201d<\/strong>, porque nos gusta mucho ver <strong>sus flores<\/strong> y <strong>recordar<\/strong> el nombre de todas las que ustedes tienen. Espero que no le importe que nos pasemos un buen rato mirando y hablando. A la salida cogeremos el saco.<\/span><\/p>\n<p style=\"padding-left: 90px;\"><span style=\"color: #999999; font-family: Calibri;\">El saco de casta\u00f1o cambiaba seg\u00fan el d\u00eda por: un insecticida para acabar con las mariposas del geranio, una verbena de color violeta, sobres de hierro para las gardenias, etc. El resto del mensaje sol\u00eda ser similar y lo repet\u00eda cada vez que \u00edbamos al \u201cGarden\u201d.<\/span><\/p>\n<figure id=\"attachment_4090\" aria-describedby=\"caption-attachment-4090\" style=\"width: 208px\" class=\"wp-caption alignleft\"><a href=\"https:\/\/martaberrocal.org\/es\/wp-content\/uploads\/DSC08627-Copiar.jpg\"><img loading=\"lazy\" decoding=\"async\" class=\"wp-image-4090\" src=\"https:\/\/martaberrocal.org\/es\/wp-content\/uploads\/DSC08627-Copiar-300x225.jpg\" alt=\"\" width=\"208\" height=\"156\" srcset=\"https:\/\/martaberrocal.org\/es\/wp-content\/uploads\/DSC08627-Copiar-300x225.jpg 300w, https:\/\/martaberrocal.org\/es\/wp-content\/uploads\/DSC08627-Copiar.jpg 600w\" sizes=\"auto, (max-width: 208px) 100vw, 208px\" \/><\/a><figcaption id=\"caption-attachment-4090\" class=\"wp-caption-text\">Flor de hibisco<\/figcaption><\/figure>\n<p>Me esforzaba en acentuar la palabra \u201c<strong>recordar<\/strong>\u201d al decirla. El amable jardinero nos sonre\u00eda y nos invitaba a pasar y a estar todo el tiempo que quisi\u00e9ramos viendo sus flores. Creo que captaba lo importante que era para nosotros esta visita-paseo. Lo de menos era el saco de tierra, o cualquiera de los otros productos, que nos llev\u00e1bamos.<\/p>\n<p>Yo le dirig\u00eda una sonrisa amable y sincera. Agradec\u00eda la comprensi\u00f3n que demostraba cuando nos invitaba a pasar y a estar el tiempo que nos apeteciera.<\/p>\n<p>Creo que una sencilla y discreta explicaci\u00f3n facilita a las personas del entorno cotidiano, \u201clos otros\u201d, entender algunas cosas. Adem\u00e1s, generalmente todo el mundo siente satisfacci\u00f3n cuando gracias a ellos otras personas se sienten bien. Por eso acentuaba tambi\u00e9n \u201c<strong>su Garden<\/strong>\u201d cuando hablaba con la persona que nos atend\u00eda. <strong>Sus flores, nos brindaban la magn\u00edfica posibilidad de pasar un buen rato y activar la memoria y me parec\u00eda bonito que lo supiera.<\/strong><\/p>\n<figure id=\"attachment_4091\" aria-describedby=\"caption-attachment-4091\" style=\"width: 208px\" class=\"wp-caption alignright\"><a href=\"https:\/\/martaberrocal.org\/es\/wp-content\/uploads\/DSC08628-Copiar.jpg\"><img loading=\"lazy\" decoding=\"async\" class=\"wp-image-4091\" src=\"https:\/\/martaberrocal.org\/es\/wp-content\/uploads\/DSC08628-Copiar-300x225.jpg\" alt=\"\" width=\"208\" height=\"156\" srcset=\"https:\/\/martaberrocal.org\/es\/wp-content\/uploads\/DSC08628-Copiar-300x225.jpg 300w, https:\/\/martaberrocal.org\/es\/wp-content\/uploads\/DSC08628-Copiar.jpg 600w\" sizes=\"auto, (max-width: 208px) 100vw, 208px\" \/><\/a><figcaption id=\"caption-attachment-4091\" class=\"wp-caption-text\">Flor de hibisco<\/figcaption><\/figure>\n<p style=\"padding-left: 30px;\">&#8211; <span style=\"color: #339966;\">\u201c\u00bfLo conoces?\u201d,<\/span> me preguntaba mi padre.<\/p>\n<p style=\"padding-left: 30px;\">&#8211; <span style=\"color: #800080;\">\u201cNo, pero me gusta saludar amablemente a todo el mundo\u201d,<\/span> le contestaba.<\/p>\n<p>Y el a\u00f1ad\u00eda:<\/p>\n<p style=\"padding-left: 30px;\">&#8211;<span style=\"color: #339966;\"> \u201cA m\u00ed tambi\u00e9n\u201d<\/span>.<\/p>\n<p>Y es cierto. Siempre se ha relacionado bien con la gente, con todo el mundo, aunque ahora le cueste y en general muchas cosas y personas le produzcan extra\u00f1eza.<\/p>\n<p><strong>En el \u201cGarden\u201d hay muchas cosas que ver y sobre las que hablar<\/strong>. Las sucesivas vistas que le hemos hecho me han servido como detector de p\u00e9rdida de memoria. Adem\u00e1s de <strong>no recordar<\/strong> visitas anteriores, o vagamente, (<strong>hecho que hay que tomarse en la medida que se pueda, como una ventaja a la que hay que sacarle partido por el componente de novedad que entra\u00f1a<\/strong>), he ido percibiendo c\u00f3mo escapaban de su cabeza muchos nombres de plantas y flores conocidas y algunos recuerdos asociadas a ellas.<\/p>\n<figure id=\"attachment_4085\" aria-describedby=\"caption-attachment-4085\" style=\"width: 270px\" class=\"wp-caption alignleft\"><a href=\"https:\/\/martaberrocal.org\/es\/wp-content\/uploads\/DSC08632-Copiar.jpg\"><img loading=\"lazy\" decoding=\"async\" class=\"wp-image-4085\" src=\"https:\/\/martaberrocal.org\/es\/wp-content\/uploads\/DSC08632-Copiar-300x225.jpg\" alt=\"\" width=\"270\" height=\"202\" srcset=\"https:\/\/martaberrocal.org\/es\/wp-content\/uploads\/DSC08632-Copiar-300x225.jpg 300w, https:\/\/martaberrocal.org\/es\/wp-content\/uploads\/DSC08632-Copiar.jpg 600w\" sizes=\"auto, (max-width: 270px) 100vw, 270px\" \/><\/a><figcaption id=\"caption-attachment-4085\" class=\"wp-caption-text\">\u00abCrosandra\u00bb: Flor desconocida para nosotros<\/figcaption><\/figure>\n<p>Generalmente hac\u00edamos un recorrido aleatorio por donde nos interesaba y nos deten\u00edamos en los sitios que m\u00e1s nos llamaban la atenci\u00f3n. <strong>A veces era \u00e9l el que hac\u00eda una observaci\u00f3n, otras era yo.<\/strong> Coment\u00e1bamos por ejemplo la diversidad del color de las flores de una misma especie como los rododendros o las camelias, la vistosidad de algunas flores como las gazanias, lo elegante que nos parec\u00eda una planta determinada, etc. En el \u201cGarden\u201d siempre hay letreros y eso nos permit\u00eda <strong>ejercitar la lectura<\/strong>. Algunos nombres nos resultaban conocidos, otros nos sonaban familiares y otros no los hab\u00edamos o\u00eddo en la vida. <strong>A menudo imagin\u00e1bamos<\/strong> c\u00f3mo ser\u00eda tener mucho dinero para comprar el \u201cGarden\u201d entero y una casa con un jard\u00edn enorme para colocar todas las plantas y los \u00e1rboles en \u00e9l.<\/p>\n<p><strong>Tambi\u00e9n en alguna ocasi\u00f3n hemos rememorado juntos alg\u00fan rinc\u00f3n del jard\u00edn de la abuela<\/strong>, su madre, donde los primos hab\u00edamos pasado algunos veranos juntos. Hace ya tiempo que creo que no puede construir una imagen mental de \u00e9l.\u00a0 No obstante, yo le describ\u00eda algunos rincones tal como los recuerdo y les pon\u00edamos las flores directamente en el \u201cGarden\u201d, as\u00ed nos concentr\u00e1bamos en lo que est\u00e1bamos viendo y en los recuerdos verbales. Me parece una actividad bastante creativa, ahora que lo pienso. Nos convert\u00edamos por un rato en recreadores del jard\u00edn de la abuela aprovechando las flores que \u00edbamos encontrando y nos lo recordaban.<\/p>\n<figure id=\"attachment_4079\" aria-describedby=\"caption-attachment-4079\" style=\"width: 251px\" class=\"wp-caption alignright\"><a href=\"https:\/\/martaberrocal.org\/es\/wp-content\/uploads\/DSC08621-Copiar.jpg\"><img loading=\"lazy\" decoding=\"async\" class=\" wp-image-4079\" src=\"https:\/\/martaberrocal.org\/es\/wp-content\/uploads\/DSC08621-Copiar-300x225.jpg\" alt=\"\" width=\"251\" height=\"188\" srcset=\"https:\/\/martaberrocal.org\/es\/wp-content\/uploads\/DSC08621-Copiar-300x225.jpg 300w, https:\/\/martaberrocal.org\/es\/wp-content\/uploads\/DSC08621-Copiar.jpg 600w\" sizes=\"auto, (max-width: 251px) 100vw, 251px\" \/><\/a><figcaption id=\"caption-attachment-4079\" class=\"wp-caption-text\">Romero<\/figcaption><\/figure>\n<p><strong>Se suced\u00edan recuerdos dispersos y habl\u00e1bamos, toc\u00e1bamos y ol\u00edamos todo lo que pod\u00edamos<\/strong>. La secci\u00f3n de plantas arom\u00e1ticas era de parada obligada. Pase\u00e1bamos la nariz por encima del romero mientras yo lo agitaba un poco con delicadeza, y lo mismo sobre la lavanda y el tomillo. Cuando sal\u00edamos lo hac\u00edamos atravesando una zona con helechos. Siempre le han gustado de una manera especial y ha tenido much\u00edsimos. Ahora pr\u00e1cticamente no los reconoce y les presta poca atenci\u00f3n. Un signo inequ\u00edvoco de su deterioro.<\/p>\n<p>En otros tiempos, ambos <strong>nos hab\u00edamos divertido con los helechos<\/strong>. Conservo una serie de fotograf\u00edas que le hice un d\u00eda, a petici\u00f3n suya, que titulamos:<span style=\"color: #99cc00;\"> \u00ab<strong>El hombre-helecho<\/strong>\u00ab.<\/span><\/p>\n<figure id=\"attachment_4086\" aria-describedby=\"caption-attachment-4086\" style=\"width: 200px\" class=\"wp-caption alignleft\"><a href=\"https:\/\/martaberrocal.org\/es\/wp-content\/uploads\/DSC08634-Copiar.jpg\"><img loading=\"lazy\" decoding=\"async\" class=\"wp-image-4086\" src=\"https:\/\/martaberrocal.org\/es\/wp-content\/uploads\/DSC08634-Copiar-225x300.jpg\" alt=\"\" width=\"200\" height=\"267\" srcset=\"https:\/\/martaberrocal.org\/es\/wp-content\/uploads\/DSC08634-Copiar-225x300.jpg 225w, https:\/\/martaberrocal.org\/es\/wp-content\/uploads\/DSC08634-Copiar.jpg 450w\" sizes=\"auto, (max-width: 200px) 100vw, 200px\" \/><\/a><figcaption id=\"caption-attachment-4086\" class=\"wp-caption-text\">Helecho de los que le gustan<\/figcaption><\/figure>\n<p>Se puso debajo de un ejemplar magn\u00edfico que ten\u00eda en aquella \u00e9poca y las largas frondas le hac\u00edan las veces de peluca vegetal. Nos re\u00edmos mucho haci\u00e9ndolas. <strong>Hace poco<\/strong>, al rememorar el episodio, que \u00e9l no recuerda, pero le refer\u00ed con detalle, <strong>le propuse que participara en una nueva y simp\u00e1tica serie<\/strong>:<span style=\"color: #cc99ff;\"><strong> \u00abEl hombre-glicinia<\/strong>\u00ab<\/span>. Pos\u00f3 con gusto para m\u00ed bajo la enredadera florida del domicilio familiar y lo hizo con mucha coqueter\u00eda. Las fotograf\u00edas que hice forman parte de mi colecci\u00f3n privada.<\/p>\n<figure id=\"attachment_4077\" aria-describedby=\"caption-attachment-4077\" style=\"width: 225px\" class=\"wp-caption alignright\"><a href=\"https:\/\/martaberrocal.org\/es\/wp-content\/uploads\/DSC08577-Copiar.jpg\"><img loading=\"lazy\" decoding=\"async\" class=\"size-medium wp-image-4077\" src=\"https:\/\/martaberrocal.org\/es\/wp-content\/uploads\/DSC08577-Copiar-225x300.jpg\" alt=\"\" width=\"225\" height=\"300\" srcset=\"https:\/\/martaberrocal.org\/es\/wp-content\/uploads\/DSC08577-Copiar-225x300.jpg 225w, https:\/\/martaberrocal.org\/es\/wp-content\/uploads\/DSC08577-Copiar.jpg 450w\" sizes=\"auto, (max-width: 225px) 100vw, 225px\" \/><\/a><figcaption id=\"caption-attachment-4077\" class=\"wp-caption-text\">Glicinia (floraci\u00f3n de verano)<\/figcaption><\/figure>\n<p><strong>No s\u00e9 si podremos volver al \u201cGarden\u201d.<\/strong> Lo escribo con pena. He revivido agradablemente algunos de los ratos que hemos pasado juntos en \u00e9l mientras escrib\u00eda este art\u00edculo y he acabado acerc\u00e1ndome a \u00e9l para pedirle al amable y comprensivo jardinero que me dejara hacer unas fotos para ilustrar este art\u00edculo.<\/p>\n<p><strong>No es el alzh\u00e9imer, sino los problemas de movilidad, atribuibles a su edad y a su cojera de nacimiento, los que est\u00e1n limitando \u00faltimamente los escenarios posibles para ir a pasear.\u00a0 <\/strong><\/p>\n<p>Sin embargo, siempre trato de considerar las <strong>nuevas<\/strong> <strong>limitaciones<\/strong> que va apareciendo como <strong>nuevas oportunidades.<\/strong> No tengo ninguna duda de que encontraremos <strong>nuevos<\/strong> <strong>espacios<\/strong> para compartir <strong>nuevas<\/strong> <strong>experiencias<\/strong>, que tal vez tambi\u00e9n puedan ser objeto de un <strong>nuevo<\/strong> <strong>art\u00edculo<\/strong>.<\/p>\n<p>&nbsp;<\/p>\n","protected":false},"excerpt":{"rendered":"<p>&nbsp; Quise escribir este art\u00edculo hace tiempo, acompas\u00e1ndolo a una de las actividades conjuntas que meses atr\u00e1s estuvimos realizando mi padre y yo, pero entonces no encontr\u00e9 el momento de hacerlo y lo hago ahora, en diferido. El \u00faltimo art\u00edculo que he publicado en esta secci\u00f3n del blog, titulado: \u201c\u00bfD\u00f3nde est\u00e1n los otros?\u201d, me ha &hellip; <a href=\"https:\/\/martaberrocal.org\/es\/en-el-garden\/\" class=\"more-link\">Seguir leyendo <span class=\"screen-reader-text\">En el \u00abGarden\u00bb<\/span> <span class=\"meta-nav\">&rarr;<\/span><\/a><\/p>\n","protected":false},"author":1,"featured_media":0,"comment_status":"closed","ping_status":"closed","sticky":false,"template":"","format":"standard","meta":{"footnotes":""},"categories":[45],"tags":[54,66,79,55],"class_list":["post-4088","post","type-post","status-publish","format-standard","hentry","category-creatividad-y-alzheimer","tag-botanica","tag-emociones","tag-memoria","tag-observacion"],"_links":{"self":[{"href":"https:\/\/martaberrocal.org\/es\/wp-json\/wp\/v2\/posts\/4088","targetHints":{"allow":["GET"]}}],"collection":[{"href":"https:\/\/martaberrocal.org\/es\/wp-json\/wp\/v2\/posts"}],"about":[{"href":"https:\/\/martaberrocal.org\/es\/wp-json\/wp\/v2\/types\/post"}],"author":[{"embeddable":true,"href":"https:\/\/martaberrocal.org\/es\/wp-json\/wp\/v2\/users\/1"}],"replies":[{"embeddable":true,"href":"https:\/\/martaberrocal.org\/es\/wp-json\/wp\/v2\/comments?post=4088"}],"version-history":[{"count":5,"href":"https:\/\/martaberrocal.org\/es\/wp-json\/wp\/v2\/posts\/4088\/revisions"}],"predecessor-version":[{"id":4097,"href":"https:\/\/martaberrocal.org\/es\/wp-json\/wp\/v2\/posts\/4088\/revisions\/4097"}],"wp:attachment":[{"href":"https:\/\/martaberrocal.org\/es\/wp-json\/wp\/v2\/media?parent=4088"}],"wp:term":[{"taxonomy":"category","embeddable":true,"href":"https:\/\/martaberrocal.org\/es\/wp-json\/wp\/v2\/categories?post=4088"},{"taxonomy":"post_tag","embeddable":true,"href":"https:\/\/martaberrocal.org\/es\/wp-json\/wp\/v2\/tags?post=4088"}],"curies":[{"name":"wp","href":"https:\/\/api.w.org\/{rel}","templated":true}]}}