
{"id":4126,"date":"2017-08-30T17:12:27","date_gmt":"2017-08-30T17:12:27","guid":{"rendered":"http:\/\/martaberrocal.org\/es\/?p=4126"},"modified":"2017-08-30T17:12:27","modified_gmt":"2017-08-30T17:12:27","slug":"medio-eclipse-de-sol","status":"publish","type":"post","link":"https:\/\/martaberrocal.org\/es\/medio-eclipse-de-sol\/","title":{"rendered":"Medio eclipse de sol"},"content":{"rendered":"<p>&nbsp;<\/p>\n<p><a href=\"https:\/\/martaberrocal.org\/es\/wp-content\/uploads\/r-DSC08612-Copiar.jpg\"><img loading=\"lazy\" decoding=\"async\" class=\"alignleft size-medium wp-image-4125\" src=\"https:\/\/martaberrocal.org\/es\/wp-content\/uploads\/r-DSC08612-Copiar-300x220.jpg\" alt=\"\" width=\"300\" height=\"220\" srcset=\"https:\/\/martaberrocal.org\/es\/wp-content\/uploads\/r-DSC08612-Copiar-300x220.jpg 300w, https:\/\/martaberrocal.org\/es\/wp-content\/uploads\/r-DSC08612-Copiar.jpg 557w\" sizes=\"auto, (max-width: 300px) 100vw, 300px\" \/><\/a>Hace ya unos cuantos d\u00edas, cuando llam\u00e9 a mi padre por tel\u00e9fono con objeto de mantener nuestra conversaci\u00f3n diaria y contribuir as\u00ed a ejercitar sus capacidades, mermadas por el alzh\u00e9imer, estaba sentado bajo el tilo de su jard\u00edn.<\/p>\n<p>Es un lugar que identifico sin problemas y que puedo recrear mentalmente en muchos sentidos. A veces pasamos largos ratos sentados juntos bajo el \u00e1rbol. En aquel momento \u00e9l estaba contemplando el cielo desde donde estaba y me cont\u00f3 que justo estaba observando <strong>medio eclipse de sol<\/strong>.<\/p>\n<p><strong>\u00a1Qu\u00e9 po\u00e9tico y sugerente!<\/strong> Nunca hab\u00eda o\u00eddo hablar de medio eclipse. De uno parcial s\u00ed, pero <strong>medio<\/strong> me pareci\u00f3 mucho m\u00e1s divertido e interesante.<\/p>\n<p><img loading=\"lazy\" decoding=\"async\" class=\"aligncenter size-medium wp-image-4123\" src=\"https:\/\/martaberrocal.org\/es\/wp-content\/uploads\/telescope-2518988_1280-300x150.png\" alt=\"\" width=\"300\" height=\"150\" srcset=\"https:\/\/martaberrocal.org\/es\/wp-content\/uploads\/telescope-2518988_1280-300x150.png 300w, https:\/\/martaberrocal.org\/es\/wp-content\/uploads\/telescope-2518988_1280-768x384.png 768w, https:\/\/martaberrocal.org\/es\/wp-content\/uploads\/telescope-2518988_1280-1024x512.png 1024w, https:\/\/martaberrocal.org\/es\/wp-content\/uploads\/telescope-2518988_1280.png 1280w\" sizes=\"auto, (max-width: 300px) 100vw, 300px\" \/>No supe en realidad a qu\u00e9 se refer\u00eda exactamente as\u00ed que prefer\u00ed escuchar. Tuve la impresi\u00f3n de que tal vez hab\u00eda transformado el eclipse de luna que hab\u00eda tenido lugar unos d\u00edas antes, en un <strong>medio de sol<\/strong>. O tal vez no, y hab\u00eda integrado <strong>medios datos<\/strong> sobre un anunciado y pr\u00f3ximo eclipse total de sol, visible s\u00f3lo en Estados Unidos, y por eso s\u00f3lo ten\u00eda en mente <strong>medio eclipse<\/strong>.<\/p>\n<p>Sus explicaciones sobre \u00e9l fueron muy confusas. Creo que trataba de explicarme algo relacionado con los eclipses en general. Algo sobre \u201clos dos\u201d que lo provocaban, como si se estuviera refiriendo al sol y al objeto (la luna) que se interpone entre \u00e9l y la tierra, produciendo un transitorio apag\u00f3n solar.<\/p>\n<p>De pronto me dijo:<\/p>\n<p style=\"padding-left: 30px;\"><span style=\"color: #339966;\">&#8211; Lo que produce sombra est\u00e1 ah\u00ed. Mmmmm \u2026 Una especie de\u2026 mmmmmm\u2026 una especie de cubo con una casita encima\u2026 No s\u00e9\u2026<\/span><\/p>\n<p>Tengo la impresi\u00f3n de que cuando dice: \u201cNo s\u00e9\u201d (con tono dubitativo), es que tiene dificultades para seguir, por motivos que pueden ser diferentes.<\/p>\n<p>Pens\u00e9 que posiblemente el cubo con la casita encima deb\u00eda corresponderse con la silueta de alguno de los edificios que ve a lo lejos sentado bajo el tilo, pero no s\u00e9 realmente a qu\u00e9 se refer\u00eda.<\/p>\n<p><a href=\"https:\/\/martaberrocal.org\/es\/wp-content\/uploads\/20170830_175426-Copiar.jpg\"><img loading=\"lazy\" decoding=\"async\" class=\"alignleft wp-image-4117\" src=\"https:\/\/martaberrocal.org\/es\/wp-content\/uploads\/20170830_175426-Copiar-238x300.jpg\" alt=\"\" width=\"140\" height=\"176\" srcset=\"https:\/\/martaberrocal.org\/es\/wp-content\/uploads\/20170830_175426-Copiar-238x300.jpg 238w, https:\/\/martaberrocal.org\/es\/wp-content\/uploads\/20170830_175426-Copiar.jpg 476w\" sizes=\"auto, (max-width: 140px) 100vw, 140px\" \/><\/a><strong>Su explicaci\u00f3n me volvi\u00f3 a parecer po\u00e9tica y sugerente<\/strong>. Me hizo pensar en el Peque\u00f1o Pr\u00edncipe de Saint-Exup\u00e9ry e imagin\u00e9 un planeta c\u00fabico con una casita encima produciendo medios eclipses de sol, peri\u00f3dicamente.<\/p>\n<p>Atender sus explicaciones no cuesta. Lo que resulta dif\u00edcil es intentar racionalizar este tipo de conversaciones y adem\u00e1s creo que no tiene ning\u00fan sentido. \u00bfDe qu\u00e9 sirve tratar de convencerle de que no hay ning\u00fan eclipse si \u00e9l lo ve, aunque s\u00f3lo sea medio? \u00bfde qu\u00e9 sirve explicarle que es la luna y no un cubo con casita la que produce eclipses?<\/p>\n<p>Resulta m\u00e1s f\u00e1cil y creo que tambi\u00e9n m\u00e1s estimulante invitarle a seguir hablando y a describir o contar lo que intenta, ayud\u00e1ndole con alguna palabra, aunque le cueste, y a escuchar con paciencia sus explicaciones, que suelen ser lentas, reforz\u00e1ndolas con frases sencillas como \u00e9sta:<\/p>\n<p style=\"padding-left: 30px;\"><span style=\"color: #800080;\">&#8211; \u00a1Qu\u00e9 suerte tienes de estar viendo medio eclipse! Desde mi casa ya no puedo ver el sol, se ha escondido tras el promontorio que ocupa la casa del vecino. Los eclipses son fen\u00f3menos muy interesantes. A m\u00ed me gustan mucho.<\/span> (Contesta que a \u00e9l tambi\u00e9n)<\/p>\n<p><a href=\"https:\/\/martaberrocal.org\/es\/wp-content\/uploads\/solar-eclipse-2678411_1920.jpg\"><img loading=\"lazy\" decoding=\"async\" class=\"size-medium wp-image-4122 aligncenter\" src=\"https:\/\/martaberrocal.org\/es\/wp-content\/uploads\/solar-eclipse-2678411_1920-300x236.jpg\" alt=\"\" width=\"300\" height=\"236\" srcset=\"https:\/\/martaberrocal.org\/es\/wp-content\/uploads\/solar-eclipse-2678411_1920-300x236.jpg 300w, https:\/\/martaberrocal.org\/es\/wp-content\/uploads\/solar-eclipse-2678411_1920-768x603.jpg 768w, https:\/\/martaberrocal.org\/es\/wp-content\/uploads\/solar-eclipse-2678411_1920-1024x804.jpg 1024w, https:\/\/martaberrocal.org\/es\/wp-content\/uploads\/solar-eclipse-2678411_1920.jpg 1920w\" sizes=\"auto, (max-width: 300px) 100vw, 300px\" \/><\/a><\/p>\n<p>No recuerdo c\u00f3mo sigui\u00f3 la conversaci\u00f3n, pero s\u00e9 que saltamos a otro tema en cuanto fue posible. A veces s\u00f3lo se trata de efectuar una maniobra suave de cambio de direcci\u00f3n.<\/p>\n<p style=\"padding-left: 30px;\">&#8211;<span style=\"color: #800080;\"> Oye, mientras t\u00fa estabas ahora disfrutando del eclipse, \u00bfsabes qu\u00e9 estaba haciendo yo?<\/span><\/p>\n<p style=\"padding-left: 30px;\"><span style=\"color: #339966;\">&#8211; No, ni idea.<\/span><\/p>\n<p style=\"padding-left: 30px;\">&#8211; <span style=\"color: #800080;\">Pues estaba atando las tomateras del huerto con unas fibras vegetales que compr\u00e9 el otro d\u00eda yendo contigo.<\/span><\/p>\n<p style=\"padding-left: 30px;\"><span style=\"color: #339966;\">&#8211; \u00bfConmigo?<\/span><\/p>\n<p style=\"padding-left: 30px;\">&#8211; <span style=\"color: #800080;\">Si, no s\u00e9 si te acordar\u00e1s de que hace ya unos d\u00edas fuimos a comprar verduras y estuvimos sentados un buen rato <a href=\"https:\/\/martaberrocal.org\/es\/bajo-el-roble-a-lo-thoreau\/\"><strong>bajo un roble<\/strong>.<\/a><\/span><\/p>\n<p style=\"padding-left: 30px;\"><span style=\"color: #339966;\">&#8211; \u00bfUn roble?<\/span><\/p>\n<p style=\"padding-left: 30px;\">&#8211; <span style=\"color: #800080;\">S\u00ed, un roble al lado de una balsa con peces<\/span><\/p>\n<p style=\"padding-left: 30px;\"><span style=\"color: #339966;\">&#8211; \u00a1Ah s\u00ed, ya me acuerdo! Me gusta mucho ese sitio. \u00bfTu has estado alguna vez all\u00ed?<\/span><\/p>\n<p style=\"padding-left: 30px;\">&#8211; <span style=\"color: #800080;\">Si s\u00ed, el otro d\u00eda compr\u00e9 all\u00ed unas fibras vegetales.<\/span><img loading=\"lazy\" decoding=\"async\" class=\" wp-image-4119 alignright\" src=\"https:\/\/martaberrocal.org\/es\/wp-content\/uploads\/DSC08656-Copiar-133x300.jpg\" alt=\"\" width=\"98\" height=\"221\" srcset=\"https:\/\/martaberrocal.org\/es\/wp-content\/uploads\/DSC08656-Copiar-133x300.jpg 133w, https:\/\/martaberrocal.org\/es\/wp-content\/uploads\/DSC08656-Copiar.jpg 265w\" sizes=\"auto, (max-width: 98px) 100vw, 98px\" \/><\/p>\n<p style=\"padding-left: 30px;\"><span style=\"color: #339966;\">&#8211; \u00bfFibras vegetales?<\/span><\/p>\n<p style=\"padding-left: 30px;\">&#8211; <span style=\"color: #800080;\">S\u00ed, no sabr\u00eda decirte qu\u00e9 tipo de fibras, hay muchas diferentes. Todas est\u00e1n hechas con plantas, como la pita, el yute o la rafia. Son ideales para atar las tomateras porque son biodegradables a diferencia de los pl\u00e1sticos.<\/span><\/p>\n<p style=\"padding-left: 30px;\"><span style=\"color: #339966;\">&#8211;<strong>S\u00ed, puede ser<\/strong>.<\/span><\/p>\n<p>Esta \u00faltima frase tambi\u00e9n la usa con frecuencia. Admite como una posibilidad que lo que le cuento pueda ser cierto, pero s\u00f3lo como posibilidad. En este caso no dice: <a href=\"https:\/\/martaberrocal.org\/es\/hombre-eso-no-lo-sabia-yo\/\"><strong>\u00a1Hombre, eso no lo sab\u00eda yo!<\/strong><\/a>, cosa que hace en otras ocasiones, como ya he contado. No s\u00e9 de qu\u00e9 depende, pero tengo la impresi\u00f3n de que cuando exclama esta \u00faltima frase lo hace con sorpresa y curiosidad y ganas de saber incluso m\u00e1s cosas y lo cierto es que no todos los temas le suscitan el mismo inter\u00e9s. En este caso reconozco que el eclipse era m\u00e1s interesante que mis fibras vegetales, pero el intento de efectuar una maniobra suave de cambio de direcci\u00f3n me llev\u00f3 a ellas sin hab\u00e9rmelo propuesto.<\/p>\n<p>De las fibras saltamos al pl\u00e1stico. Le expliqu\u00e9 que tiempo atr\u00e1s hab\u00eda usado cordeles de pl\u00e1stico para atar las tomateras hasta que alguien entendido me hizo una reflexi\u00f3n y me sugiri\u00f3 que no lo volviera a emplear. No es biodegradable y hay que retirarlo manualmente de las matas cuando \u00e9stas mueren a finales de verano para evitar que caiga al suelo y se mezcle con la tierra.<img loading=\"lazy\" decoding=\"async\" class=\"alignleft size-medium wp-image-4120\" src=\"https:\/\/martaberrocal.org\/es\/wp-content\/uploads\/DSC08659-Copiar-225x300.jpg\" alt=\"\" width=\"225\" height=\"300\" srcset=\"https:\/\/martaberrocal.org\/es\/wp-content\/uploads\/DSC08659-Copiar-225x300.jpg 225w, https:\/\/martaberrocal.org\/es\/wp-content\/uploads\/DSC08659-Copiar.jpg 450w\" sizes=\"auto, (max-width: 225px) 100vw, 225px\" \/><\/p>\n<p>&#8211;<span style=\"color: #339966;\"> O sea que el pl\u00e1stico es biodegradable?<\/span><\/p>\n<p><span style=\"color: #800080;\">&#8211; No, no, lo contrario. El pl\u00e1stico no se degrada y cada a\u00f1o se recogen toneladas de pl\u00e1sticos de los mares de todo el planeta, a donde han ido a parar como residuos.<\/span><\/p>\n<p><strong><span style=\"color: #339966;\">&#8211; \u00a1Hombre eso no lo sabia yo!<\/span><\/strong><\/p>\n<p>Su frase denot\u00f3 su inter\u00e9s de forma inequ\u00edvoca. Aprovech\u00e9 y segu\u00ed proporcion\u00e1ndole toda la informaci\u00f3n que se me ocurri\u00f3 en relaci\u00f3n con el problema que representan para el planeta los residuos pl\u00e1sticos que genera el hombre. La conversaci\u00f3n fluy\u00f3 a mejor ritmo que minutos atr\u00e1s cuando empezamos con el <strong>medio eclipse<\/strong>.<\/p>\n<p>Y pocos minutos despu\u00e9s me cont\u00f3 que se hab\u00eda enterado de que en una playa de aqu\u00ed cerca ten\u00edan problemas a causa de los muchos pl\u00e1sticos acumulados y no se pod\u00edan ni ba\u00f1ar de la cantidad de botellas y eso que se hab\u00edan acumulado en \u2026 en\u2026 en\u2026<\/p>\n<p style=\"padding-left: 30px;\"><span style=\"color: #800080;\">&#8211; \u00bfEn el mar?,<\/span> le ayud\u00e9 a completar.<\/p>\n<p><strong>Puso en juego una inteligente maniobra: se apropi\u00f3 de informaciones que yo le acababa de proporcionar, las transform\u00f3 creativamente <\/strong>(probablemente las mezcl\u00f3 con otras cosas)<strong> y las hizo emerger al cabo de muy poco en la conversaci\u00f3n, participando as\u00ed en ella con mucho sentido<\/strong>. Adem\u00e1s, atribuy\u00f3 lo que sab\u00eda a que lo hab\u00eda le\u00eddo en alg\u00fan sitio. Probablemente en el peri\u00f3dico. Lo lee cada d\u00eda. Lo hace en m\u00e1s de una ocasi\u00f3n porque a menudo no se acuerda de que ya lo ha estado leyendo u hojeando. Tambi\u00e9n por el hecho de que cada vez le resultan m\u00e1s incomprensibles las noticias que en \u00e9l aparecen. \u00daltimamente, me lo comenta a menudo:<\/p>\n<p style=\"padding-left: 30px;\"><span style=\"color: #339966;\">&#8211; Oye llega un momento en que yo me pierdo con lo que pone el peri\u00f3dico.<\/span><\/p>\n<p style=\"padding-left: 30px;\"><span style=\"color: #800080;\">&#8211; \u00a1No me extra\u00f1a! le digo. \u00a1No hay quien entienda c\u00f3mo funciona el mundo! En general est\u00e1 el panorama muy loco, aqu\u00ed y en todas partes.<\/span> <span style=\"color: #999999; font-family: Calibri;\">Y manifiesta estar completamente de acuerdo conmigo.<\/span><\/p>\n<p><a href=\"https:\/\/martaberrocal.org\/es\/wp-content\/uploads\/r-solar-eclipse-2017-2670350_1920.jpg\"><img loading=\"lazy\" decoding=\"async\" class=\"aligncenter wp-image-4127\" src=\"https:\/\/martaberrocal.org\/es\/wp-content\/uploads\/r-solar-eclipse-2017-2670350_1920-300x300.jpg\" alt=\"\" width=\"166\" height=\"166\" srcset=\"https:\/\/martaberrocal.org\/es\/wp-content\/uploads\/r-solar-eclipse-2017-2670350_1920-300x300.jpg 300w, https:\/\/martaberrocal.org\/es\/wp-content\/uploads\/r-solar-eclipse-2017-2670350_1920-150x150.jpg 150w, https:\/\/martaberrocal.org\/es\/wp-content\/uploads\/r-solar-eclipse-2017-2670350_1920-768x768.jpg 768w, https:\/\/martaberrocal.org\/es\/wp-content\/uploads\/r-solar-eclipse-2017-2670350_1920-1024x1024.jpg 1024w, https:\/\/martaberrocal.org\/es\/wp-content\/uploads\/r-solar-eclipse-2017-2670350_1920.jpg 1222w\" sizes=\"auto, (max-width: 166px) 100vw, 166px\" \/><\/a><\/p>\n<p><strong>No era la primera vez que pon\u00eda en juego dicha maniobra, ni la primera vez que yo me daba cuenta. Pero s\u00ed es la primera vez que yo estuve reflexionando sobre ella. Pod\u00eda convertirse en una posible estrategia a poner en pr\u00e1ctica por mi parte ahora que hab\u00eda trascendido el terreno de las observaciones inconscientes.<\/strong><\/p>\n<p>Cuando m\u00e1s datos recientes tenga sobre un tema que sea objeto de conversaci\u00f3n entre nosotros, m\u00e1s podr\u00e1 intervenir \u00e9l, aportando la misma informaci\u00f3n (transformada) que se le acaba de proporcionar. Se trata por tanto de proporcionarle datos, entendibles y sencillos que \u00e9l pueda manejar y recordar en el transcurso del rato que dura la conversaci\u00f3n por tel\u00e9fono. As\u00ed \u00e9l se siente protagonista porque tambi\u00e9n aporta datos interesantes a la conversaci\u00f3n. Suelen ser bastante originales.<\/p>\n<p>Encuentro po\u00e9ticas sus transformaciones y tambi\u00e9n sugerentes, creativas y divertidas. <strong>Cada vez estoy m\u00e1s convencida de que el cerebro de los enfermos de alzh\u00e9imer se resiste a la desintegraci\u00f3n y sigue buscando caminos alternativos para ejercer las funciones que siempre ha llevado a cabo.<\/strong><\/p>\n<p>Me parece admirable. <strong>A un cerebro que se resiste (el suyo) pienso que hay que seguir proporcion\u00e1ndole todos los est\u00edmulos que sea posible. Y esto, para mi cerebro, es un reto fascinante.<\/strong><\/p>\n<p>&nbsp;<\/p>\n","protected":false},"excerpt":{"rendered":"<p>&nbsp; Hace ya unos cuantos d\u00edas, cuando llam\u00e9 a mi padre por tel\u00e9fono con objeto de mantener nuestra conversaci\u00f3n diaria y contribuir as\u00ed a ejercitar sus capacidades, mermadas por el alzh\u00e9imer, estaba sentado bajo el tilo de su jard\u00edn. Es un lugar que identifico sin problemas y que puedo recrear mentalmente en muchos sentidos. A &hellip; <a href=\"https:\/\/martaberrocal.org\/es\/medio-eclipse-de-sol\/\" class=\"more-link\">Seguir leyendo <span class=\"screen-reader-text\">Medio eclipse de sol<\/span> <span class=\"meta-nav\">&rarr;<\/span><\/a><\/p>\n","protected":false},"author":1,"featured_media":0,"comment_status":"closed","ping_status":"closed","sticky":false,"template":"","format":"standard","meta":{"footnotes":""},"categories":[45],"tags":[66,48,79,55,81],"class_list":["post-4126","post","type-post","status-publish","format-standard","hentry","category-creatividad-y-alzheimer","tag-emociones","tag-materiales-naturales","tag-memoria","tag-observacion","tag-paciencia"],"_links":{"self":[{"href":"https:\/\/martaberrocal.org\/es\/wp-json\/wp\/v2\/posts\/4126","targetHints":{"allow":["GET"]}}],"collection":[{"href":"https:\/\/martaberrocal.org\/es\/wp-json\/wp\/v2\/posts"}],"about":[{"href":"https:\/\/martaberrocal.org\/es\/wp-json\/wp\/v2\/types\/post"}],"author":[{"embeddable":true,"href":"https:\/\/martaberrocal.org\/es\/wp-json\/wp\/v2\/users\/1"}],"replies":[{"embeddable":true,"href":"https:\/\/martaberrocal.org\/es\/wp-json\/wp\/v2\/comments?post=4126"}],"version-history":[{"count":4,"href":"https:\/\/martaberrocal.org\/es\/wp-json\/wp\/v2\/posts\/4126\/revisions"}],"predecessor-version":[{"id":4131,"href":"https:\/\/martaberrocal.org\/es\/wp-json\/wp\/v2\/posts\/4126\/revisions\/4131"}],"wp:attachment":[{"href":"https:\/\/martaberrocal.org\/es\/wp-json\/wp\/v2\/media?parent=4126"}],"wp:term":[{"taxonomy":"category","embeddable":true,"href":"https:\/\/martaberrocal.org\/es\/wp-json\/wp\/v2\/categories?post=4126"},{"taxonomy":"post_tag","embeddable":true,"href":"https:\/\/martaberrocal.org\/es\/wp-json\/wp\/v2\/tags?post=4126"}],"curies":[{"name":"wp","href":"https:\/\/api.w.org\/{rel}","templated":true}]}}