
{"id":5448,"date":"2018-08-25T17:48:37","date_gmt":"2018-08-25T17:48:37","guid":{"rendered":"http:\/\/martaberrocal.org\/es\/?p=5448"},"modified":"2018-08-25T17:48:37","modified_gmt":"2018-08-25T17:48:37","slug":"26-enanitos","status":"publish","type":"post","link":"https:\/\/martaberrocal.org\/es\/26-enanitos\/","title":{"rendered":"26 Enanitos"},"content":{"rendered":"<p>&nbsp;<\/p>\n<figure id=\"attachment_5450\" aria-describedby=\"caption-attachment-5450\" style=\"width: 188px\" class=\"wp-caption alignleft\"><a href=\"https:\/\/martaberrocal.org\/es\/wp-content\/uploads\/R-DSC09928-Copiar.jpg\"><img loading=\"lazy\" decoding=\"async\" class=\"wp-image-5450 size-medium\" src=\"https:\/\/martaberrocal.org\/es\/wp-content\/uploads\/R-DSC09928-Copiar-188x300.jpg\" alt=\"\" width=\"188\" height=\"300\" srcset=\"https:\/\/martaberrocal.org\/es\/wp-content\/uploads\/R-DSC09928-Copiar-188x300.jpg 188w, https:\/\/martaberrocal.org\/es\/wp-content\/uploads\/R-DSC09928-Copiar.jpg 376w\" sizes=\"auto, (max-width: 188px) 100vw, 188px\" \/><\/a><figcaption id=\"caption-attachment-5450\" class=\"wp-caption-text\">Gorro de enanito<\/figcaption><\/figure>\n<p><span lang=\"ES\"><span style=\"color: #000000;\">Ha pasado pr\u00e1cticamente un a\u00f1o desde que publiqu\u00e9 el anterior art\u00edculo de esta secci\u00f3n del blog que he dedicado a la creatividad y el alzh\u00e9imer a ra\u00edz de la enfermedad que sufre mi padre desde hace a\u00f1os. \u00c9sta avanza inexorablemente, destruyendo sus recuerdos, su autonom\u00eda, su capacidad para comunicarse y todo lo que ha constituido su identidad. <\/span><\/span><\/p>\n<p><span lang=\"ES\"><span style=\"color: #000000;\">Que haya interrumpido casi un a\u00f1o la publicaci\u00f3n de art\u00edculos de esta secci\u00f3n, no se debe al hecho que haya dejado de relacionarme con mi padre durante este tiempo, todo lo contrario. Se debe al hecho de no haber dispuesto del tiempo necesario para explicar a trav\u00e9s de estos art\u00edculos las fant\u00e1sticas conversaciones que hemos compartido este \u00faltimo a\u00f1o y la bonita relaci\u00f3n que nos sigue uniendo.<\/span><\/span><\/p>\n<p><span lang=\"ES\"><span style=\"color: #000000;\">La falta de tiempo tiene que ver con mi cambio de horario y de contexto laboral. Siempre me he dedicado a la Educaci\u00f3n, pero nunca hasta este a\u00f1o hab\u00eda trabajado a tiempo completo en una escuela, con 26 enanitos a mi cargo.<\/span><\/span><\/p>\n<p><span lang=\"ES\"><span style=\"color: #000000;\">Escribo <strong>enanitos<\/strong> con respeto y cari\u00f1o. Es el t\u00e9rmino que he compartido con mi padre para referirme a mis alumnos y alumnas de segundo curso de primaria.<\/span><\/span><\/p>\n<figure id=\"attachment_5452\" aria-describedby=\"caption-attachment-5452\" style=\"width: 127px\" class=\"wp-caption alignright\"><a href=\"https:\/\/martaberrocal.org\/es\/wp-content\/uploads\/R-DSC09922-Copiar.jpg\"><img loading=\"lazy\" decoding=\"async\" class=\"wp-image-5452 size-medium\" src=\"https:\/\/martaberrocal.org\/es\/wp-content\/uploads\/R-DSC09922-Copiar-127x300.jpg\" alt=\"\" width=\"127\" height=\"300\" srcset=\"https:\/\/martaberrocal.org\/es\/wp-content\/uploads\/R-DSC09922-Copiar-127x300.jpg 127w, https:\/\/martaberrocal.org\/es\/wp-content\/uploads\/R-DSC09922-Copiar.jpg 254w\" sizes=\"auto, (max-width: 127px) 100vw, 127px\" \/><\/a><figcaption id=\"caption-attachment-5452\" class=\"wp-caption-text\">Carnaval 2018. Prototipo del gorro construido por los enanitos de segundo curso de primaria de la Escuela Montserrat Sol\u00e0.<\/figcaption><\/figure>\n<p><span lang=\"ES\"><span style=\"color: #000000;\">Siempre nos han gustado los diminutivos. En su Andaluc\u00eda natal su uso es frecuente y \u00e9l siempre los ha empleado para referirse con especial cari\u00f1o y simpat\u00eda tanto a objetos como a personas o situaciones. Tambi\u00e9n compartimos la afici\u00f3n por los seres fant\u00e1sticos. \u00a0Cuando yo era muy peque\u00f1a algunos s\u00e1bados jug\u00e1bamos a buscar enanitos en mi habitaci\u00f3n. \u00a0\u00c9l lograba atraparlos con la mano con sumo cuidado, y desaparec\u00edan en cuanto la abr\u00eda, sin que yo lograra verlos\u2026 <\/span><\/span><\/p>\n<p><strong>Los 26 enanitos de este a\u00f1o han sido reales. Y tambi\u00e9n seres fant\u00e1sticos<\/strong>. Todos con nombre propio. <strong>Se han convertido en el centro de nuestras conversaciones diarias a trav\u00e9s del tel\u00e9fono durante todos los meses que ha durado el curso.<\/strong><\/p>\n<p>Al principio dud\u00e9 que pudiera recordar el hecho de que yo trabajara en una escuela. Cada vez m\u00e1s, tiene dificultades para integrar cambios y novedades, pero en pocos d\u00edas los enanitos se convirtieron en una rutina y aun ahora, cuando escribo este art\u00edculo, a mediados de agosto, me pregunta por ellos:<\/p>\n<p style=\"padding-left: 30px;\"><span style=\"color: #339966;\">&#8211; \u00bfY c\u00f3mo van tus enanitos?<\/span><\/p>\n<p style=\"padding-left: 30px;\">&#8211;<span style=\"color: #993366;\">Siguen de vacaciones<\/span> &#8211;<span style=\"color: #999999; font-family: Calibri;\"> le explico.<\/span><\/p>\n<p style=\"padding-left: 30px;\"><span style=\"color: #339966;\">&#8211; \u00bfAh s\u00ed?, \u00a1Qu\u00e9 bien!<\/span> &#8211;<span style=\"color: #999999; font-family: Calibri;\"> contesta \u00e9l.<\/span><\/p>\n<p style=\"padding-left: 30px;\"><span style=\"color: #993366;\">&#8211; \u00a1Pues s\u00ed!.<\/span><span style=\"color: #993366;\"> Las vacaciones siempre se agradecen y son necesarias para reponer fuerzas, porque 26 enanitos desgastan mucho.<\/span><\/p>\n<p>Se lo digo con tono alegre.<\/p>\n<p style=\"padding-left: 30px;\"><span style=\"color: #339966;\">&#8211; \u00bfCu\u00e1ntos?<\/span> <span style=\"color: #999999; font-family: Calibri;\">pregunta con voz de asombro.<\/span><\/p>\n<p style=\"padding-left: 30px;\"><span style=\"color: #993366;\">&#8211; 26, 26 enanitos.<\/span><\/p>\n<p style=\"padding-left: 30px;\"><span style=\"color: #339966;\">\u00a0-\u00a1\u00a1\u00a126!!!<\/span> <span style=\"color: #999999; font-family: Calibri;\">exclama impresionado.<\/span><\/p>\n<p>Y me r\u00edo. No tengo ni idea de las veces que habr\u00e9 contestado a esta pregunta. Y \u00e9l no es consciente de las veces que me lo ha preguntado, pero, aun as\u00ed, cada vez que lo hace, me entra la risa al o\u00edr su exclamaci\u00f3n y sus observaciones posteriores:<\/p>\n<p style=\"padding-left: 30px;\"><span style=\"color: #339966;\">&#8211; Oye, pues 26 enanitos \u00a1son muchos!<\/span><\/p>\n<p style=\"padding-left: 30px;\"><span style=\"color: #993366;\">&#8211; S\u00ed, lo s\u00e9, lo s\u00e9 \u2026<\/span><\/p>\n<p>Algunas veces pregunta si tambi\u00e9n hay enanitas y le respondo afirmativamente.<\/p>\n<p>A mi padre le hubiera gustado ser maestro. Me lo ha dicho muchas veces a lo largo de este curso y se ha ofrecido innumerables veces a echarme una mano. Ya no se acuerda, pero \u00e9l hizo de maestro voluntario ayudando a algunos adultos llegados de otros pa\u00edses. Muchas personas le estuvieron agradecidas en aquella \u00e9poca y \u00e9l disfrut\u00f3 much\u00edsimo de la experiencia. Siento que lo haya olvidado. Ni se me ocurre tratar de record\u00e1rselo. Hubo un tiempo en que quiz\u00e1 ten\u00eda sentido hacerlo, pero ahora no.<\/p>\n<figure id=\"attachment_5451\" aria-describedby=\"caption-attachment-5451\" style=\"width: 145px\" class=\"wp-caption alignleft\"><a href=\"https:\/\/martaberrocal.org\/es\/wp-content\/uploads\/R-DSC09920-Copiar.jpg\"><img loading=\"lazy\" decoding=\"async\" class=\"size-medium wp-image-5451\" src=\"https:\/\/martaberrocal.org\/es\/wp-content\/uploads\/R-DSC09920-Copiar-145x300.jpg\" alt=\"\" width=\"145\" height=\"300\" srcset=\"https:\/\/martaberrocal.org\/es\/wp-content\/uploads\/R-DSC09920-Copiar-145x300.jpg 145w, https:\/\/martaberrocal.org\/es\/wp-content\/uploads\/R-DSC09920-Copiar.jpg 289w\" sizes=\"auto, (max-width: 145px) 100vw, 145px\" \/><\/a><figcaption id=\"caption-attachment-5451\" class=\"wp-caption-text\">Carnaval 2018.<br \/>Prototipo del gorro construido por los enanitos de segundo curso de primaria de la Escuela Montserrat Sol\u00e0.<\/figcaption><\/figure>\n<p>A mi padre siempre le han interesado los temas relacionados con la educaci\u00f3n y la creatividad. A lo largo de los a\u00f1os, nos hemos pasado horas y horas charlando y compartiendo intereses, ideas, lecturas, experiencias, etc. Y estoy convencida de que esto es precisamente lo que explica que sea capaz de conectar con estos temas a pesar de los estragos que la enfermedad le ha producido y que actualmente repercuten sobre todas sus capacidades.<\/p>\n<p>A lo largo de este \u00faltimo a\u00f1o no ha dejado de sorprenderme y maravillarme con su capacidad para seguir mis relatos y explicaciones diarios sobre mis fant\u00e1sticos enanitos y enanitas y para exponer sus ideas, opiniones, bromear e incluso hacer recomendaciones (eso s\u00ed, con mucha prudencia) sobre todo lo que le contaba.<\/p>\n<p><strong>Siempre me ha interesado lo que mi padre a\u00fan puede hacer y disfrutar a pesar de la enfermedad<\/strong> y no tanto lo que no puede hacer. <strong>Trato de concentrarme en lo que es posible y no dar por hecho que no es capaz de algunas cosas. Pruebo, intento, me esfuerzo<\/strong> y lo cierto es que algunos d\u00edas, no todos, las conversaciones telef\u00f3nicas que hemos mantenido podr\u00edan haber formado parte de un compendio de reflexiones profundas sobre lo que significa aprender y las infinitas maneras en que podemos hacerlo.<\/p>\n<p>Nuestro propio intercambio constituye un buen ejemplo de ello. El d\u00eda que me dijo textualmente que no s\u00f3lo disfrutaba con nuestras conversaciones, sino que tambi\u00e9n estaba aprendiendo mucho, me qued\u00e9 realmente fascinada. S\u00e9 que no ment\u00eda. Es innegable que uno aprende cuando percibe que lo hace, y en su caso adem\u00e1s le produc\u00eda una sensaci\u00f3n de bienestar y felicidad que me transmiti\u00f3 con tono euf\u00f3rico. Otra cosa diferente es que no pueda acordarse de nada de lo que hayamos hablado en cuanto cuelga el tel\u00e9fono.<\/p>\n<p>Me dio mucho que pensar su afirmaci\u00f3n. Estoy casi convencida de que el t\u00e9rmino aprendizaje se desestima con relaci\u00f3n a los enfermos de alzh\u00e9imer. Pierden facultades, cada vez saben hacer menos cosas y se olvidan de todo. Me pregunto si esto es motivo suficiente para descartar que puedan aprender y disfrutar haci\u00e9ndolo. Pienso que no. Tal como entiendo yo el t\u00e9rmino, vinculado a la idea de proceso, el aprendizaje deber\u00eda ser una constante en la vida de cualquier persona. No digo que sea f\u00e1cil que se produzca en determinadas circunstancias. Mientras escribo, siento de pronto que <strong>la clave para tratar con enfermos de alzh\u00e9imer tal vez est\u00e9 relacionada con el aprendizaje<\/strong>. Y me doy cuenta de que no es la primera vez que le doy vueltas a esta idea porque me acuerdo de una frase que dice mi padre a menudo y que me dio pie a escribir un art\u00edculo que os invito a leer: <a href=\"https:\/\/martaberrocal.org\/es\/hombre-eso-no-lo-sabia-yo\/\" target=\"_blank\" rel=\"noopener\">\u00a1Hombre, eso no lo sab\u00eda yo!<\/a><\/p>\n<p><strong>Le he agradecido casi a diario durante todo el curso que tuviera inter\u00e9s por escuchar mis relatos e ideas y por los comentarios interesantes que ha hecho<\/strong>. En cuanto me dec\u00eda:<\/p>\n<p style=\"padding-left: 30px;\"><span style=\"color: #339966;\">&#8211; Oye, si te puedo ayudar en algo \u2026<\/span><\/p>\n<p>Me daba pie a contestarle:<\/p>\n<p style=\"padding-left: 30px;\"><span style=\"color: #993366;\">&#8211; Me ayudas cada d\u00eda que hablo contigo.<\/span><\/p>\n<p style=\"padding-left: 30px;\">&#8211;<span style=\"color: #339966;\"> \u00bfS\u00ed?<\/span> <span style=\"color: #999999; font-family: Calibri;\">(pronunciado con sorpresa y seguido de una risa discreta)<\/span><\/p>\n<p style=\"padding-left: 30px;\"><span style=\"color: #993366;\">&#8211; El hecho de que me escuches con tanta atenci\u00f3n sin hacer juicios de las cosas que te cuento, constituye para m\u00ed una ayuda impresionante y te estoy muy agradecida por ello. Las conversaciones contigo me resultan muy interesantes. Me sirven para reflexionar sobre lo que he puesto en pr\u00e1ctica con los enanitos y me ayudan a percibir cosas de las que no me hab\u00eda dado cuenta. Me siento afortunada de tenerte y de que me escuches a diario con tanto inter\u00e9s. \u00a1Ya le gustar\u00eda a mucha gente tener un interlocutor tan gentil como t\u00fa para poder hablar de temas que les interesan y preocupan!<\/span><\/p>\n<p style=\"padding-left: 30px;\"><span style=\"color: #339966;\">&#8211; Oye pues te agradezco que me lo digas. <\/span><span style=\"color: #999999; font-family: Calibri;\">(Lo dice con humildad y satisfacci\u00f3n a la vez. Y luego se r\u00ede)<\/span><\/p>\n<p>Sigo, a\u00fan tengo mucho por agradecerle:<\/p>\n<p style=\"padding-left: 30px;\"><span style=\"color: #993366;\">&#8211; Me encantan tus observaciones, me inspiran. Son muchos los d\u00edas que se me ocurren ideas para poner en pr\u00e1ctica mientras hablo contigo. A veces tus preguntas me ayudan a encontrar soluciones inesperadas a cosas que necesitaba resolver. Ya sabes que a veces empiezo actividades y propuestas que no s\u00e9 exactamente en qu\u00e9 direcci\u00f3n van a crecer y mientras hablamos se me ocurre c\u00f3mo, gracias a ti.<\/span><\/p>\n<figure id=\"attachment_5453\" aria-describedby=\"caption-attachment-5453\" style=\"width: 269px\" class=\"wp-caption aligncenter\"><a href=\"https:\/\/martaberrocal.org\/es\/wp-content\/uploads\/R-DSC09927-Copiar.jpg\"><img loading=\"lazy\" decoding=\"async\" class=\"wp-image-5453 size-medium\" src=\"https:\/\/martaberrocal.org\/es\/wp-content\/uploads\/R-DSC09927-Copiar-269x300.jpg\" alt=\"\" width=\"269\" height=\"300\" srcset=\"https:\/\/martaberrocal.org\/es\/wp-content\/uploads\/R-DSC09927-Copiar-269x300.jpg 269w, https:\/\/martaberrocal.org\/es\/wp-content\/uploads\/R-DSC09927-Copiar.jpg 537w\" sizes=\"auto, (max-width: 269px) 100vw, 269px\" \/><\/a><figcaption id=\"caption-attachment-5453\" class=\"wp-caption-text\">Gorro de enanito<\/figcaption><\/figure>\n<p>He utilizado muchas frases diferentes a lo largo del a\u00f1o, pero todas en la misma l\u00ednea y con la misma intenci\u00f3n: <strong>Agradecerle a mi padre su capacidad de escucha y su empat\u00eda, as\u00ed como su ayuda diaria e incondicional.<\/strong><\/p>\n<p>Para comunicarse con \u00e9l es imprescindible transmitir ideas de forma clara, destacar lo esencial, ordenar el discurso, repetirlo, ir despacio, destacar algunos puntos, etc. As\u00ed que las circunstancias me han obligado, por as\u00ed decirlo, a realizar un ejercicio de an\u00e1lisis y s\u00edntesis diario que de otra manera no s\u00e9 si hubiera realizado. Y no ha sido s\u00f3lo un ejercicio mental porque el hecho de expresar en voz alta mis pensamientos y de o\u00edrme a m\u00ed misma pronunciarlos ha constituido un ejercicio al que le he sacado mucho partido. <strong>La reflexi\u00f3n compartida con \u00e9l sobre mi propia pr\u00e1ctica, sumada a todas sus observaciones, me han ayudado en muchos sentidos.<\/strong> \u00c9l siempre me apoya, me anima, me consuela y me escucha. Y su actitud ha contribuido a que me sintiera en muchos momentos segura y confiada, dispuesta a convivir con la frustraci\u00f3n que generan muchas situaciones, decidida a buscar soluciones imaginativas a problemas de aprendizaje y de conducta, a perseverar, a imaginar escenarios ins\u00f3litos, etc.<\/p>\n<p><strong>S\u00e9 que no recuerda mis palabras en cuanto cuelga el tel\u00e9fono, pero las emociones que siente al escucharlas no perecen en unos instantes, perduran por un tiempo que no s\u00e9 precisar y reviven.<\/strong><\/p>\n<p><strong>Cada d\u00eda puedo agradecerle su conversaci\u00f3n como si fuera la primera vez que lo hiciera y percibir la satisfacci\u00f3n que le produce saber que me ayuda<\/strong>. Puedo tambi\u00e9n escoger palabras y frases distintas y diversificar y enriquecer nuestro di\u00e1logo con matices sutiles. No se trata de un discurso repetitivo sino de un ejercicio creativo. No aburre, estimula. A los dos.<\/p>\n<p>No estoy segura de que capte mis palabras como a m\u00ed me gustar\u00eda, as\u00ed que me satisfar\u00eda que este art\u00edculo sirviera para dejar constancia del sincero agradecimiento que siento. <strong>El alzh\u00e9imer no anula las posibilidades de hacer que las personas que lo sufren, sean y se sientan, competentes, \u00fatiles y queridas.<\/strong><\/p>\n<p style=\"text-align: center;\">*<\/p>\n<p><span style=\"color: #999999; font-family: Calibri;\">Durante el curso he tratado de conectar a mi padre con mi escuela, mi aula y mis 26 enanitos de tantas maneras como se me han ocurrido. Algunas han tenido bastante \u00e9xito y otras no tanto. He guardado fotograf\u00edas y notas para recuperar, cuando pueda, algunas de las an\u00e9cdotas y de los episodios m\u00e1s bonitos que han sucedido a lo largo del a\u00f1o y darles forma de art\u00edculo.<\/span><\/p>\n","protected":false},"excerpt":{"rendered":"<p>&nbsp; Ha pasado pr\u00e1cticamente un a\u00f1o desde que publiqu\u00e9 el anterior art\u00edculo de esta secci\u00f3n del blog que he dedicado a la creatividad y el alzh\u00e9imer a ra\u00edz de la enfermedad que sufre mi padre desde hace a\u00f1os. \u00c9sta avanza inexorablemente, destruyendo sus recuerdos, su autonom\u00eda, su capacidad para comunicarse y todo lo que ha &hellip; <a href=\"https:\/\/martaberrocal.org\/es\/26-enanitos\/\" class=\"more-link\">Seguir leyendo <span class=\"screen-reader-text\">26 Enanitos<\/span> <span class=\"meta-nav\">&rarr;<\/span><\/a><\/p>\n","protected":false},"author":1,"featured_media":0,"comment_status":"closed","ping_status":"closed","sticky":false,"template":"","format":"standard","meta":{"footnotes":""},"categories":[45],"tags":[66,79,81,82],"class_list":["post-5448","post","type-post","status-publish","format-standard","hentry","category-creatividad-y-alzheimer","tag-emociones","tag-memoria","tag-paciencia","tag-risa"],"_links":{"self":[{"href":"https:\/\/martaberrocal.org\/es\/wp-json\/wp\/v2\/posts\/5448","targetHints":{"allow":["GET"]}}],"collection":[{"href":"https:\/\/martaberrocal.org\/es\/wp-json\/wp\/v2\/posts"}],"about":[{"href":"https:\/\/martaberrocal.org\/es\/wp-json\/wp\/v2\/types\/post"}],"author":[{"embeddable":true,"href":"https:\/\/martaberrocal.org\/es\/wp-json\/wp\/v2\/users\/1"}],"replies":[{"embeddable":true,"href":"https:\/\/martaberrocal.org\/es\/wp-json\/wp\/v2\/comments?post=5448"}],"version-history":[{"count":5,"href":"https:\/\/martaberrocal.org\/es\/wp-json\/wp\/v2\/posts\/5448\/revisions"}],"predecessor-version":[{"id":5457,"href":"https:\/\/martaberrocal.org\/es\/wp-json\/wp\/v2\/posts\/5448\/revisions\/5457"}],"wp:attachment":[{"href":"https:\/\/martaberrocal.org\/es\/wp-json\/wp\/v2\/media?parent=5448"}],"wp:term":[{"taxonomy":"category","embeddable":true,"href":"https:\/\/martaberrocal.org\/es\/wp-json\/wp\/v2\/categories?post=5448"},{"taxonomy":"post_tag","embeddable":true,"href":"https:\/\/martaberrocal.org\/es\/wp-json\/wp\/v2\/tags?post=5448"}],"curies":[{"name":"wp","href":"https:\/\/api.w.org\/{rel}","templated":true}]}}